{"id":3650,"date":"2025-02-28T16:03:59","date_gmt":"2025-02-28T19:03:59","guid":{"rendered":"https:\/\/itapema.cidadenoar.com.br\/2025\/02\/28\/gabriel-o-pensador-e-uma-das-atracoes-do-festival-brasileiro-da-cerveja-em-balneario-camboriu\/"},"modified":"2025-02-28T16:04:46","modified_gmt":"2025-02-28T19:04:46","slug":"gabriel-o-pensador-e-uma-das-atracoes-do-festival-brasileiro-da-cerveja-em-balneario-camboriu","status":"publish","type":"post","link":"https:\/\/cidadenoar.com\/balneariocamboriu\/geral\/gabriel-o-pensador-e-uma-das-atracoes-do-festival-brasileiro-da-cerveja-em-balneario-camboriu\/","title":{"rendered":"Gabriel o Pensador \u00e9 uma das atra\u00e7\u00f5es do Festival Brasileiro da Cerveja, em Balne\u00e1rio Cambori\u00fa"},"content":{"rendered":"\n<p><\/p>\n\n\n\n<p>O lan\u00e7amento da Semana Brasileira da Cerveja, na segunda-feira, dia 24, no Ocean Place, com a presen\u00e7a de cerca de 300 convidados, deu in\u00edcio a uma nova fase no turismo de Balne\u00e1rio Cambori\u00fa e Regi\u00e3o. De 06 a 15 de mar\u00e7o, ocorrem diversos eventos voltados para o mercado cervejeiro. E o ponto alto ser\u00e1 o Festival Brasileiro da Cerveja, com a presen\u00e7a das atra\u00e7\u00f5es nacionais de Gabriel o Pensador, Dazaranha e Marcos Kleine (Ultraje a Rigor) &amp; Marco Bianchini.<br>Diversas autoridades prestigiaram o lan\u00e7amento. O prefeito de Cambori\u00fa, Leonel Pavan, disse que quer um festival dessa amplitude no seu munic\u00edpio. Mas, de qualquer maneira, nesse momento, se colocou \u00e0 disposi\u00e7\u00e3o para trabalhar em conjunto com a prefeita de Balne\u00e1rio Cambori\u00fa, Juliana Pavan, para atrair mais turistas \u00e0 regi\u00e3o e consolidar o evento no calend\u00e1rio do litoral. \u201cEste evento s\u00e3o sair\u00e1 mais de Balne\u00e1rio Cambori\u00fa\u201d, foi categ\u00f3rico, em seu discurso, o secret\u00e1rio de Turismo, Evandro Neiva.<br>De 06 a 15 de mar\u00e7o, diversos eventos v\u00e3o ocorrer, divididos entre o Ocean Place e o Expocentro. Entre eles, constam o Hall da Fama, quando ser\u00e3o premiadas personalidades do mundo cervejeiro; o Concurso Brasileiro da Cerveja, um dos maiores independentes do mundo, o South Beer Cup; e o Congresso Internacional da Cerveja.<br>Para o concurso brasileiro j\u00e1 h\u00e1 3.468 amostras inscritas e para o South Beer Cup 406 amostras. No dia 10 de mar\u00e7o, acontece a Noite de Gala da Cerveja Brasileira, quando ser\u00e3o entregues as premia\u00e7\u00f5es. Quem quiser conhecer mais sobre esse segmento, n\u00e3o pode perder o Congresso Internacional da Cerveja, com palestrantes internacionais.<br>Durante o Festival, al\u00e9m da excelente programa\u00e7\u00e3o musical, que tamb\u00e9m conta com as atra\u00e7\u00f5es locais Vintage Cult, The Doc Perini, Star Beatles e Billbird, haver\u00e1 \u00e0 disposi\u00e7\u00e3o do p\u00fablico milhares de r\u00f3tulos de cervejas nacionais e internacionais e alta gastronomia.<br>O diretor da Semana Brasileira da Cerveja, Develon da Rocha, diz que h\u00e1 muito tempo j\u00e1 tinha o sonho de realizar um festival em Balne\u00e1rio Cambori\u00fa. Com vasta experi\u00eancia no setor, Rocha diz que est\u00e1 muito satisfeito com a receptividade das autoridades e o trade tur\u00edstico.<br>Ingressos: https:\/\/www.sympla.com.br\/evento\/passaporte-festival-brasileiro-da-cerveja\/2842578<\/p>\n","protected":false},"excerpt":{"rendered":"<p>O lan\u00e7amento da Semana Brasileira da Cerveja, na segunda-feira, dia 24, no Ocean Place, com a presen\u00e7a de cerca de 300 convidados, deu in\u00edcio a uma nova fase no turismo de Balne\u00e1rio Cambori\u00fa e Regi\u00e3o. De 06 a 15 de mar\u00e7o, ocorrem diversos eventos voltados para o mercado cervejeiro. E o ponto alto ser\u00e1 o&#8230;<\/p>\n","protected":false},"author":1,"featured_media":3651,"comment_status":"open","ping_status":"open","sticky":false,"template":"","format":"standard","meta":{"maa_idioma":"","maa_pais":"","footnotes":""},"categories":[1],"tags":[102,110],"class_list":["post-3650","post","type-post","status-publish","format-standard","has-post-thumbnail","hentry","category-geral","tag-diversao","tag-empreendedorismo"],"_links":{"self":[{"href":"https:\/\/cidadenoar.com\/balneariocamboriu\/wp-json\/wp\/v2\/posts\/3650","targetHints":{"allow":["GET"]}}],"collection":[{"href":"https:\/\/cidadenoar.com\/balneariocamboriu\/wp-json\/wp\/v2\/posts"}],"about":[{"href":"https:\/\/cidadenoar.com\/balneariocamboriu\/wp-json\/wp\/v2\/types\/post"}],"author":[{"embeddable":true,"href":"https:\/\/cidadenoar.com\/balneariocamboriu\/wp-json\/wp\/v2\/users\/1"}],"replies":[{"embeddable":true,"href":"https:\/\/cidadenoar.com\/balneariocamboriu\/wp-json\/wp\/v2\/comments?post=3650"}],"version-history":[{"count":0,"href":"https:\/\/cidadenoar.com\/balneariocamboriu\/wp-json\/wp\/v2\/posts\/3650\/revisions"}],"wp:featuredmedia":[{"embeddable":true,"href":"https:\/\/cidadenoar.com\/balneariocamboriu\/wp-json\/wp\/v2\/media\/3651"}],"wp:attachment":[{"href":"https:\/\/cidadenoar.com\/balneariocamboriu\/wp-json\/wp\/v2\/media?parent=3650"}],"wp:term":[{"taxonomy":"category","embeddable":true,"href":"https:\/\/cidadenoar.com\/balneariocamboriu\/wp-json\/wp\/v2\/categories?post=3650"},{"taxonomy":"post_tag","embeddable":true,"href":"https:\/\/cidadenoar.com\/balneariocamboriu\/wp-json\/wp\/v2\/tags?post=3650"}],"curies":[{"name":"wp","href":"https:\/\/api.w.org\/{rel}","templated":true}]}}