{"id":3703,"date":"2025-06-06T13:04:11","date_gmt":"2025-06-06T16:04:11","guid":{"rendered":"https:\/\/itapema.cidadenoar.com.br\/2025\/06\/06\/pomerode-lanca-combo-turistico-com-5-atracoes-durante-o-2o-turismo-em-foco\/"},"modified":"2025-07-27T22:26:08","modified_gmt":"2025-07-28T01:26:08","slug":"pomerode-lanca-combo-turistico-com-5-atracoes-durante-o-2o-turismo-em-foco","status":"publish","type":"post","link":"https:\/\/cidadenoar.com\/balneariocamboriu\/cultura-lazer\/pomerode-lanca-combo-turistico-com-5-atracoes-durante-o-2o-turismo-em-foco\/","title":{"rendered":"Pomerode lan\u00e7a Combo Tur\u00edstico com 5 atra\u00e7\u00f5es durante o 2\u00ba Turismo em Foco"},"content":{"rendered":"\n<p>Evento no Alles Park reuniu lideran\u00e7as do Sul do pa\u00eds e marcou o lan\u00e7amento do combo \u201cPomerode \u00e9 mais que Voc\u00ea Imagina\u201d<\/p>\n\n\n\n<p>Pomerode deu um novo passo para se consolidar como destino tur\u00edstico de experi\u00eancias em Santa Catarina. Durante o 2\u00ba Turismo em Foco, realizado nesta quinta-feira (5), no Alles Park, foi lan\u00e7ado oficialmente o combo \u201cPomerode \u00e9 mais que Voc\u00ea Imagina\u201d.&nbsp; A iniciativa re\u00fane cinco atra\u00e7\u00f5es em um \u00fanico ingresso: Alles Park, Vila Encantada, Tour Nugali, Museu do Autom\u00f3vel e Cervejaria Pomer\u00e2nia.<\/p>\n\n\n\n<p>O objetivo \u00e9 otimizar tempo, trazer uma vantagem de pre\u00e7o, principalmente para fam\u00edlias maiores, e ampliar a perman\u00eancia dos turistas na cidade. \u201cO combo mostra ao turista que Pomerode oferece uma experi\u00eancia integrada e acess\u00edvel. Esse \u00e9 o futuro do turismo: associativismo e colabora\u00e7\u00e3o para que todos cres\u00e7am juntos\u201d, explicou Anderson Grade, Gerente de Opera\u00e7\u00f5es Interparques.<\/p>\n\n\n\n<p><strong>Painel discute como o turismo impulsiona o desenvolvimento socioecon\u00f4mico<\/strong><\/p>\n\n\n\n<p>O evento contou com autoridades e lideran\u00e7as dos setores p\u00fablico e privado de Santa Catarina e do Rio Grande do Sul. Na abertura, o prefeito Rafael Ramthum destacou o papel estrat\u00e9gico do turismo para a economia de Pomerode e ressaltou o trabalho conjunto entre poder p\u00fablico, entidades e empres\u00e1rios.<\/p>\n\n\n\n<p>\u201cAs pessoas v\u00eam para c\u00e1 para ter a experi\u00eancia de conhecer a nossa cultura e as nossas tradi\u00e7\u00f5es. A proximidade das entidades, com a AVIP \u2013 Associa\u00e7\u00e3o Visite Pomerode \u2013 com os parques tem\u00e1ticos, s\u00f3 fortalece nossa economia. Cabe a n\u00f3s caminhar juntos e contribuir naquilo que for poss\u00edvel\u201d, afirmou.<\/p>\n\n\n\n<p><strong>Desafios e Oportunidades do Turismo<\/strong><\/p>\n\n\n\n<p>Temas essenciais para o fortalecimento do turismo \u2014 como a valoriza\u00e7\u00e3o da identidade local, a integra\u00e7\u00e3o entre munic\u00edpios, a busca por inova\u00e7\u00e3o, melhorias na infraestrutura e a qualifica\u00e7\u00e3o da experi\u00eancia do visitante \u2014 foram debatidos no painel \u201cO impacto do turismo no desenvolvimento socioecon\u00f4mico de um Destino\u201d, mediado por Anderson Grade, gerente geral do Grupo Interparques.<\/p>\n\n\n\n<p>Manoela Gon\u00e7alves da Costa Moschem, fundadora e CEO da Vila da M\u00f4nica, em Gramado (RS), refor\u00e7ou que preservar a ess\u00eancia local \u00e9 um dos grandes diferenciais de um destino. \u201cO destino s\u00f3 se desenvolve quando as pessoas entendem que turismo \u00e9 uma voca\u00e7\u00e3o. Encantar vem de dentro e a experi\u00eancia que o visitante sente quando est\u00e1 na cidade faz muita diferen\u00e7a\u201d.<\/p>\n\n\n\n<p>A presidente da ABIH-SC, Margot Rosenbrock Lib\u00f3rio, chamou aten\u00e7\u00e3o para um dos principais gargalos enfrentados por destinos tur\u00edsticos de pequeno porte: a capacidade hoteleira. Segundo ela, a falta de hospedagem adequada pode limitar o crescimento do setor. \u201cN\u00e3o tem turismo se n\u00e3o tiver meio de hospedagem. \u00c0s vezes o turista n\u00e3o fica, porque n\u00e3o tem onde dormir. Melhorando a ocupa\u00e7\u00e3o, melhora-se a lucratividade, o investimento e a estrutura para os colaboradores. \u00c9 um ciclo que fortalece o turismo de forma cont\u00ednua.\u201d<\/p>\n\n\n\n<p>Manfredo \u201cMani\u201d Goede, secret\u00e1rio de Turismo, Cultura e Desenvolvimento Econ\u00f4mico de Pomerode, refor\u00e7ou o papel da integra\u00e7\u00e3o regional. \u201cJ\u00e1 estamos em conversa com as cidades de Blumenau e Joinville para que juntas possamos fortalecer o turismo regional e aumentar o tempo de perman\u00eancia dos visitantes. Assim como os parques se uniram, os munic\u00edpios tamb\u00e9m precisam se unir em torno desse objetivo comum.\u201d<\/p>\n\n\n\n<p><strong>Combo Tur\u00edstico: Experi\u00eancia Integrada<\/strong><\/p>\n\n\n\n<p>O Combo <em>\u201cPomerode \u00e9 mais que Voc\u00ea Imagina\u201d<\/em> possibilita ao visitante uma jornada completa em Pomerode: brincar na neve, explorar dinossauros, conhecer os bastidores da fabrica\u00e7\u00e3o de chocolates, visitar uma cole\u00e7\u00e3o de autom\u00f3veis antigos e descobrir o processo de produ\u00e7\u00e3o da cerveja artesanal da cidade \u2014 tudo com um \u00fanico ingresso.<\/p>\n\n\n\n<p>A opera\u00e7\u00e3o do combo \u00e9 assinada pela Parksnet, principal plataforma de distribui\u00e7\u00e3o de ingressos do Brasil, respons\u00e1vel por toda a jornada do visitante \u2014 da venda digital ao suporte t\u00e9cnico e controle de acesso.<\/p>\n\n\n\n<p>\u201cPomerode \u00e9 uma cidade encantadora com enorme potencial tur\u00edstico. Estar ao lado destes atrativos como plataforma oficial refor\u00e7a o nosso compromisso com o fortalecimento do turismo nacional e com a valoriza\u00e7\u00e3o das experi\u00eancias locais\u201d, finalizou Thiago Samejima, CEO da Parksnet, que tamb\u00e9m participou do painel.<\/p>\n\n\n\n<p>Para adquirir o Combo Pomerode e ter mais informa\u00e7\u00f5es, basta acessar o site <a href=\"http:\/\/visitepomerode.com.br\/maisquevoceimagina\/ingressos\" target=\"_blank\" rel=\"noopener\">visitepomerode.com.br\/maisquevoceimagina\/ingressos<\/a>. Os passeios podem ser realizados todos no mesmo dia ou em datas diferentes, agendados diretamente pela internet.<\/p>\n","protected":false},"excerpt":{"rendered":"<p>Evento no Alles Park reuniu lideran\u00e7as do Sul do pa\u00eds e marcou o lan\u00e7amento do combo \u201cPomerode \u00e9 mais que Voc\u00ea Imagina\u201d Pomerode deu um novo passo para se consolidar como destino tur\u00edstico de experi\u00eancias em Santa Catarina. Durante o 2\u00ba Turismo em Foco, realizado nesta quinta-feira (5), no Alles Park, foi lan\u00e7ado oficialmente o&#8230;<\/p>\n","protected":false},"author":1,"featured_media":3704,"comment_status":"open","ping_status":"open","sticky":false,"template":"","format":"standard","meta":{"maa_idioma":"","maa_pais":"","footnotes":""},"categories":[145],"tags":[102,127,110,161],"class_list":["post-3703","post","type-post","status-publish","format-standard","has-post-thumbnail","hentry","category-cultura-lazer","tag-diversao","tag-economia","tag-empreendedorismo","tag-pomerode-sc"],"_links":{"self":[{"href":"https:\/\/cidadenoar.com\/balneariocamboriu\/wp-json\/wp\/v2\/posts\/3703","targetHints":{"allow":["GET"]}}],"collection":[{"href":"https:\/\/cidadenoar.com\/balneariocamboriu\/wp-json\/wp\/v2\/posts"}],"about":[{"href":"https:\/\/cidadenoar.com\/balneariocamboriu\/wp-json\/wp\/v2\/types\/post"}],"author":[{"embeddable":true,"href":"https:\/\/cidadenoar.com\/balneariocamboriu\/wp-json\/wp\/v2\/users\/1"}],"replies":[{"embeddable":true,"href":"https:\/\/cidadenoar.com\/balneariocamboriu\/wp-json\/wp\/v2\/comments?post=3703"}],"version-history":[{"count":0,"href":"https:\/\/cidadenoar.com\/balneariocamboriu\/wp-json\/wp\/v2\/posts\/3703\/revisions"}],"wp:featuredmedia":[{"embeddable":true,"href":"https:\/\/cidadenoar.com\/balneariocamboriu\/wp-json\/wp\/v2\/media\/3704"}],"wp:attachment":[{"href":"https:\/\/cidadenoar.com\/balneariocamboriu\/wp-json\/wp\/v2\/media?parent=3703"}],"wp:term":[{"taxonomy":"category","embeddable":true,"href":"https:\/\/cidadenoar.com\/balneariocamboriu\/wp-json\/wp\/v2\/categories?post=3703"},{"taxonomy":"post_tag","embeddable":true,"href":"https:\/\/cidadenoar.com\/balneariocamboriu\/wp-json\/wp\/v2\/tags?post=3703"}],"curies":[{"name":"wp","href":"https:\/\/api.w.org\/{rel}","templated":true}]}}