{"id":3759,"date":"2025-06-23T16:10:41","date_gmt":"2025-06-23T19:10:41","guid":{"rendered":"https:\/\/itapema.cidadenoar.com.br\/2025\/06\/23\/feira-logistique-2025-promove-rodada-de-negocios-para-impulsionar-o-setor-logistico-em-balneario-camboriu\/"},"modified":"2025-07-27T22:09:54","modified_gmt":"2025-07-28T01:09:54","slug":"feira-logistique-2025-promove-rodada-de-negocios-para-impulsionar-o-setor-logistico-em-balneario-camboriu","status":"publish","type":"post","link":"https:\/\/cidadenoar.com\/balneariocamboriu\/economia-negocios\/feira-logistique-2025-promove-rodada-de-negocios-para-impulsionar-o-setor-logistico-em-balneario-camboriu\/","title":{"rendered":"Feira Logistique 2025 promove rodada de neg\u00f3cios para impulsionar o setor log\u00edstico em Balne\u00e1rio Cambori\u00fa"},"content":{"rendered":"\n<p>Empresas e profissionais do setor log\u00edstico ter\u00e3o uma oportunidade estrat\u00e9gica para acelerar conex\u00f5es e fechar novos neg\u00f3cios durante a <strong>Rodada de Neg\u00f3cios da Cadeia Produtiva da Log\u00edstica<\/strong>, que acontece em <strong>14 de agosto<\/strong>, em <strong>Balne\u00e1rio Cambori\u00fa (SC)<\/strong>. A iniciativa faz parte da programa\u00e7\u00e3o oficial da <strong>Feira LOGISTIQUE 2025<\/strong>, um dos eventos mais relevantes do segmento no Sul do Brasil.<\/p>\n\n\n\n<p>Realizada pela <strong>AMATO Eventos \u2013 Desenvolvendo Neg\u00f3cios<\/strong>, com apoio da organiza\u00e7\u00e3o da Logistique, a rodada busca promover um ambiente de negocia\u00e7\u00f5es objetivas e parcerias duradouras. Voltada especialmente para <strong>compradores<\/strong> do setor log\u00edstico, a a\u00e7\u00e3o pretende aproximar demandas reais a solu\u00e7\u00f5es inovadoras e qualificadas, por meio de uma din\u00e2mica de reuni\u00f5es individuais.<\/p>\n\n\n\n<p>Segundo os organizadores, o encontro \u00e9 uma oportunidade \u00fanica para empresas que desejam identificar e captar <strong>novos fornecedores<\/strong>, diversificar seus canais de compra e estabelecer <strong>parcerias estrat\u00e9gicas<\/strong>. Ao mesmo tempo, oferece aos fornecedores a chance de apresentar seus produtos e servi\u00e7os diretamente para compradores com interesse concreto no setor.<\/p>\n\n\n\n<p>A <strong>Rodada de Neg\u00f3cios LOGISTIQUE 2025<\/strong> ser\u00e1 realizada das <strong>13h30 \u00e0s 18h<\/strong>, no endere\u00e7o da pr\u00f3pria feira, na <strong>Av. Marginal Oeste \u2013 Nova Esperan\u00e7a, Balne\u00e1rio Cambori\u00fa (SC)<\/strong>. A din\u00e2mica prev\u00ea reuni\u00f5es <strong>individuais de 10 minutos<\/strong> entre fornecedores e compradores, com total suporte da equipe organizadora para agendamentos, encaminhamentos e acompanhamento de toda a agenda.<\/p>\n\n\n\n<p>Rita Amato, <strong>realizadora do evento<\/strong>, explica que a proposta vai al\u00e9m da troca de cart\u00f5es. \u201cA rodada \u00e9 estruturada para gerar neg\u00f3cios reais. Os encontros s\u00e3o objetivos, mas com espa\u00e7o para estabelecer v\u00ednculos de confian\u00e7a e entendimento m\u00fatuo. O formato acelera negocia\u00e7\u00f5es que, fora de um evento como esse, poderiam levar semanas ou meses para acontecer.\u201d<\/p>\n\n\n\n<p>A participa\u00e7\u00e3o como <strong>comprador<\/strong> est\u00e1 aberta a empresas de diversos portes e \u00e1reas dentro da cadeia log\u00edstica: operadores log\u00edsticos, transportadoras, empresas de armazenagem, e-commerces, distribuidores, ind\u00fastrias com opera\u00e7\u00e3o pr\u00f3pria, entre outros. A curadoria da rodada garante que os encontros estejam alinhados \u00e0s demandas de cada comprador, aumentando as chances de sucesso em cada conversa.<\/p>\n\n\n\n<p>Al\u00e9m disso, ao acontecer em paralelo \u00e0 <strong>Feira Logistique<\/strong>, a rodada permite uma experi\u00eancia completa: visitantes podem conhecer tend\u00eancias, tecnologias, cases de sucesso e ainda participar de um espa\u00e7o focado em gerar neg\u00f3cios de forma direta.<\/p>\n\n\n\n<p>Interessados em participar da <strong>Rodada de Neg\u00f3cios LOGISTIQUE 2025 como compradores<\/strong> devem realizar inscri\u00e7\u00e3o antecipada pelo site oficial:<br>\ud83d\udc49 <a class=\"\" href=\"https:\/\/amato.agendarodadas.com.br\/comprador\/c\/rodada-de-negocios-logistique-2025\" target=\"_blank\" rel=\"noopener\">https:\/\/amato.agendarodadas.com.br\/comprador\/c\/rodada-de-negocios-logistique-2025<\/a><\/p>\n\n\n\n<p>Mais informa\u00e7\u00f5es sobre a feira est\u00e3o dispon\u00edveis em:<br>\ud83d\udc49 <a class=\"\" href=\"https:\/\/logistique.com.br\/\" target=\"_blank\" rel=\"noopener\">https:\/\/logistique.com.br\/<\/a><\/p>\n\n\n\n<p><\/p>\n","protected":false},"excerpt":{"rendered":"<p>Empresas e profissionais do setor log\u00edstico ter\u00e3o uma oportunidade estrat\u00e9gica para acelerar conex\u00f5es e fechar novos neg\u00f3cios durante a Rodada de Neg\u00f3cios da Cadeia Produtiva da Log\u00edstica, que acontece em 14 de agosto, em Balne\u00e1rio Cambori\u00fa (SC). A iniciativa faz parte da programa\u00e7\u00e3o oficial da Feira LOGISTIQUE 2025, um dos eventos mais relevantes do segmento&#8230;<\/p>\n","protected":false},"author":1,"featured_media":3760,"comment_status":"open","ping_status":"open","sticky":false,"template":"","format":"standard","meta":{"maa_idioma":"","maa_pais":"","footnotes":""},"categories":[146,148],"tags":[119,127,110],"class_list":["post-3759","post","type-post","status-publish","format-standard","has-post-thumbnail","hentry","category-economia-negocios","category-opiniao","tag-brasil","tag-economia","tag-empreendedorismo"],"_links":{"self":[{"href":"https:\/\/cidadenoar.com\/balneariocamboriu\/wp-json\/wp\/v2\/posts\/3759","targetHints":{"allow":["GET"]}}],"collection":[{"href":"https:\/\/cidadenoar.com\/balneariocamboriu\/wp-json\/wp\/v2\/posts"}],"about":[{"href":"https:\/\/cidadenoar.com\/balneariocamboriu\/wp-json\/wp\/v2\/types\/post"}],"author":[{"embeddable":true,"href":"https:\/\/cidadenoar.com\/balneariocamboriu\/wp-json\/wp\/v2\/users\/1"}],"replies":[{"embeddable":true,"href":"https:\/\/cidadenoar.com\/balneariocamboriu\/wp-json\/wp\/v2\/comments?post=3759"}],"version-history":[{"count":0,"href":"https:\/\/cidadenoar.com\/balneariocamboriu\/wp-json\/wp\/v2\/posts\/3759\/revisions"}],"wp:featuredmedia":[{"embeddable":true,"href":"https:\/\/cidadenoar.com\/balneariocamboriu\/wp-json\/wp\/v2\/media\/3760"}],"wp:attachment":[{"href":"https:\/\/cidadenoar.com\/balneariocamboriu\/wp-json\/wp\/v2\/media?parent=3759"}],"wp:term":[{"taxonomy":"category","embeddable":true,"href":"https:\/\/cidadenoar.com\/balneariocamboriu\/wp-json\/wp\/v2\/categories?post=3759"},{"taxonomy":"post_tag","embeddable":true,"href":"https:\/\/cidadenoar.com\/balneariocamboriu\/wp-json\/wp\/v2\/tags?post=3759"}],"curies":[{"name":"wp","href":"https:\/\/api.w.org\/{rel}","templated":true}]}}