{"id":3771,"date":"2025-07-04T19:15:42","date_gmt":"2025-07-04T22:15:42","guid":{"rendered":"https:\/\/itapema.cidadenoar.com.br\/2025\/07\/04\/felipe-airan-machado-a-trajetoria-de-quem-escolheu-servir-empresarios-que-querem-crescer-com-liberdade\/"},"modified":"2025-07-27T22:12:30","modified_gmt":"2025-07-28T01:12:30","slug":"felipe-airan-machado-a-trajetoria-de-quem-escolheu-servir-empresarios-que-querem-crescer-com-liberdade","status":"publish","type":"post","link":"https:\/\/cidadenoar.com\/balneariocamboriu\/tecnologia-educacao\/felipe-airan-machado-a-trajetoria-de-quem-escolheu-servir-empresarios-que-querem-crescer-com-liberdade\/","title":{"rendered":"Felipe Airan Machado: a trajet\u00f3ria de quem escolheu servir empres\u00e1rios que querem crescer com liberdade"},"content":{"rendered":"\n<p>A hist\u00f3ria de <strong>Felipe Airan Machado<\/strong> come\u00e7a em <strong><a href=\"https:\/\/cidadenoar.com.br\" target=\"_blank\" rel=\"noreferrer noopener\">Maring\u00e1<\/a><\/strong>, interior do Paran\u00e1, com uma caracter\u00edstica rara para algu\u00e9m t\u00e3o jovem: <strong>um senso de responsabilidade incomum<\/strong>. Aos 14 anos, deixou o aconchego da fam\u00edlia e foi sozinho para S\u00e3o Paulo com um objetivo audacioso \u2014 tornar-se jogador de futebol profissional. Entrou para a base da Portuguesa, onde se destacava pela disciplina, mas logo se viu diante de uma decis\u00e3o dif\u00edcil: <strong>abandonar o sonho para cuidar da m\u00e3e<\/strong>, Dona Maria Cafisso, que enfrentava problemas de sa\u00fade.<\/p>\n\n\n\n<p>Esse retorno precoce \u00e0 cidade natal marcou n\u00e3o s\u00f3 o fim de um ciclo, mas o in\u00edcio de outro \u2014 mais desafiador e definitivo. Come\u00e7ou a trabalhar no escrit\u00f3rio de contabilidade da fam\u00edlia e ali construiu os alicerces que sustentam sua jornada at\u00e9 hoje. Com forma\u00e7\u00e3o em <strong>Ci\u00eancias Cont\u00e1beis<\/strong> e p\u00f3s-gradua\u00e7\u00e3o em <strong>Controladoria e Ger\u00eancia Financeira<\/strong>, Felipe desenvolveu uma base s\u00f3lida, mas sua for\u00e7a veio da experi\u00eancia pr\u00e1tica.<\/p>\n\n\n\n<p><strong>S\u00e3o mais de 19 anos mergulhado no universo empresarial<\/strong>, com atendimentos presenciais a mais de mil empresas e impacto direto em mais de 3 mil alunos. Um n\u00famero que impressiona, mas que, para Felipe, <strong>n\u00e3o vale mais do que a transforma\u00e7\u00e3o real por tr\u00e1s de cada um desses atendimentos.<\/strong><\/p>\n\n\n\n<p>\u201cEu sei o que \u00e9 se sentir preso ao neg\u00f3cio. Acordar e dormir com a mente girando em torno de contas, decis\u00f5es e problemas, sem conseguir estar presente nem para si, nem para a fam\u00edlia. \u00c9 por isso que eu fa\u00e7o o que fa\u00e7o. Porque acredito que o empres\u00e1rio n\u00e3o nasceu para ser ref\u00e9m do pr\u00f3prio sistema.\u201d<\/p>\n\n\n\n<div class=\"wp-block-media-text has-media-on-the-right is-stacked-on-mobile is-style-rounded\"><div class=\"wp-block-media-text__content\">\n<p>Esse prop\u00f3sito se materializou em iniciativas que hoje t\u00eam nome e reconhecimento no pa\u00eds: <strong>a Imers\u00e3o <a href=\"https:\/\/www.negociosexponenciais.com.br\" target=\"_blank\" rel=\"noreferrer noopener\">Neg\u00f3cios Exponenciais<\/a><\/strong>, a <strong>forma\u00e7\u00e3o Mestre em Neg\u00f3cios<\/strong> e a <strong>Fraternidade AEON<\/strong>, uma comunidade fechada para empres\u00e1rios que compartilham os mesmos valores \u2014 crescimento com ess\u00eancia, prop\u00f3sito e equil\u00edbrio.<\/p>\n<\/div><figure class=\"wp-block-media-text__media\"><img loading=\"lazy\" decoding=\"async\" width=\"1536\" height=\"1023\" src=\"https:\/\/cidadenoar.com\/wp-content\/uploads\/sites\/22\/2025\/07\/WhatsApp-Image-2025-07-01-at-12.18.05-2-1536x1023.jpeg\" alt=\"\" class=\"wp-image-3773 size-full\" srcset=\"https:\/\/cidadenoar.com\/balneariocamboriu\/wp-content\/uploads\/sites\/45\/2025\/07\/WhatsApp-Image-2025-07-01-at-12.18.05-2-1536x1023.jpeg 1536w, https:\/\/cidadenoar.com\/balneariocamboriu\/wp-content\/uploads\/sites\/45\/2025\/07\/WhatsApp-Image-2025-07-01-at-12.18.05-2-768x512.jpeg 768w, https:\/\/cidadenoar.com\/balneariocamboriu\/wp-content\/uploads\/sites\/45\/2025\/07\/WhatsApp-Image-2025-07-01-at-12.18.05-2-820x545.jpeg 820w, https:\/\/cidadenoar.com\/balneariocamboriu\/wp-content\/uploads\/sites\/45\/2025\/07\/WhatsApp-Image-2025-07-01-at-12.18.05-2-600x400.jpeg 600w, https:\/\/cidadenoar.com\/balneariocamboriu\/wp-content\/uploads\/sites\/45\/2025\/07\/WhatsApp-Image-2025-07-01-at-12.18.05-2-300x200.jpeg 300w, https:\/\/cidadenoar.com\/balneariocamboriu\/wp-content\/uploads\/sites\/45\/2025\/07\/WhatsApp-Image-2025-07-01-at-12.18.05-2.jpeg 1600w\" sizes=\"auto, (max-width: 1536px) 100vw, 1536px\" \/><\/figure><\/div>\n\n\n\n<p>Mesmo com uma atua\u00e7\u00e3o forte nos palcos e bastidores do mundo corporativo, Felipe faz quest\u00e3o de deixar claro: antes de ser mentor, ele \u00e9 <strong>marido, pai, filho e amigo.<\/strong> Gosta das coisas simples: um caf\u00e9 \u00e0 mesa com quem ama, uma caminhada sem pressa, boas conversas e presen\u00e7a real. \u201cMinha fam\u00edlia \u00e9 meu alicerce. S\u00e3o eles que me mant\u00eam firme nos dias dif\u00edceis e celebram comigo cada vit\u00f3ria. Tudo o que construo aqui fora s\u00f3 tem sentido por causa do que eu tenho l\u00e1 dentro de casa.\u201d<\/p>\n\n\n\n<p>Felipe n\u00e3o se ilude com m\u00e9tricas vazias. Seu objetivo n\u00e3o \u00e9 formar multid\u00f5es, mas transformar destinos. E isso exige profundidade. \u201cQuando um empres\u00e1rio se liberta, ele n\u00e3o muda s\u00f3 a pr\u00f3pria vida. Ele muda a hist\u00f3ria da fam\u00edlia dele, a cultura da empresa e o impacto no entorno.\u201d<\/p>\n\n\n\n<div class=\"wp-block-media-text is-stacked-on-mobile is-vertically-aligned-center is-style-rounded\" style=\"grid-template-columns:30% auto\"><figure class=\"wp-block-media-text__media\"><img decoding=\"async\" src=\"https:\/\/cidadenoar.com\/wp-content\/uploads\/sites\/22\/2025\/07\/WhatsApp-Image-2025-07-01-at-12.18.05-1-225x300.jpeg\" alt=\"\" class=\"wp-image-3772 size-full\"\/><\/figure><div class=\"wp-block-media-text__content\">\n<p>Por isso, seus pr\u00f3ximos passos est\u00e3o voltados \u00e0 expans\u00e3o \u2014 <strong>n\u00e3o em volume, mas em profundidade<\/strong>. A Imers\u00e3o <a href=\"https:\/\/cidadenoar.com\/2025\/06\/23\/felipe-airan-machado-traz-a-imersao-negocios-exponenciais-para-florianopolis-com-promessa-de-crescimento-real\/\" data-type=\"post\" data-id=\"3188\">Neg\u00f3cios Exponenciais<\/a> est\u00e1 sendo fortalecida, com foco ainda mais pr\u00e1tico e aplicado, ajudando empres\u00e1rios a <strong>sair da teoria e implementar com consist\u00eancia<\/strong>. A Fraternidade AEON est\u00e1 crescendo com ainda mais qualidade, reunindo l\u00edderes dispostos a crescer juntos, trocando experi\u00eancias em um ambiente seguro e com valores s\u00f3lidos.<\/p>\n<\/div><\/div>\n\n\n\n<p>Al\u00e9m disso, Felipe prepara <strong>novos produtos e forma\u00e7\u00f5es<\/strong>, unindo tr\u00eas pilares que considera essenciais: <strong>gest\u00e3o financeira, estrat\u00e9gia de neg\u00f3cios e mentalidade de lideran\u00e7a.<\/strong> \u201cN\u00e3o existe crescimento sustent\u00e1vel sem esses fundamentos. O empres\u00e1rio precisa estar forte, mas o neg\u00f3cio tamb\u00e9m precisa funcionar sem depender dele o tempo todo.\u201d<\/p>\n\n\n\n<p>Essa vis\u00e3o ficou ainda mais clara num epis\u00f3dio marcante. Durante a prepara\u00e7\u00e3o de uma das edi\u00e7\u00f5es da imers\u00e3o, em Curitiba, a equipe enfrentou dificuldades que quase levaram ao cancelamento. Tudo parecia desmoronar \u2014 estrutura, cronograma, imprevistos. Mas, segundo ele, uma palavra recebida em ora\u00e7\u00e3o mudou tudo: <strong>\u201cPermane\u00e7am.\u201d<\/strong> E o que poderia ter sido um desastre, se transformou no evento mais impactante j\u00e1 realizado por sua equipe. \u201cFoi ali que entendemos que quando voc\u00ea permanece com f\u00e9, prop\u00f3sito e verdade, o resultado vem \u2014 \u00e0s vezes, at\u00e9 maior do que o esperado.\u201d<\/p>\n\n\n\n<p>Felipe \u00e9 esse tipo de l\u00edder. Que une <strong>f\u00e9 e estrat\u00e9gia<\/strong>, que n\u00e3o romantiza o empreendedorismo, mas tamb\u00e9m n\u00e3o se prende \u00e0 frieza dos n\u00fameros. Ele acredita que <strong>\u00e9 poss\u00edvel crescer sem perder a alma no caminho<\/strong>. E tem ajudado centenas de empres\u00e1rios a enxergarem o mesmo.<\/p>\n\n\n\n<p>Em um mundo cada vez mais imediatista e cheio de f\u00f3rmulas vazias, a mensagem de Felipe Airan \u00e9 um convite \u00e0 <strong>liberdade com responsabilidade, crescimento com consci\u00eancia e prosperidade com paz<\/strong>. Ele segue sua miss\u00e3o com os p\u00e9s no ch\u00e3o e o cora\u00e7\u00e3o no prop\u00f3sito: ver cada empres\u00e1rio voltar a sorrir, a sonhar e a viver o que realmente importa \u2014 por inteiro.<\/p>\n\n\n\n<p><em>Nota do editor:<\/em><br>Aqui no <strong><a href=\"https:\/\/cidadenoar.com\" target=\"_blank\" rel=\"noreferrer noopener\">cidadenoar.com<\/a><\/strong>, acreditamos no poder das hist\u00f3rias que inspiram e transformam \u2014 como a de Felipe Airan Machado, que tem ajudado empres\u00e1rios a reencontrarem liberdade, prop\u00f3sito e equil\u00edbrio. Como gestor da rede de portais cidadenoar, sigo com o compromisso de dar visibilidade a pessoas e projetos que, assim como ele, constroem um Brasil mais consciente, \u00e9tico e pr\u00f3spero.<\/p>\n\n\n\n<p>\u2014 <em>Jeferson Sobczack<\/em><br><em>Gestor do cidadenoar.com<\/em><\/p>\n","protected":false},"excerpt":{"rendered":"<p>Felipe Airan Machado, natural de Maring\u00e1 (PR), \u00e9 um mentor empresarial que transforma vidas ao ajudar empreendedores a sa\u00edrem do caos operacional e recuperarem sua liberdade. Com mais de 19 anos de experi\u00eancia, \u00e9 fundador da Imers\u00e3o Neg\u00f3cios Exponenciais, da forma\u00e7\u00e3o Mestre em Neg\u00f3cios e da Fraternidade AEON. Nesta mat\u00e9ria, conhe\u00e7a a trajet\u00f3ria humana e profissional de quem acredita que o empres\u00e1rio n\u00e3o precisa ser escravo do pr\u00f3prio neg\u00f3cio \u2014 e que \u00e9 poss\u00edvel crescer sem perder o que realmente importa: a paz, a fam\u00edlia e o prop\u00f3sito.<\/p>\n","protected":false},"author":1,"featured_media":3774,"comment_status":"open","ping_status":"open","sticky":false,"template":"","format":"standard","meta":{"maa_idioma":"","maa_pais":"","footnotes":""},"categories":[150,146],"tags":[127,121,110],"class_list":["post-3771","post","type-post","status-publish","format-standard","has-post-thumbnail","hentry","category-tecnologia-educacao","category-economia-negocios","tag-economia","tag-educacao","tag-empreendedorismo"],"_links":{"self":[{"href":"https:\/\/cidadenoar.com\/balneariocamboriu\/wp-json\/wp\/v2\/posts\/3771","targetHints":{"allow":["GET"]}}],"collection":[{"href":"https:\/\/cidadenoar.com\/balneariocamboriu\/wp-json\/wp\/v2\/posts"}],"about":[{"href":"https:\/\/cidadenoar.com\/balneariocamboriu\/wp-json\/wp\/v2\/types\/post"}],"author":[{"embeddable":true,"href":"https:\/\/cidadenoar.com\/balneariocamboriu\/wp-json\/wp\/v2\/users\/1"}],"replies":[{"embeddable":true,"href":"https:\/\/cidadenoar.com\/balneariocamboriu\/wp-json\/wp\/v2\/comments?post=3771"}],"version-history":[{"count":0,"href":"https:\/\/cidadenoar.com\/balneariocamboriu\/wp-json\/wp\/v2\/posts\/3771\/revisions"}],"wp:featuredmedia":[{"embeddable":true,"href":"https:\/\/cidadenoar.com\/balneariocamboriu\/wp-json\/wp\/v2\/media\/3774"}],"wp:attachment":[{"href":"https:\/\/cidadenoar.com\/balneariocamboriu\/wp-json\/wp\/v2\/media?parent=3771"}],"wp:term":[{"taxonomy":"category","embeddable":true,"href":"https:\/\/cidadenoar.com\/balneariocamboriu\/wp-json\/wp\/v2\/categories?post=3771"},{"taxonomy":"post_tag","embeddable":true,"href":"https:\/\/cidadenoar.com\/balneariocamboriu\/wp-json\/wp\/v2\/tags?post=3771"}],"curies":[{"name":"wp","href":"https:\/\/api.w.org\/{rel}","templated":true}]}}