{"id":3836,"date":"2025-07-11T22:35:26","date_gmt":"2025-07-12T01:35:26","guid":{"rendered":"https:\/\/itapema.cidadenoar.com.br\/2025\/07\/11\/policiais-penais-prestam-socorro-crucial-a-vitima-de-acidente-na-br-101-em-itajai\/"},"modified":"2025-07-27T22:13:41","modified_gmt":"2025-07-28T01:13:41","slug":"policiais-penais-prestam-socorro-crucial-a-vitima-de-acidente-na-br-101-em-itajai","status":"publish","type":"post","link":"https:\/\/cidadenoar.com\/balneariocamboriu\/guia-local\/policiais-penais-prestam-socorro-crucial-a-vitima-de-acidente-na-br-101-em-itajai\/","title":{"rendered":"Policiais Penais Prestam Socorro Crucial a V\u00edtima de Acidente na BR-101, em Itaja\u00ed"},"content":{"rendered":"\n<p>Itaja\u00ed (SC) \u2013 Um acidente de tr\u00e2nsito ocorrido na manh\u00e3 desta sexta-feira (11) mobilizou uma equipe de policiais penais que trafegava pelo km 117 da BR-101, por volta das 7h. Um ve\u00edculo Kia Bongo, atravessado na pista, apresentava risco iminente de inc\u00eandio, com o condutor desacordado e preso ao cinto de seguran\u00e7a.<br>Diante da situa\u00e7\u00e3o cr\u00edtica, os policiais penais agiram com rapidez e precis\u00e3o. Parte da equipe prestou os primeiros socorros ao motorista, que convulsionava dentro do ve\u00edculo. Ap\u00f3s estabiliza\u00e7\u00e3o inicial, a v\u00edtima foi cuidadosamente retirada e levada para uma \u00e1rea segura.<br>Paralelamente, outros agentes sinalizaram a rodovia, organizaram o fluxo de ve\u00edculos e acionaram imediatamente o SAMU e a Pol\u00edcia Rodovi\u00e1ria Federal, evitando novos acidentes e garantindo o atendimento especializado.<br>A equipe permaneceu no local at\u00e9 a chegada da concession\u00e1ria Arteris, prestando apoio \u00e0s v\u00edtimas e assegurando a seguran\u00e7a vi\u00e1ria. Ao recobrar a consci\u00eancia, o condutor do Kia Bongo relatou que se sentiu mal momentos antes da colis\u00e3o e agradeceu o atendimento \u00e1gil prestado pelos policiais. O outro motorista envolvido no acidente n\u00e3o sofreu ferimentos graves.<br>A atua\u00e7\u00e3o t\u00e9cnica, coordenada e eficiente dos policiais foi determinante para preservar vidas e demonstrou o elevado n\u00edvel de preparo dos agentes de seguran\u00e7a p\u00fablica do Estado. A a\u00e7\u00e3o tamb\u00e9m evidencia o compromisso do Governo de <a href=\"https:\/\/sc.cidadenoar.com.br\" target=\"_blank\" rel=\"noreferrer noopener\">Santa Catarina<\/a> com a valoriza\u00e7\u00e3o das for\u00e7as de seguran\u00e7a e com a prote\u00e7\u00e3o da popula\u00e7\u00e3o em situa\u00e7\u00f5es de emerg\u00eancia.<\/p>\n\n\n\n<figure class=\"wp-block-gallery has-nested-images columns-default is-cropped wp-block-gallery-1 is-layout-flex wp-block-gallery-is-layout-flex\">\n<figure class=\"wp-block-image size-large\"><img decoding=\"async\" data-id=\"3838\" src=\"https:\/\/cidadenoar.com\/wp-content\/uploads\/sites\/22\/2025\/07\/Design-sem-nome-3-819x1024.jpg\" alt=\"\" class=\"wp-image-3838\"\/><\/figure>\n\n\n\n<figure class=\"wp-block-image size-large\"><img decoding=\"async\" data-id=\"3837\" src=\"https:\/\/cidadenoar.com\/wp-content\/uploads\/sites\/22\/2025\/07\/Design-sem-nome-2-819x1024.jpg\" alt=\"\" class=\"wp-image-3837\"\/><\/figure>\n<\/figure>\n","protected":false},"excerpt":{"rendered":"<p>Itaja\u00ed (SC) \u2013 Um acidente de tr\u00e2nsito ocorrido na manh\u00e3 desta sexta-feira (11) mobilizou uma equipe de policiais penais que trafegava pelo km 117 da BR-101, por volta das 7h. Um ve\u00edculo Kia Bongo, atravessado na pista, apresentava risco iminente de inc\u00eandio, com o condutor desacordado e preso ao cinto de seguran\u00e7a.Diante da situa\u00e7\u00e3o cr\u00edtica,&#8230;<\/p>\n","protected":false},"author":1,"featured_media":3839,"comment_status":"open","ping_status":"open","sticky":false,"template":"","format":"standard","meta":{"maa_idioma":"","maa_pais":"","footnotes":""},"categories":[143,149,151],"tags":[99,106],"class_list":["post-3836","post","type-post","status-publish","format-standard","has-post-thumbnail","hentry","category-guia-local","category-politica","category-saude-bemestar","tag-saude","tag-seguranca"],"_links":{"self":[{"href":"https:\/\/cidadenoar.com\/balneariocamboriu\/wp-json\/wp\/v2\/posts\/3836","targetHints":{"allow":["GET"]}}],"collection":[{"href":"https:\/\/cidadenoar.com\/balneariocamboriu\/wp-json\/wp\/v2\/posts"}],"about":[{"href":"https:\/\/cidadenoar.com\/balneariocamboriu\/wp-json\/wp\/v2\/types\/post"}],"author":[{"embeddable":true,"href":"https:\/\/cidadenoar.com\/balneariocamboriu\/wp-json\/wp\/v2\/users\/1"}],"replies":[{"embeddable":true,"href":"https:\/\/cidadenoar.com\/balneariocamboriu\/wp-json\/wp\/v2\/comments?post=3836"}],"version-history":[{"count":0,"href":"https:\/\/cidadenoar.com\/balneariocamboriu\/wp-json\/wp\/v2\/posts\/3836\/revisions"}],"wp:featuredmedia":[{"embeddable":true,"href":"https:\/\/cidadenoar.com\/balneariocamboriu\/wp-json\/wp\/v2\/media\/3839"}],"wp:attachment":[{"href":"https:\/\/cidadenoar.com\/balneariocamboriu\/wp-json\/wp\/v2\/media?parent=3836"}],"wp:term":[{"taxonomy":"category","embeddable":true,"href":"https:\/\/cidadenoar.com\/balneariocamboriu\/wp-json\/wp\/v2\/categories?post=3836"},{"taxonomy":"post_tag","embeddable":true,"href":"https:\/\/cidadenoar.com\/balneariocamboriu\/wp-json\/wp\/v2\/tags?post=3836"}],"curies":[{"name":"wp","href":"https:\/\/api.w.org\/{rel}","templated":true}]}}