{"id":4409,"date":"2025-09-20T10:07:18","date_gmt":"2025-09-20T13:07:18","guid":{"rendered":"https:\/\/balneariocamboriu.cidadenoar.com\/geral\/conexoes-que-geram-negocios-rodada-de-negocios-sicredi-e-ampe-fortalece-empreendedorismo-em-balneario-camboriu\/"},"modified":"2025-09-20T10:07:18","modified_gmt":"2025-09-20T13:07:18","slug":"conexoes-que-geram-negocios-rodada-de-negocios-sicredi-e-ampe-fortalece-empreendedorismo-em-balneario-camboriu","status":"publish","type":"post","link":"https:\/\/cidadenoar.com\/balneariocamboriu\/economia-negocios\/conexoes-que-geram-negocios-rodada-de-negocios-sicredi-e-ampe-fortalece-empreendedorismo-em-balneario-camboriu\/","title":{"rendered":"Conex\u00f5es que Geram Neg\u00f3cios: Rodada de Neg\u00f3cios Sicredi e Ampe Fortalece Empreendedorismo em Balne\u00e1rio Cambori\u00fa"},"content":{"rendered":"\n<p>Em uma noite marcada pelo otimismo e pela for\u00e7a do empreendedorismo local, a Rodada de Neg\u00f3cios promovida pela Sicredi Vale Litoral SC em parceria com a Associa\u00e7\u00e3o de Micro e Pequenas Empresas (Ampe) de Balne\u00e1rio Cambori\u00fa e Cambori\u00fa, demonstrou na pr\u00e1tica o poder do cooperativismo e do associativismo. Realizado na \u00faltima quarta-feira, 17 de setembro, no Pac\u00edfico Empresarial, o evento reuniu dezenas de empres\u00e1rios dos mais variados segmentos, todos com um objetivo em comum: apresentar seus neg\u00f3cios, criar conex\u00f5es valiosas e semear as sementes para futuras parcerias e oportunidades.<\/p>\n\n\n\n<p>A atmosfera era de pura efervesc\u00eancia positiva. Em um formato din\u00e2mico e organizado, cada participante teve a chance de ser ouvido e de conhecer o trabalho dos demais. Mais do que uma simples troca de cart\u00f5es, a noite foi um testemunho vivo de como a colabora\u00e7\u00e3o m\u00fatua pode impulsionar o crescimento de todos. O evento \u00e9 uma pe\u00e7a fundamental na estrat\u00e9gia da Sicredi, que, como institui\u00e7\u00e3o financeira cooperativa, reinveste na comunidade e busca ativamente o desenvolvimento de seus associados.<\/p>\n\n\n\n<p>James, um dos fundadores da Sicredi Vale Litoral SC e representante da Unilas, mediador da rodada, explica a vis\u00e3o por tr\u00e1s da iniciativa. &#8220;O SICREDI tem programado 16 Rodadas de Neg\u00f3cio na sua \u00e1rea de atua\u00e7\u00e3o, tanto no Litoral Norte quanto no M\u00e9dio Vale do Itaja\u00ed, como uma pol\u00edtica de desenvolvimento econ\u00f4mico de seus cooperados. J\u00e1 realizamos rodadas em <a href=\"https:\/\/camboriu.cidadenoar.com\" target=\"_blank\" rel=\"noreferrer noopener\">Cambori\u00fa<\/a>, Bombinhas, Porto Belo, Canelinha, agora em <a href=\"https:\/\/balneariocamboriu.cidadenoar.com\" target=\"_blank\" rel=\"noreferrer noopener\">Balne\u00e1rio Cambori\u00fa<\/a> e a pr\u00f3xima ser\u00e1 em <a href=\"https:\/\/itapema.cidadenoar.com\" target=\"_blank\" rel=\"noreferrer noopener\">Itapema<\/a>. As rodadas acontecem em parceria com entidades empresariais, fortalecendo ainda mais o conceito de cooperativismo e associativismo. Em m\u00e9dia, 40 empresas participam de cada rodada, onde busca-se a forma\u00e7\u00e3o de alian\u00e7as estrat\u00e9gicas e a gera\u00e7\u00e3o de neg\u00f3cios.&#8221;<\/p>\n\n\n\n<p>Essa filosofia de apoio m\u00fatuo foi um dos pontos mais celebrados pelos participantes. Ricardo Nascimento, diretor da VIGIASEG Seguran\u00e7a Patrimonial, destacou a diferen\u00e7a fundamental da abordagem cooperativista. &#8220;Foi muito produtivo e, entre as conex\u00f5es de trabalho, acabamos conhecendo tamb\u00e9m novas pessoas e criando oportunidades futuras. Acredito que o cooperativismo tem muito a crescer, mas para isso as pessoas t\u00eam que conhecer mais a hist\u00f3ria e acreditar tamb\u00e9m. Bancos privados hoje em dia n\u00e3o oferecem oportunidades aos pequenos e m\u00e9dios empres\u00e1rios, e o cooperativismo, al\u00e9m de oferecer, ele te ajuda a fortalecer seu empreendimento.&#8221;<\/p>\n\n\n\n<p>A percep\u00e7\u00e3o de que a uni\u00e3o fortalece a economia local foi corroborada pelo presidente da Ampe, Sr. Ant\u00f4nio Demos. &#8220;Foi um momento de extrema import\u00e2ncia para o associativismo e o cooperativismo, onde os empres\u00e1rios de pequenos neg\u00f3cios puderam divulgar suas marcas e fechar neg\u00f3cios entre si. O fato de uma cooperativa de cr\u00e9dito estar promovendo um network dessa natureza evidencia ainda mais o seu compromisso com os pequenos neg\u00f3cios no que tange ao acesso ao cr\u00e9dito e ao suporte financeiro que o Sicredi vem oferecendo \u00e0s microempresas, com muita compet\u00eancia e criatividade.&#8221;<\/p>\n\n\n\n<figure class=\"wp-block-image size-large\"><img decoding=\"async\" src=\"https:\/\/cidadenoar.com\/wp-content\/uploads\/sites\/22\/2025\/09\/WhatsApp-Image-2025-09-20-at-09.25.55-1024x576.jpeg\" alt=\"\" class=\"wp-image-4410\"\/><\/figure>\n\n\n\n<p><strong>Experi\u00eancias que Transformam e Conectam<\/strong><\/p>\n\n\n\n<p>Para muitos, o evento foi uma grata surpresa, superando expectativas e gerando resultados imediatos. Daniane Farias, da Tripz Turismo e Eventos, elogiou a efic\u00e1cia do formato. &#8220;Participar da rodada de neg\u00f3cios Sicredi e Ampe foi uma experi\u00eancia incr\u00edvel. Para quem empreende, s\u00e3o tantos os eventos de network, mas as rodadas s\u00e3o muito eficazes, pois conseguimos ouvir e conhecer todas as empresas participantes e, ao final, se conectar com as que t\u00eam interesse. J\u00e1 sa\u00ed de l\u00e1 com diversos contatos e inclusive algumas pessoas para fazer or\u00e7amento de viagens. Muitas possibilidades de fechar neg\u00f3cios.&#8221;<\/p>\n\n\n\n<p>A organiza\u00e7\u00e3o e o dinamismo tamb\u00e9m foram pontos altos, como observou Andrea Fruet, advogada especialista e s\u00f3cia na Kair\u00f3s Marcas e Patentes. &#8220;Parab\u00e9ns \u00e0 Ampe BC pelo excelente evento! Bem organizado, din\u00e2mico e eficiente, onde tive a oportunidade de conhecer empreendedores dos mais diversos segmentos, fazendo parcerias e network. A rodada de neg\u00f3cios foi altamente produtiva, com troca de experi\u00eancias e viv\u00eancias.&#8221;<\/p>\n\n\n\n<p>Alexandre Lima, diretor da Leve Gest\u00e3o de Pessoas, compartilhou um sentimento semelhante. &#8220;Gostei muito. Achei muito bacana a iniciativa do Sicredi de ser ativo para promover o encontro de empres\u00e1rios e empreendedores. Foi muito bem organizado, o coffee break estava muito bom. Peguei contatos ali de poss\u00edveis parceiros, poss\u00edveis, enfim, quem sabe at\u00e9 amigos. E daqui a pouco tem neg\u00f3cios ali que podem ser fechados.&#8221;<\/p>\n\n\n\n<p>A oportunidade de apresentar a pr\u00f3pria empresa e, ao mesmo tempo, descobrir o potencial de outros neg\u00f3cios na regi\u00e3o foi valorizada por muitos, incluindo aqueles que est\u00e3o come\u00e7ando a construir sua rede de contatos. Rog\u00e9rio Fellini, da Fellini Wines, destacou a import\u00e2ncia do evento para um novo neg\u00f3cio. &#8220;Achei muito interessante. Tivemos v\u00e1rios insights ali. Al\u00e9m de contato com alguns clientes, at\u00e9 fornecedores a gente acaba encontrando. Ent\u00e3o, tanto no aspecto de neg\u00f3cios imediatos, como tamb\u00e9m na divulga\u00e7\u00e3o da nossa empresa, j\u00e1 que somos novos, de fora, e n\u00e3o conhecemos muita gente. Todo esse tipo de experi\u00eancia \u00e9 sempre muito saud\u00e1vel e importante para quem est\u00e1 chegando.&#8221;<\/p>\n\n\n\n<p><strong>O Toque Humano no Cora\u00e7\u00e3o dos Neg\u00f3cios<\/strong><\/p>\n\n\n\n<p>Mais do que transa\u00e7\u00f5es comerciais, a noite foi sobre pessoas se conectando com pessoas. Princila Andreatta, esteticista e cosmet\u00f3loga \u00e0 frente da Cl\u00ednica Est\u00e9tica Princila, capturou a ess\u00eancia do encontro de forma eloquente. &#8220;A rodada de neg\u00f3cios, com certeza, trouxe o toque humano, humanizado e a presen\u00e7a de n\u00f3s, empreendedores, colocando, de fato, a cara e mostrando nossos neg\u00f3cios, nossos servi\u00e7os e tamb\u00e9m nossa hist\u00f3ria. N\u00f3s nos conectamos, nos conhecemos melhor e conseguimos visualizar a pot\u00eancia que tem a nossa cidade. Deu para ver como tem oportunidades tanto de indicar, quanto de comprar e tamb\u00e9m de expandir. \u00c9 uma troca, uma experi\u00eancia \u00fanica, que vai ter v\u00e1rios reflexos a\u00ed na economia.&#8221;<\/p>\n\n\n\n<p>Essa sensa\u00e7\u00e3o de descoberta e potencial foi un\u00e2nime. Graziele Zago Sartori, s\u00f3cia da Brava Impress\u00f5es, afirmou: &#8220;Foi uma experi\u00eancia extremamente positiva, com a oportunidade de apresentar nossa empresa, trocar contatos estrat\u00e9gicos e ampliar nossa rede de relacionamentos. Eventos como este fortalecem o ecossistema empreendedor da regi\u00e3o e nos motivam a continuar crescendo juntos.&#8221;<\/p>\n\n\n\n<p>O sucesso do evento ecoou nas palavras de diversos outros participantes, como Rosangela da Cambori\u00fa Cons\u00f3rcios, que viu &#8220;possibilidades reais de fechamento para muitos empreendedores&#8221;, e Francielly Oliveira, da Ademicon Cons\u00f3rcios, que acredita que &#8220;sair\u00e3o bons neg\u00f3cios fruto desse evento&#8221;. Eliziane Souza, da Confec\u00e7\u00e3o Estampa Cambori\u00fa, resumiu a experi\u00eancia como &#8220;muito boa&#8221;, destacando os contatos, feedbacks e a chance de &#8220;se mostrar conhecida&#8221;. Para Reginaldo, da RJ prestadora de servi\u00e7os, que participava pela primeira vez, a impress\u00e3o foi clara: &#8220;Achei muito importante e bem legal&#8221;.<\/p>\n\n\n\n<p>Em meio a um cen\u00e1rio econ\u00f4mico que exige criatividade e colabora\u00e7\u00e3o, a Rodada de Neg\u00f3cios promovida por Sicredi e Ampe BC foi mais do que um evento. Foi uma declara\u00e7\u00e3o de que, juntos, os empreendedores locais s\u00e3o mais fortes. Foi uma prova de que, ao fomentar conex\u00f5es e acreditar no potencial da comunidade, \u00e9 poss\u00edvel construir um futuro mais pr\u00f3spero e colaborativo para todos.<\/p>\n","protected":false},"excerpt":{"rendered":"<p>Em uma noite marcada pelo otimismo e pela for\u00e7a do empreendedorismo local, a Rodada de Neg\u00f3cios promovida pela Sicredi Vale Litoral SC em parceria com a Associa\u00e7\u00e3o de Micro e Pequenas Empresas (Ampe) de Balne\u00e1rio Cambori\u00fa e Cambori\u00fa, demonstrou na pr\u00e1tica o poder do cooperativismo e do associativismo. Realizado na \u00faltima quarta-feira, 17 de setembro,&#8230;<\/p>\n","protected":false},"author":1,"featured_media":4411,"comment_status":"open","ping_status":"open","sticky":false,"template":"","format":"standard","meta":{"maa_idioma":"","maa_pais":"","footnotes":""},"categories":[146],"tags":[257,258,142,110,259],"class_list":["post-4409","post","type-post","status-publish","format-standard","has-post-thumbnail","hentry","category-economia-negocios","tag-ampe","tag-associativismo","tag-balneario-camboriu-sc","tag-empreendedorismo","tag-sicredi"],"_links":{"self":[{"href":"https:\/\/cidadenoar.com\/balneariocamboriu\/wp-json\/wp\/v2\/posts\/4409","targetHints":{"allow":["GET"]}}],"collection":[{"href":"https:\/\/cidadenoar.com\/balneariocamboriu\/wp-json\/wp\/v2\/posts"}],"about":[{"href":"https:\/\/cidadenoar.com\/balneariocamboriu\/wp-json\/wp\/v2\/types\/post"}],"author":[{"embeddable":true,"href":"https:\/\/cidadenoar.com\/balneariocamboriu\/wp-json\/wp\/v2\/users\/1"}],"replies":[{"embeddable":true,"href":"https:\/\/cidadenoar.com\/balneariocamboriu\/wp-json\/wp\/v2\/comments?post=4409"}],"version-history":[{"count":1,"href":"https:\/\/cidadenoar.com\/balneariocamboriu\/wp-json\/wp\/v2\/posts\/4409\/revisions"}],"predecessor-version":[{"id":4412,"href":"https:\/\/cidadenoar.com\/balneariocamboriu\/wp-json\/wp\/v2\/posts\/4409\/revisions\/4412"}],"wp:featuredmedia":[{"embeddable":true,"href":"https:\/\/cidadenoar.com\/balneariocamboriu\/wp-json\/wp\/v2\/media\/4411"}],"wp:attachment":[{"href":"https:\/\/cidadenoar.com\/balneariocamboriu\/wp-json\/wp\/v2\/media?parent=4409"}],"wp:term":[{"taxonomy":"category","embeddable":true,"href":"https:\/\/cidadenoar.com\/balneariocamboriu\/wp-json\/wp\/v2\/categories?post=4409"},{"taxonomy":"post_tag","embeddable":true,"href":"https:\/\/cidadenoar.com\/balneariocamboriu\/wp-json\/wp\/v2\/tags?post=4409"}],"curies":[{"name":"wp","href":"https:\/\/api.w.org\/{rel}","templated":true}]}}