{"id":4431,"date":"2025-10-17T15:07:57","date_gmt":"2025-10-17T18:07:57","guid":{"rendered":"https:\/\/balneariocamboriu.cidadenoar.com\/geral\/sofia-schaadt-prepara-festa-iconica-para-comemorar-seus-15-anos\/"},"modified":"2025-10-17T15:10:04","modified_gmt":"2025-10-17T18:10:04","slug":"sofia-schaadt-prepara-festa-iconica-para-comemorar-seus-15-anos","status":"publish","type":"post","link":"https:\/\/cidadenoar.com\/balneariocamboriu\/opiniao\/sofia-schaadt-prepara-festa-iconica-para-comemorar-seus-15-anos\/","title":{"rendered":"Sofia Schaadt prepara festa ic\u00f4nica para comemorar seus 15 anos"},"content":{"rendered":"\n<p>A influenciadora Sofia Schaadt est\u00e1 prestes a viver um dos momentos mais marcantes de sua vida: a celebra\u00e7\u00e3o de seus 15 anos. A festa, que promete ser inesquec\u00edvel, est\u00e1 marcada para o dia 31 de outubro, em <a href=\"https:\/\/balneariocamboriu.cidadenoar.com\" target=\"_blank\" rel=\"noreferrer noopener\">Balne\u00e1rio Cambori\u00fa<\/a> (SC), e vem sendo planejada com todo cuidado e carinho por Sofia e sua fam\u00edlia.<\/p>\n\n\n\n<p>Os preparativos est\u00e3o a todo vapor e ganharam um destaque nas redes sociais de Sofia, que tem compartilhado cada detalhe com seus seguidores, desde as reuni\u00f5es at\u00e9 degusta\u00e7\u00f5es de doces e pratos. \u201cTenho certeza que sentirei saudades de resolver todos esses detalhes\u201d, conta.<\/p>\n\n\n\n<p>A conex\u00e3o com o p\u00fablico tem sido um dos pontos altos da prepara\u00e7\u00e3o. A influenciadora faz quest\u00e3o de dividir o processo com quem a acompanha. \u201cAmo dividir tudo isso com as pessoas, saber da opini\u00e3o delas&#8230; peguei v\u00e1rias dicas assim, ent\u00e3o quis mostrar pra todo mundo\u201d, explicou. Segundo ela, o retorno tem sido extremamente positivo. \u201cEles t\u00eam adorado, se sentem bem pr\u00f3ximos por dividir um momento t\u00e3o importante comigo.\u201d<\/p>\n\n\n\n<p>Entre os momentos mais especiais da organiza\u00e7\u00e3o para o grande dia, Sofia destaca a companhia das pessoas que ama \u201cA parte mais divertida \u00e9 quando levo as pessoas que eu amo para participar disso comigo, como minha m\u00e3e, minhas irm\u00e3s ou amigas\u201d, diz.<\/p>\n\n\n\n<p>Um dos grandes da festa j\u00e1 come\u00e7a pelo convite, que acompanha um gloss exclusivo, desenvolvido especialmente para o evento por Sofia em parceria com a especialista em make Mari Maria. \u201cConversando com a Mari, a gente j\u00e1 tinha a ideia de fazer algo especialmente para mim.<\/p>\n\n\n\n<p>Depois da campanha do Lip Juice dela que eu fiz, tive mais certeza de que queria o gloss.\u201d Sofia ainda faz quest\u00e3o de agradecer a <a href=\"https:\/\/cidadenoar.com\" target=\"_blank\" rel=\"noreferrer noopener\">parceria<\/a>: \u201cA Mari \u00e9 uma das pessoas mais especiais e que mais quer o bem dos outros que eu conhe\u00e7o. Ela se prontificou, me levou para a f\u00e1brica e fez tudo do jeitinho que sonhei.\u201d<\/p>\n\n\n\n<p>A decora\u00e7\u00e3o da festa promete encantar: o tema ser\u00e1 inspirado na cor Tiffany, escolhida por representar n\u00e3o s\u00f3 uma marca querida pela influenciadora, mas tamb\u00e9m os tons dos olhos de Sofia. \u201cPodem esperar branco, prata e muito Tiffany na decora\u00e7\u00e3o!\u201d, adianta.<\/p>\n\n\n\n<p>Sobre o estilo da celebra\u00e7\u00e3o, ela explica que ser\u00e1 um equil\u00edbrio entre o cl\u00e1ssico e o moderno. \u201cEscolhi duas refer\u00eancias de festas completamente diferentes \u2014 uma moderna e uma tradicional \u2014 e minha cerimonialista e decoradora conseguiram juntar perfeitamente\u201d, revela.<\/p>\n\n\n\n<p>As atra\u00e7\u00f5es da noite, claro, permanecem em segredo. \u201c\u00c9 surpresa, mas vai ser incr\u00edvel\u201d, diz Sofia, que mant\u00e9m expectativas altas. \u201cEu amo uma festa e com certeza vou curtir muito a minha\u201d, afirma ela, que conta com o apoio de sua fam\u00edlia durante todo o processo. \u201cEles est\u00e3o me dando todo o apoio poss\u00edvel, vivendo e realizando esse sonho junto comigo, fazendo as degusta\u00e7\u00f5es, viajando quando precisamos resolver algo\u201d, detalha.<\/p>\n\n\n\n<p>Com tantos detalhes especiais, Sofia j\u00e1 imagina como ser\u00e1 relembrar esse momento no futuro: \u201cDa forma mais perfeita poss\u00edvel. Estamos fazendo tudo do meu jeitinho para eu poder lembrar dessa \u00e9poca t\u00e3o boa com muito carinho.\u201d<\/p>\n","protected":false},"excerpt":{"rendered":"<p>Com direito a gloss exclusivo, decora\u00e7\u00e3o em tons de Tiffany e shows de famosos, a influenciadora prepara cada detalhe para uma noite de sonhos<\/p>\n","protected":false},"author":1,"featured_media":4432,"comment_status":"open","ping_status":"open","sticky":false,"template":"","format":"standard","meta":{"maa_idioma":"","maa_pais":"","footnotes":""},"categories":[148],"tags":[264,142,265],"class_list":["post-4431","post","type-post","status-publish","format-standard","has-post-thumbnail","hentry","category-opiniao","tag-aniversario-2","tag-balneario-camboriu-sc","tag-influencers"],"_links":{"self":[{"href":"https:\/\/cidadenoar.com\/balneariocamboriu\/wp-json\/wp\/v2\/posts\/4431","targetHints":{"allow":["GET"]}}],"collection":[{"href":"https:\/\/cidadenoar.com\/balneariocamboriu\/wp-json\/wp\/v2\/posts"}],"about":[{"href":"https:\/\/cidadenoar.com\/balneariocamboriu\/wp-json\/wp\/v2\/types\/post"}],"author":[{"embeddable":true,"href":"https:\/\/cidadenoar.com\/balneariocamboriu\/wp-json\/wp\/v2\/users\/1"}],"replies":[{"embeddable":true,"href":"https:\/\/cidadenoar.com\/balneariocamboriu\/wp-json\/wp\/v2\/comments?post=4431"}],"version-history":[{"count":1,"href":"https:\/\/cidadenoar.com\/balneariocamboriu\/wp-json\/wp\/v2\/posts\/4431\/revisions"}],"predecessor-version":[{"id":4433,"href":"https:\/\/cidadenoar.com\/balneariocamboriu\/wp-json\/wp\/v2\/posts\/4431\/revisions\/4433"}],"wp:featuredmedia":[{"embeddable":true,"href":"https:\/\/cidadenoar.com\/balneariocamboriu\/wp-json\/wp\/v2\/media\/4432"}],"wp:attachment":[{"href":"https:\/\/cidadenoar.com\/balneariocamboriu\/wp-json\/wp\/v2\/media?parent=4431"}],"wp:term":[{"taxonomy":"category","embeddable":true,"href":"https:\/\/cidadenoar.com\/balneariocamboriu\/wp-json\/wp\/v2\/categories?post=4431"},{"taxonomy":"post_tag","embeddable":true,"href":"https:\/\/cidadenoar.com\/balneariocamboriu\/wp-json\/wp\/v2\/tags?post=4431"}],"curies":[{"name":"wp","href":"https:\/\/api.w.org\/{rel}","templated":true}]}}