{"id":4442,"date":"2025-12-03T22:04:53","date_gmt":"2025-12-04T01:04:53","guid":{"rendered":"https:\/\/cidadenoar.com\/balneariocamboriu\/geral\/hub-reune-empresarios-e-comunidade-em-noite-de-imersao-sobre-gestao-emocional-e-identidade-em-balneario-camboriu\/"},"modified":"2025-12-03T22:04:55","modified_gmt":"2025-12-04T01:04:55","slug":"hub-reune-empresarios-e-comunidade-em-noite-de-imersao-sobre-gestao-emocional-e-identidade-em-balneario-camboriu","status":"publish","type":"post","link":"https:\/\/cidadenoar.com\/balneariocamboriu\/economia-negocios\/hub-reune-empresarios-e-comunidade-em-noite-de-imersao-sobre-gestao-emocional-e-identidade-em-balneario-camboriu\/","title":{"rendered":"HUB re\u00fane empres\u00e1rios e comunidade em noite de imers\u00e3o sobre gest\u00e3o emocional e identidade em Balne\u00e1rio Cambori\u00fa"},"content":{"rendered":"\n<h3 class=\"wp-block-heading\">Com o tema \u201cVirando a P\u00e1gina\u201d, encontro liderado por Junior Claumann na Reino Church trouxe ferramentas de intelig\u00eancia vivencial para o planejamento de 2025.<\/h3>\n\n\n\n<p><strong>Balne\u00e1rio Cambori\u00fa<\/strong> \u2013 Nesta segunda-feira, o HUB \u2013 plataforma de desenvolvimento espiritual, humano e empresarial \u2013 realizou mais uma edi\u00e7\u00e3o de seu encontro semanal, atraindo empres\u00e1rios, l\u00edderes e fam\u00edlias \u00e0 <a href=\"https:\/\/cidadenoar.com\/opiniao\/vivendo-o-futuro-agora-minha-experiencia-na-2055-conference-da-reino-church\/\" target=\"_blank\" data-type=\"post\" data-id=\"5413\" rel=\"noreferrer noopener\">Reino Church<\/a>, na Av. Marginal Oeste. Sob o tema \u201cVirando a P\u00e1gina\u201d, a imers\u00e3o foi conduzida pelo pastor e treinador comportamental Marcelo Antunes, que apresentou uma metodologia focada em <strong>Intelig\u00eancia Vivencial<\/strong>  para quem busca resultados s\u00f3lidos no pr\u00f3ximo ano.<\/p>\n\n\n\n<p>Ao contr\u00e1rio de palestras motivacionais comuns, o encontro prop\u00f4s um mergulho nas ra\u00edzes dos comportamentos que impedem o avan\u00e7o pessoal e profissional. Segundo a organiza\u00e7\u00e3o, o objetivo foi tirar o p\u00fablico do \u201cpiloto autom\u00e1tico\u201d e provocar decis\u00f5es maduras de mudan\u00e7a.<\/p>\n\n\n\n<p><strong>&#8220;A vida acontece na velocidade que voc\u00ea determina&#8221;<\/strong> Um dos pontos centrais da noite foi a desconstru\u00e7\u00e3o da ideia de que a mudan\u00e7a de ano traz, automaticamente, mudan\u00e7a de vida. Antunes enfatizou a responsabilidade pessoal com a frase que marcou o evento: <em>\u201cA vida acontece na velocidade que voc\u00ea determina\u201d<\/em><sup><\/sup>.<\/p>\n\n\n\n<p>O palestrante explicou que essa postura n\u00e3o se trata de arrog\u00e2ncia, mas de assumir o protagonismo diante dos princ\u00edpios divinos. Ele alertou que vivemos em um mundo complexo, onde n\u00e3o basta mais ser &#8220;determinista&#8221;; \u00e9 preciso entender as probabilidades e saber navegar entre gera\u00e7\u00f5es e conflitos de ideias<sup><\/sup><sup><\/sup><sup><\/sup><sup><\/sup>.<\/p>\n\n\n\n<p><strong>As Tr\u00eas Grandes Crises da Atualidade<\/strong> Durante a <a href=\"https:\/\/cidadenoar.com\/opiniao\/empreendedorismo-com-fe-tiago-rocha-defende-principios-como-diferencial-para-negocios-que-crescem\/\" target=\"_blank\" data-type=\"post\" data-id=\"5497\" rel=\"noreferrer noopener\">palestra<\/a>, foram mapeadas as tr\u00eas principais crises que travam o desenvolvimento humano hoje, segundo a metodologia apresentada:<\/p>\n\n\n\n<ol start=\"1\" class=\"wp-block-list\">\n<li><strong>Crise de Lideran\u00e7a:<\/strong> A dificuldade de assumir a gest\u00e3o da pr\u00f3pria vida e prop\u00f3sito.<\/li>\n\n\n\n<li><strong>Crise de Car\u00e1ter:<\/strong> O perigo de negociar valores inegoci\u00e1veis. Antunes foi enf\u00e1tico: <em>&#8220;Se voc\u00ea quebrar o princ\u00edpio, o princ\u00edpio te quebra&#8221;<\/em>, citando exemplos pr\u00e1ticos de como a falta de integridade em \u00e1reas como finan\u00e7as e relacionamentos gera ciclos de derrota.<\/li>\n\n\n\n<li><strong>Crise de Identidade:<\/strong> Considerada o ponto cr\u00edtico, onde as pessoas n\u00e3o sabem quem s\u00e3o. O treinador destacou que muitos focam excessivamente no objetivo final (onde querem chegar), mas falham por n\u00e3o saberem <em>quem s\u00e3o<\/em> e <em>onde est\u00e3o<\/em> agora.<\/li>\n<\/ol>\n\n\n\n<p><strong>O Retrovisor e o Para-brisa: Gerindo o Tempo<\/strong> Para ilustrar como lidar com o passado e o futuro, foi utilizada a met\u00e1fora do autom\u00f3vel. O passado foi comparado ao <strong>retrovisor<\/strong>: \u00e9 essencial consult\u00e1-lo ocasionalmente para ter refer\u00eancia e gratid\u00e3o, mas dirigir olhando fixamente para ele causa acidentes<sup><\/sup><sup><\/sup><sup><\/sup><sup><\/sup>. <em>&#8220;O problema n\u00e3o \u00e9 ter um passado, mas ficar estacionado nele&#8221;<\/em>, pontuou o palestrante.<\/p>\n\n\n\n<p>J\u00e1 o futuro exige vis\u00e3o, mas o excesso de foco nele gera ansiedade e paralisia<sup><\/sup>. A proposta do HUB foi conduzir os participantes a viverem o <strong>presente<\/strong> com intencionalidade, estado onde residem a criatividade, a determina\u00e7\u00e3o e o poder de realiza\u00e7\u00e3o<sup><\/sup><sup><\/sup><sup><\/sup><sup><\/sup>.<\/p>\n\n\n\n<p><strong>Intelig\u00eancia Emocional e o Poder do &#8220;N\u00e3o&#8221;<\/strong> Outro momento de forte impacto foi a abordagem sobre a gest\u00e3o emocional e o esgotamento. Antunes citou um princ\u00edpio de neuroci\u00eancia aprendido com sua s\u00f3cia, Dra. Rosana Alves: <em>&#8220;<strong>Onde tem um folgado, tem um sobrecarregado<\/strong>&#8220;<\/em>.<\/p>\n\n\n\n<p>A incapacidade de dizer &#8220;n\u00e3o&#8221; foi apontada como um sintoma de rejei\u00e7\u00e3o e necessidade de aprova\u00e7\u00e3o, o que leva muitos profissionais e l\u00edderes a viverem com emo\u00e7\u00f5es dilaceradas<sup><\/sup><sup><\/sup><sup><\/sup><sup><\/sup>. O p\u00fablico participou de exerc\u00edcios pr\u00e1ticos (ferramentas de perfil comportamental) para identificar se est\u00e3o vivendo seu &#8220;comportamento natural&#8221; ou se est\u00e3o apenas se adaptando, o que gera vazio existencial a longo prazo<sup><\/sup><sup><\/sup><sup><\/sup><sup><\/sup>.<\/p>\n\n\n\n<p><strong>Um Movimento de Unidade<\/strong> Para Junior Claumann, l\u00edder do HUB, a profundidade do conte\u00fado reflete a miss\u00e3o do movimento na cidade:<\/p>\n\n\n\n<blockquote class=\"wp-block-quote is-layout-flow wp-block-quote-is-layout-flow\">\n<p>\u201cVirar a p\u00e1gina exige coragem. \u00c9 reconhecer o que precisa mudar e tomar uma decis\u00e3o madura e espiritual para avan\u00e7ar. No HUB, nosso compromisso \u00e9 criar ambientes onde as pessoas encontrem clareza, for\u00e7a e dire\u00e7\u00e3o para viverem o que Deus planejou para elas.\u201d<\/p>\n<\/blockquote>\n\n\n\n<p>O evento foi encerrado com um convite \u00e0 renova\u00e7\u00e3o da mente, baseado em princ\u00edpios b\u00edblicos de Romanos 12, incentivando os presentes a abandonarem velhas pr\u00e1ticas para experimentarem uma nova fase<sup><\/sup>.<\/p>\n\n\n\n<hr class=\"wp-block-separator has-alpha-channel-opacity\"\/>\n\n\n\n<p><strong>Servi\u00e7o<\/strong> O HUB se consolidou como ponto de encontro para quem busca alinhar f\u00e9, neg\u00f3cios e prop\u00f3sito em Balne\u00e1rio Cambori\u00fa.<\/p>\n\n\n\n<p><strong>Mais informa\u00e7\u00f5es:<\/strong> Acompanhe a agenda pelo Instagram oficial do HUB.<\/p>\n\n\n\n<p><strong>Quando:<\/strong> Encontros semanais, \u00e0s segundas-feiras, a partir das 19h.<\/p>\n\n\n\n<p><strong>Local:<\/strong> Reino Church \u2013 Av. Marginal Oeste, 200, Balne\u00e1rio Cambori\u00fa.<\/p>\n\n\n\n<p><strong>Entrada:<\/strong> Aberta \u00e0 comunidade.<\/p>\n","protected":false},"excerpt":{"rendered":"<p>Com o tema \u201cVirando a P\u00e1gina\u201d, encontro liderado por Junior Claumann na Reino Church trouxe ferramentas de intelig\u00eancia vivencial para o planejamento de 2025. Balne\u00e1rio Cambori\u00fa \u2013 Nesta segunda-feira, o HUB \u2013 plataforma de desenvolvimento espiritual, humano e empresarial \u2013 realizou mais uma edi\u00e7\u00e3o de seu encontro semanal, atraindo empres\u00e1rios, l\u00edderes e fam\u00edlias \u00e0 Reino&#8230;<\/p>\n","protected":false},"author":1,"featured_media":4443,"comment_status":"open","ping_status":"open","sticky":false,"template":"","format":"standard","meta":{"maa_idioma":"","maa_pais":"","footnotes":""},"categories":[146],"tags":[142,110,268],"class_list":["post-4442","post","type-post","status-publish","format-standard","has-post-thumbnail","hentry","category-economia-negocios","tag-balneario-camboriu-sc","tag-empreendedorismo","tag-proposito"],"_links":{"self":[{"href":"https:\/\/cidadenoar.com\/balneariocamboriu\/wp-json\/wp\/v2\/posts\/4442","targetHints":{"allow":["GET"]}}],"collection":[{"href":"https:\/\/cidadenoar.com\/balneariocamboriu\/wp-json\/wp\/v2\/posts"}],"about":[{"href":"https:\/\/cidadenoar.com\/balneariocamboriu\/wp-json\/wp\/v2\/types\/post"}],"author":[{"embeddable":true,"href":"https:\/\/cidadenoar.com\/balneariocamboriu\/wp-json\/wp\/v2\/users\/1"}],"replies":[{"embeddable":true,"href":"https:\/\/cidadenoar.com\/balneariocamboriu\/wp-json\/wp\/v2\/comments?post=4442"}],"version-history":[{"count":0,"href":"https:\/\/cidadenoar.com\/balneariocamboriu\/wp-json\/wp\/v2\/posts\/4442\/revisions"}],"wp:featuredmedia":[{"embeddable":true,"href":"https:\/\/cidadenoar.com\/balneariocamboriu\/wp-json\/wp\/v2\/media\/4443"}],"wp:attachment":[{"href":"https:\/\/cidadenoar.com\/balneariocamboriu\/wp-json\/wp\/v2\/media?parent=4442"}],"wp:term":[{"taxonomy":"category","embeddable":true,"href":"https:\/\/cidadenoar.com\/balneariocamboriu\/wp-json\/wp\/v2\/categories?post=4442"},{"taxonomy":"post_tag","embeddable":true,"href":"https:\/\/cidadenoar.com\/balneariocamboriu\/wp-json\/wp\/v2\/tags?post=4442"}],"curies":[{"name":"wp","href":"https:\/\/api.w.org\/{rel}","templated":true}]}}