{"id":1042,"date":"2023-07-11T12:07:35","date_gmt":"2023-07-11T15:07:35","guid":{"rendered":"https:\/\/cidadenoar.com\/noticia\/34531\/mecaniday-mecanizou-realizara-evento-inedito-no-brasil-para-mais-de-800-oficinas-mecanicas"},"modified":"2025-07-26T17:39:15","modified_gmt":"2025-07-26T20:39:15","slug":"mecaniday-mecanizou-realizara-evento-inedito-no-brasil-para-mais-de-800-oficinas-mecanicas","status":"publish","type":"post","link":"https:\/\/cidadenoar.com\/global\/economia-negocios\/mecaniday-mecanizou-realizara-evento-inedito-no-brasil-para-mais-de-800-oficinas-mecanicas\/","title":{"rendered":"Mecaniday: Mecanizou realizar\u00e1 evento in\u00e9dito no Brasil para mais de 800 oficinas mec\u00e2nicas"},"content":{"rendered":"<p><small id=\"v_data\">10\/07\/2023 \u00e0s 16h42min &#8211; Atualizada em 11\/07\/2023 \u00e0s 12h06min<\/small> <\/p>\n<h4>Evento ser\u00e1 realizado no pr\u00f3ximo dia 22 de julho no espa\u00e7o Villa Lobos em S\u00e3o Paulo, e ir\u00e1 abordar a inova\u00e7\u00e3o e tecnologia no setor de autos &amp; servi\u00e7os<\/h4>\n<p>Reda\u00e7\u00e3o<\/p>\n<p> <small class=\"small\"><\/small> <\/p>\n<div id=\"texto_release_format\" readability=\"75.548858447489\">\n<div class=\"boxhtml_full\"> <a href=\"34531\/10074109_eventos-de.jpg.jpg\" title data-gallery> <img \/image?src=34531\/10074109_eventos-de.jpg.jpg&amp;w=1200&amp;h=630&amp;output=webp\" align=\"left\" class=\"img-responsive\"> <\/a><\/div>\n<p>&nbsp; <\/p>\n<p><span><span><span><span><span><span>No dia 22 de julho, ser\u00e1 realizado pela primeira vez em S\u00e3o Paulo, o <\/span><\/span><\/span><\/span><\/span><\/span><span><span><span><span><span><span>Mecaniday<\/span><\/span><\/span><\/span><\/span><\/span><span><span><span><span><span><span>, primeiro evento corporativo focado em profissionais do setor de autos &amp; servi\u00e7os. O evento tem como objetivo abordar a tecnologia como inova\u00e7\u00e3o no setor de autos e servi\u00e7os. A Mecanizou, marketplace de pe\u00e7as automotivas para oficinas mec\u00e2nicas, \u00e9 a organizadora da iniciativa in\u00e9dita e a empresa pretende transformar a data num marco anual do calend\u00e1rio social do setor. <\/span><\/span><\/span><\/span><\/span><\/span><\/p>\n<p><span><span><span><span><span><span>O evento, que projeta receber cerca de 1.500 convidados &#8211; todos clientes inscritos na base da plataforma Mecanizou -, ter\u00e1 uma programa\u00e7\u00e3o de pain\u00e9is sobre o ecossistema, al\u00e9m de contar com ativa\u00e7\u00f5es, sorteios com benef\u00edcios \u00e0s oficinas cadastradas na plataforma, como um pr\u00eamio de at\u00e9 20 mil reais para reformar a oficina, entre outras atra\u00e7\u00f5es. O evento ser\u00e1 transmitido via <\/span><\/span><\/span><\/span><\/span><\/span><a href=\"https:\/\/www.instagram.com\/mecanizouoficial\/\" target=\"_blank\" rel=\"noopener\"><span><span><span><span><span><span><span><span>redes sociais<\/span><\/span><\/span><\/span><\/span><\/span><\/span><\/span><\/a><span><span><span><span><span><span> da Mecanizou.<\/span><\/span><\/span><\/span><\/span><\/span><\/p>\n<p><span><span><span><span><span><span>O Mecaniday tir\u00e1 contar com a participa\u00e7\u00e3o de influenciadores do segmento, al\u00e9m de promover debatess sobre assuntos como: A import\u00e2ncia dos mec\u00e2nicos no setor; Valoriza\u00e7\u00e3o do cliente; Como a Mecanizou est\u00e1 revolucionando o mercado automotivo expandindo possibilidades e oportunidades com tecnologia e inova\u00e7\u00e3o; Al\u00e9m de apresentar a feature da plataforma (novo produto) que facilitar\u00e1 ainda mais a vida das oficinas.<\/span><\/span><\/span><\/span><\/span><\/span><\/p>\n<p><span><span><span><span><span><span>\u201cO Mecaniday vem para refor\u00e7ar o prop\u00f3sito da Mecanizou de valorizar o papel do Mec\u00e2nico no Ecossistema. Com tecnologia e inova\u00e7\u00e3o, vamos encurtar os desafios de todos os setores da ind\u00fastria com o aplicador.\u201d, diz Ian Faria, fundador e CEO da Mecanizou\u201d<\/span><\/span><\/span><\/span><\/span><\/span><\/p>\n<p><span><span><span><span><span><span>Fundada em 2021 por Ian Faria e Andr\u00e9 Sim\u00f5es, ambos com mais de 10 anos trabalhando em startups e conhecimento amplo nas \u00e1reas de marketplace, log\u00edstica e tech, a Mecanizou conecta mais de 300 fornecedores\/distribuidores com oficinas mec\u00e2nicas, oferecendo mais de 800 mil pe\u00e7as dispon\u00edveis na plataforma &#8211; considerado o maior estoque de pe\u00e7as do Brasil -, com o objetivo de facilitar a vida dos mec\u00e2nicos, revolucionando o mercado automotivo com inova\u00e7\u00e3o e tecnologia. Com isso, a Mecanizou promete aumentar a produtividade das oficinas (n\u00famero de carros que consegue atender por m\u00eas) em at\u00e9 30%.<\/span><\/span><\/span><\/span><\/span><\/span><\/p>\n<p>&nbsp;<\/div>\n<p> <img decoding=\"async\" src=\"http:\/\/portal.cidadenoar.com.br\/wp-content\/uploads\/sites\/22\/2024\/12\/mecaniday-mecanizou-realizara-evento-inedito-no-brasil-para-mais-de-800-oficinas-mecanicas.jpg\" alt=\"\" title=\"\"><\/p>\n","protected":false},"excerpt":{"rendered":"<p>10\/07\/2023 \u00e0s 16h42min &#8211; Atualizada em 11\/07\/2023 \u00e0s 12h06min Evento ser\u00e1 realizado no pr\u00f3ximo dia 22 de julho no espa\u00e7o Villa Lobos em S\u00e3o Paulo, e ir\u00e1 abordar a inova\u00e7\u00e3o e tecnologia no setor de autos &amp; servi\u00e7os Reda\u00e7\u00e3o<\/p>\n","protected":false},"author":1,"featured_media":0,"comment_status":"closed","ping_status":"closed","sticky":false,"template":"","format":"standard","meta":{"footnotes":""},"categories":[289],"tags":[38],"class_list":["post-1042","post","type-post","status-publish","format-standard","hentry","category-economia-negocios","tag-autos"],"_links":{"self":[{"href":"https:\/\/cidadenoar.com\/global\/wp-json\/wp\/v2\/posts\/1042","targetHints":{"allow":["GET"]}}],"collection":[{"href":"https:\/\/cidadenoar.com\/global\/wp-json\/wp\/v2\/posts"}],"about":[{"href":"https:\/\/cidadenoar.com\/global\/wp-json\/wp\/v2\/types\/post"}],"author":[{"embeddable":true,"href":"https:\/\/cidadenoar.com\/global\/wp-json\/wp\/v2\/users\/1"}],"replies":[{"embeddable":true,"href":"https:\/\/cidadenoar.com\/global\/wp-json\/wp\/v2\/comments?post=1042"}],"version-history":[{"count":0,"href":"https:\/\/cidadenoar.com\/global\/wp-json\/wp\/v2\/posts\/1042\/revisions"}],"wp:attachment":[{"href":"https:\/\/cidadenoar.com\/global\/wp-json\/wp\/v2\/media?parent=1042"}],"wp:term":[{"taxonomy":"category","embeddable":true,"href":"https:\/\/cidadenoar.com\/global\/wp-json\/wp\/v2\/categories?post=1042"},{"taxonomy":"post_tag","embeddable":true,"href":"https:\/\/cidadenoar.com\/global\/wp-json\/wp\/v2\/tags?post=1042"}],"curies":[{"name":"wp","href":"https:\/\/api.w.org\/{rel}","templated":true}]}}