{"id":1075,"date":"2023-09-13T14:14:15","date_gmt":"2023-09-13T17:14:15","guid":{"rendered":"https:\/\/cidadenoar.com\/noticia\/34868\/conheca-a-trajetoria-de-wendy-brasil-referencia-em-camuflagem-estetica-e-paramedica"},"modified":"2025-07-26T18:21:02","modified_gmt":"2025-07-26T21:21:02","slug":"conheca-a-trajetoria-de-wendy-brasil-referencia-em-camuflagem-estetica-e-paramedica","status":"publish","type":"post","link":"https:\/\/cidadenoar.com\/global\/geral\/conheca-a-trajetoria-de-wendy-brasil-referencia-em-camuflagem-estetica-e-paramedica\/","title":{"rendered":"Conhe\u00e7a a trajet\u00f3ria de Wendy Brasil, refer\u00eancia em Camuflagem Est\u00e9tica e Param\u00e9dica"},"content":{"rendered":"<p><small id=\"v_data\">13\/09\/2023 \u00e0s 14h29min &#8211; Atualizada em 13\/09\/2023 \u00e0s 14h11min<\/small> <\/p>\n<h4><\/h4>\n<p>SUAIMPRENSA &#8211; cidadenoar.com<\/p>\n<p> <small class=\"small\"><\/small> <\/p>\n<div id=\"texto_release_format\">\n<div class=\"boxhtml_full\"> <a href=\"34868\/13092023142558_Wendy_Bras.jpg\" title=\"Foto: Divulga\u00e7\u00e3o \" data-gallery> <img \/image?src=34868\/13092023142558_Wendy_Bras.jpg&amp;w=1200&amp;h=630&amp;output=webp\" align=\"left\" class=\"img-responsive\"> <\/a><i>Foto: Divulga\u00e7\u00e3o <\/i><\/div>\n<p><span>Wendy Brasil, \u00e9 paraibana mas mora atualmente no Rio de Janeiro, graduada em Est\u00e9tica e Cosm\u00e9tica, Wendy \u00e9 especialista em camuflagem est\u00e9tica e param\u00e9dica, e criadora de um m\u00e9todo exclusivo no ramo.<\/span><br \/><span>&nbsp;<\/span><br \/><span>Nordestina de origem, Wendy firmou carreira no Rio de Janeiro, ganhando notoriedade nacional e internacional por sua expertise em camuflagem est\u00e9tica e param\u00e9dica. Al\u00e9m de refer\u00eancia com a micropigmenta\u00e7\u00e3o, a empres\u00e1ria destaca-se palestrando ao redor do mundo, e j\u00e1 transformou a vida de milhares de mulheres, dentre elas, suas alunas.<\/span><br \/><span>&nbsp;<\/span><br \/><span>Seus m\u00e9todos e protocolos autorais proporcionam total naturalidade aos resultados, e s\u00e3o reconhecidos por suas pacientes n\u00e3o s\u00f3 como um trabalho, mas como uma arte.<\/span><br \/><span>&nbsp;<\/span><br \/><span>Premiada em congressos e palestras internacionais, o aperfei\u00e7oamento profissional de Wendy Brasil lhe conferiu o t\u00edtulo de autoridade no ramo da micropigmenta\u00e7\u00e3o e camuflagem.<\/span> <\/p>\n<div><span> <\/p>\n<div class=\"img_ckeditor \"> <a href=\"http:\/\/portal.cidadenoar.com.br\/wp-content\/uploads\/sites\/22\/2024\/12\/conheca-a-trajetoria-de-wendy-brasil-referencia-em-camuflagem-estetica-e-paramedica-1.jpg\" title data-gallery> <img decoding=\"async\" src=\"http:\/\/portal.cidadenoar.com.br\/wp-content\/uploads\/sites\/22\/2024\/12\/conheca-a-trajetoria-de-wendy-brasil-referencia-em-camuflagem-estetica-e-paramedica-1.jpg\" class=\"img-responsive \" alt=\"\" title=\"\"> <\/a> <\/div>\n<p><\/span><\/div>\n<p> <span>&nbsp;<\/span><br \/><span>Em entrevista, Wendy Brasil compartilhou um pouco de sua trajet\u00f3ria pessoal e profissional:&nbsp;<\/span><em>\u201cSempre me considerei uma pessoa empreendedora, e desde cedo me vi com a responsabilidade de sustentar a minha fam\u00edlia, ap\u00f3s o falecimento do meu pai. Minha m\u00e3e n\u00e3o trabalhava e eu sou a mais velha de 5 irm\u00e3s, morando no interior do nordeste. Foi quando, com apenas 18 anos, me mudei para o Rio de Janeiro sozinha, sem garantias, mas com a certeza de que iria mudar a minha hist\u00f3ria e a da minha fam\u00edlia. Gra\u00e7as a Deus hoje eu consegui o meu objetivo e muito mais, pois atrav\u00e9s da camuflagem est\u00e9tica eu consigo transformar a vida de muitas mulheres, clientes e alunas. Ent\u00e3o, posso dizer que me considero realizada de todas as formas\u201d<\/em><span>, nos conta Wendy, orgulhosa.<\/span><br \/><span>&nbsp;<\/span><br \/><span>Wendy Brasil abre o seu cora\u00e7\u00e3o, e nos conta, emocionada, um dos acontecimentos mais marcantes em sua vida:&nbsp;<\/span><em>\u201cSem d\u00favidas, o nascimento dos meus tr\u00eas filhos, eles s\u00e3o tudo pra mim!\u201d<\/em><span>, revela Wendy.<\/span><br \/><span>&nbsp;<\/span><br \/><span>A empres\u00e1ria n\u00e3o deixa de mencionar tamb\u00e9m o seu esposo, que sempre a apoiou em sua profiss\u00e3o,&nbsp;<\/span><em>\u201cEle sempre acreditou e me motivou a estar onde estou hoje, profissionalmente. Com toda a certeza, ele \u00e9 o meu grande incentivador, meu companheiro de projetos e meu grande f\u00e3\u201d<\/em><span>, reconhece Wendy.<\/span><br \/><span>&nbsp;<\/span><br \/><span>Nem s\u00f3 de trabalho vive Wendy Brasil\u2026 alguns dos seus hobbies preferidos s\u00e3o cuidar de seus animais, e de sua casa, al\u00e9m de apreciar a boa companhia da fam\u00edlia e amigos.<\/span><br \/><span>&nbsp;<\/span><br \/><span>Wendy finaliza a entrevista revelando que planeja criar uma rede de cl\u00ednicas especializadas em camuflagem est\u00e9tica, possibilitando que esta t\u00e9cnica alcance cada vez mais pessoas que desejam retomar sua auto imagem atrav\u00e9s da micropigmenta\u00e7\u00e3o.<\/span><br \/><span>&nbsp;<\/span><br \/><span>Acompanhe o trabalho de&nbsp;<\/span><strong>Wendy Brasil<\/strong><span>,<\/span><br \/><span>No Instagram&nbsp;<\/span><a href=\"https:\/\/www.instagram.com\/wendy.brasil\/\" target=\"_blank\" rel=\"noopener\">@<strong>wendy.brasil<\/strong><\/a><br \/><span>&nbsp;<\/span><\/div>\n<p> <img decoding=\"async\" src=\"http:\/\/portal.cidadenoar.com.br\/wp-content\/uploads\/sites\/22\/2024\/12\/conheca-a-trajetoria-de-wendy-brasil-referencia-em-camuflagem-estetica-e-paramedica.jpg\" alt=\"\" title=\"\"><\/p>\n","protected":false},"excerpt":{"rendered":"<p>13\/09\/2023 \u00e0s 14h29min &#8211; Atualizada em 13\/09\/2023 \u00e0s 14h11min SUAIMPRENSA &#8211; cidadenoar.com<\/p>\n","protected":false},"author":1,"featured_media":0,"comment_status":"closed","ping_status":"closed","sticky":false,"template":"","format":"standard","meta":{"footnotes":""},"categories":[1],"tags":[40],"class_list":["post-1075","post","type-post","status-publish","format-standard","hentry","category-geral","tag-beleza"],"_links":{"self":[{"href":"https:\/\/cidadenoar.com\/global\/wp-json\/wp\/v2\/posts\/1075","targetHints":{"allow":["GET"]}}],"collection":[{"href":"https:\/\/cidadenoar.com\/global\/wp-json\/wp\/v2\/posts"}],"about":[{"href":"https:\/\/cidadenoar.com\/global\/wp-json\/wp\/v2\/types\/post"}],"author":[{"embeddable":true,"href":"https:\/\/cidadenoar.com\/global\/wp-json\/wp\/v2\/users\/1"}],"replies":[{"embeddable":true,"href":"https:\/\/cidadenoar.com\/global\/wp-json\/wp\/v2\/comments?post=1075"}],"version-history":[{"count":0,"href":"https:\/\/cidadenoar.com\/global\/wp-json\/wp\/v2\/posts\/1075\/revisions"}],"wp:attachment":[{"href":"https:\/\/cidadenoar.com\/global\/wp-json\/wp\/v2\/media?parent=1075"}],"wp:term":[{"taxonomy":"category","embeddable":true,"href":"https:\/\/cidadenoar.com\/global\/wp-json\/wp\/v2\/categories?post=1075"},{"taxonomy":"post_tag","embeddable":true,"href":"https:\/\/cidadenoar.com\/global\/wp-json\/wp\/v2\/tags?post=1075"}],"curies":[{"name":"wp","href":"https:\/\/api.w.org\/{rel}","templated":true}]}}