{"id":1130,"date":"2018-11-29T13:49:00","date_gmt":"2018-11-29T16:49:00","guid":{"rendered":"https:\/\/cidadenoar.com\/noticia\/168\/oficina-busca-planejar-parque-da-lagoa-do-pereque"},"modified":"2025-07-26T19:47:36","modified_gmt":"2025-07-26T22:47:36","slug":"oficina-busca-planejar-parque-da-lagoa-do-pereque","status":"publish","type":"post","link":"https:\/\/cidadenoar.com\/global\/geral\/oficina-busca-planejar-parque-da-lagoa-do-pereque\/","title":{"rendered":"Oficina busca planejar parque da Lagoa do Perequ\u00ea"},"content":{"rendered":"<p><small id=\"v_data\">29\/11\/2018 \u00e0s 14h46min &#8211; Atualizada em 29\/11\/2018 \u00e0s 14h46min<\/small> <\/p>\n<h4><\/h4>\n<p> <small class=\"small\">https:\/\/www.portobelo.sc.gov.br\/noticias\/index\/ver\/codNoticia\/526194\/codMapaItem\/4326<\/small> <\/p>\n<div id=\"texto_release_format\" readability=\"43\">\n<div class=\"boxhtml_pequeno\"> <a href=\"168\/29112018144945_oficinap.jpg\" title data-gallery> <img \/image?src=168\/29112018144945_oficinap.jpg&amp;w=1200&amp;h=630&amp;output=webp\" align=\"left\" class=\"img-responsive\"> <\/a><\/div>\n<p class=\"titulo-previsao\" id=\"previsao-tempo-dia-1\">O Governo do Munic\u00edpio de Porto Belo atrav\u00e9s da Funda\u00e7\u00e3o do Meio Ambiente &#8211; FAMAP convida a comunidade interessada a participar da Oficina de Planejamento Participativo do Parque Natural Municipal da Lagoa do Perequ\u00ea. A oficina ser\u00e1 realizada no dia 5 de dezembro, \u00e0s 19h, na C\u00e2mera de Vereadores de Porto Belo. De acordo com a presidente da FAMAP, o evento tem por objetivo apresentar o diagn\u00f3stico do Parque e colher contribui\u00e7\u00f5es da comunidade para o Plano de Manejo dessa importante unidade de conserva\u00e7\u00e3o. \u201c\u00c9 importante que tenhamos a participa\u00e7\u00e3o da comunidade para que juntos possamos aproximar o projeto desenvolvido das vontades da comunidade\u201d<\/p>\n<p>A C\u00e2mara de Vereadores de Porto Belo est\u00e1 localizada na Rua Capit\u00e3o Gualberto Leal Nunes, n\u00famero 330, no Centro da Cidade.<\/p>\n<p><\/div>\n<p> <img decoding=\"async\" src=\"http:\/\/portal.cidadenoar.com.br\/wp-content\/uploads\/sites\/22\/2024\/12\/oficina-busca-planejar-parque-da-lagoa-do-pereque.jpg\" alt=\"\" title=\"\"><\/p>\n","protected":false},"excerpt":{"rendered":"<p>29\/11\/2018 \u00e0s 14h46min &#8211; Atualizada em 29\/11\/2018 \u00e0s 14h46min https:\/\/www.portobelo.sc.gov.br\/noticias\/index\/ver\/codNoticia\/526194\/codMapaItem\/4326<\/p>\n","protected":false},"author":1,"featured_media":0,"comment_status":"closed","ping_status":"closed","sticky":false,"template":"","format":"standard","meta":{"footnotes":""},"categories":[1],"tags":[45],"class_list":["post-1130","post","type-post","status-publish","format-standard","hentry","category-geral","tag-porto-belo-sc"],"_links":{"self":[{"href":"https:\/\/cidadenoar.com\/global\/wp-json\/wp\/v2\/posts\/1130","targetHints":{"allow":["GET"]}}],"collection":[{"href":"https:\/\/cidadenoar.com\/global\/wp-json\/wp\/v2\/posts"}],"about":[{"href":"https:\/\/cidadenoar.com\/global\/wp-json\/wp\/v2\/types\/post"}],"author":[{"embeddable":true,"href":"https:\/\/cidadenoar.com\/global\/wp-json\/wp\/v2\/users\/1"}],"replies":[{"embeddable":true,"href":"https:\/\/cidadenoar.com\/global\/wp-json\/wp\/v2\/comments?post=1130"}],"version-history":[{"count":0,"href":"https:\/\/cidadenoar.com\/global\/wp-json\/wp\/v2\/posts\/1130\/revisions"}],"wp:attachment":[{"href":"https:\/\/cidadenoar.com\/global\/wp-json\/wp\/v2\/media?parent=1130"}],"wp:term":[{"taxonomy":"category","embeddable":true,"href":"https:\/\/cidadenoar.com\/global\/wp-json\/wp\/v2\/categories?post=1130"},{"taxonomy":"post_tag","embeddable":true,"href":"https:\/\/cidadenoar.com\/global\/wp-json\/wp\/v2\/tags?post=1130"}],"curies":[{"name":"wp","href":"https:\/\/api.w.org\/{rel}","templated":true}]}}