{"id":1136,"date":"2019-05-18T18:38:45","date_gmt":"2019-05-18T21:38:45","guid":{"rendered":"https:\/\/cidadenoar.com\/noticia\/719\/declaracao-anual-do-microempreendedor-individual-e-feita-gratuitamente-na-casa-do-empreendedor"},"modified":"2025-07-26T19:36:32","modified_gmt":"2025-07-26T22:36:32","slug":"declaracao-anual-do-microempreendedor-individual-e-feita-gratuitamente-na-casa-do-empreendedor","status":"publish","type":"post","link":"https:\/\/cidadenoar.com\/global\/geral\/declaracao-anual-do-microempreendedor-individual-e-feita-gratuitamente-na-casa-do-empreendedor\/","title":{"rendered":"Declara\u00e7\u00e3o Anual do Microempreendedor Individual \u00e9 feita gratuitamente na Casa do Empreendedor"},"content":{"rendered":"<p><small id=\"v_data\">18\/05\/2019 \u00e0s 18h33min &#8211; Atualizada em 18\/05\/2019 \u00e0s 18h33min<\/small> <\/p>\n<h4><\/h4>\n<p> <small class=\"small\">https:\/\/www.queimadas.pb.gov.br\/portal\/noticias\/geral\/declaracao-anual-do-microempreendedor-individual-e-feita-gratuitamente-na-casa-do-empreendedor<\/small> <\/p>\n<div id=\"texto_release_format\" readability=\"54\">\n<div class=\"boxhtml_full\"> <a href=\"719\/18052019183510_img_201905.jpg\" title data-gallery> <img \/image?src=719\/18052019183510_img_201905.jpg&amp;w=1200&amp;h=630&amp;output=webp\" align=\"left\" class=\"img-responsive\"> <\/a><\/div>\n<p class=\"h4 text-uppercase txt-color-2 font-or\">Empres\u00e1rios cadastrados junto \u00e0 Receita Federal como Microempreendedores individuais (MEI) t\u00eam at\u00e9 o dia 31 de maio para entregarem a sua Declara\u00e7\u00e3o Anual do Simples Nacional para o MEI (DASN-SIMEI), tamb\u00e9m conhecida como declara\u00e7\u00e3o anual de faturamento.<\/p>\n<p>A declara\u00e7\u00e3o \u00e9 uma obriga\u00e7\u00e3o direta do empreendedor, na qual dever\u00e1 conter todas as informa\u00e7\u00f5es referentes \u00e0s atividades desenvolvidas no ano anterior. A n\u00e3o entrega do documento fiscal gera multa e torna irregulares o CPF e CNPJ do respons\u00e1vel.<\/p>\n<p>Em Queimadas, a Casa do Empreendedor disponibiliza gratuitamente este servi\u00e7o de envio da Declara\u00e7\u00e3o Anual do Microempreendedor Individual. Os interessados devem comparecer at\u00e9 a data limite, portanto os seus documentos pessoais e referentes \u00e0 sua empresa.<\/p>\n<p>A Casa do Empreendedor fica localizada na Rua C\u00e9sar Ribeiro, n\u00ba 233, Centro (P\u00e1tio do Povo), com hor\u00e1rio de atendimento de segunda a sexta-feira, das 8h \u00e0s 12h e das 14h \u00e0s 14h. Maiores informa\u00e7\u00f5es podem ser solicitadas atrav\u00e9s do telefone (83) 3392-2279.<\/p>\n<p><\/div>\n<p> <img decoding=\"async\" src=\"http:\/\/portal.cidadenoar.com.br\/wp-content\/uploads\/sites\/22\/2024\/12\/declaracao-anual-do-microempreendedor-individual-e-feita-gratuitamente-na-casa-do-empreendedor.jpg\" alt=\"\" title=\"\"><\/p>\n","protected":false},"excerpt":{"rendered":"<p>18\/05\/2019 \u00e0s 18h33min &#8211; Atualizada em 18\/05\/2019 \u00e0s 18h33min https:\/\/www.queimadas.pb.gov.br\/portal\/noticias\/geral\/declaracao-anual-do-microempreendedor-individual-e-feita-gratuitamente-na-casa-do-empreendedor<\/p>\n","protected":false},"author":1,"featured_media":0,"comment_status":"closed","ping_status":"closed","sticky":false,"template":"","format":"standard","meta":{"footnotes":""},"categories":[1],"tags":[46],"class_list":["post-1136","post","type-post","status-publish","format-standard","hentry","category-geral","tag-queimadas-pb"],"_links":{"self":[{"href":"https:\/\/cidadenoar.com\/global\/wp-json\/wp\/v2\/posts\/1136","targetHints":{"allow":["GET"]}}],"collection":[{"href":"https:\/\/cidadenoar.com\/global\/wp-json\/wp\/v2\/posts"}],"about":[{"href":"https:\/\/cidadenoar.com\/global\/wp-json\/wp\/v2\/types\/post"}],"author":[{"embeddable":true,"href":"https:\/\/cidadenoar.com\/global\/wp-json\/wp\/v2\/users\/1"}],"replies":[{"embeddable":true,"href":"https:\/\/cidadenoar.com\/global\/wp-json\/wp\/v2\/comments?post=1136"}],"version-history":[{"count":0,"href":"https:\/\/cidadenoar.com\/global\/wp-json\/wp\/v2\/posts\/1136\/revisions"}],"wp:attachment":[{"href":"https:\/\/cidadenoar.com\/global\/wp-json\/wp\/v2\/media?parent=1136"}],"wp:term":[{"taxonomy":"category","embeddable":true,"href":"https:\/\/cidadenoar.com\/global\/wp-json\/wp\/v2\/categories?post=1136"},{"taxonomy":"post_tag","embeddable":true,"href":"https:\/\/cidadenoar.com\/global\/wp-json\/wp\/v2\/tags?post=1136"}],"curies":[{"name":"wp","href":"https:\/\/api.w.org\/{rel}","templated":true}]}}