{"id":1188,"date":"2019-07-02T15:09:45","date_gmt":"2019-07-02T18:09:45","guid":{"rendered":"https:\/\/cidadenoar.com\/noticia\/1127\/festa-marca-a-inauguracao-da-reserva-em-blumenau"},"modified":"2025-07-26T19:36:17","modified_gmt":"2025-07-26T22:36:17","slug":"festa-marca-a-inauguracao-da-reserva-em-blumenau","status":"publish","type":"post","link":"https:\/\/cidadenoar.com\/global\/geral\/festa-marca-a-inauguracao-da-reserva-em-blumenau\/","title":{"rendered":"Festa marca a inaugura\u00e7\u00e3o da Reserva em Blumenau"},"content":{"rendered":"<p><small id=\"v_data\">02\/07\/2019 \u00e0s 15h04min &#8211; Atualizada em 02\/07\/2019 \u00e0s 15h04min<\/small> <\/p>\n<h4><\/h4>\n<p> Ag\u00eancia A Assessoria<\/p>\n<p> <small class=\"small\"><\/small> <\/p>\n<div id=\"texto_release_format\" readability=\"78.08080155139\">\n<div class=\"boxhtml_pequeno\"> <a href=\"1127\/1127_02072019150733.jpg\" title data-gallery> <img \/image?src=1127\/1127_02072019150733.jpg&amp;w=1200&amp;h=630&amp;output=webp\" align=\"left\" class=\"img-responsive\"> <\/a><\/div>\n<p><span>No pr\u00f3ximo dia 4 de julho, quinta-feira, acontece a festa de inaugura\u00e7\u00e3o de uma das mais badaladas grifes de moda masculina do pa\u00eds, a reserva, que abriu as portas recentemente em Blumenau.&nbsp; Localizada no segundo piso do Shopping Park Europeu, esta \u00e9 a quarta unidade da marca no Estado, que traz para os blumenauenses seu design apurado e estilo marcante.<\/span><\/p>\n<p><span>A nova loja apresenta as novidades da cole\u00e7\u00e3o de Inverno 2019 nas araras e tem a sustentabilidade, tecnologia e funcionalidade como apostas.<\/span><\/p>\n<p><span>A festa vai reunir imprensa, influencers e convidados a partir das 19h, ao som de DJ, comidinhas da Soul Cozinha de Festa, muita espumante e cervejinha gelada.<\/span><\/p>\n<p><span>&nbsp;<\/span><\/p>\n<p><strong><span>Sobre da marca<\/span><\/strong><\/p>\n<p><span>&nbsp;<\/span><\/p>\n<p><span>O Grupo Reserva abriga, al\u00e9m da marca masculina de mesmo nome, a infantil Reserva Mini, a feminina Eva, a inovadora Ahlma, e o casual maduro e b\u00e1sico de alta qualidade da Oficina. Em julho de 2018, o conglomerado lan\u00e7ou uma c\u00e9lula criativa de colabora\u00e7\u00e3o, com o nome de RSV+, onde mensalmente s\u00e3o desenvolvidas parcerias com marcas do varejo nacional e internacional, n\u00e3o necessariamente da moda.<\/span><\/p>\n<p><span>\u00c9 tamb\u00e9m a \u00fanica empresa brasileira no ranking das mais inovadoras do mundo, publicado pela conceituada revista norte-americana Fast Company. O grupo conta com 83 lojas, cerca de 2 mil funcion\u00e1rios, al\u00e9m da presen\u00e7a em mais de 1,4 mil multimarcas pelo pa\u00eds. Com a Reserva e a Reserva Mini est\u00e1 presente em quatro dos principais marketplaces nacionais \u2013 Amazon Brasil, Mercado Livre, Netshoes\/Zattini e B2W Digital.<\/span><\/p>\n<p><strong><span>Acesse:&nbsp;<\/span><\/strong><strong><span><a href=\"http:\/\/www.usereserva.com\/\" target=\"_blank\" rel=\"noopener\">www.usereserva.com<\/a><\/span><\/strong><\/p>\n<p><\/div>\n<p> <img decoding=\"async\" src=\"http:\/\/portal.cidadenoar.com.br\/wp-content\/uploads\/sites\/22\/2024\/12\/festa-marca-a-inauguracao-da-reserva-em-blumenau.jpg\" alt=\"\" title=\"\"><\/p>\n","protected":false},"excerpt":{"rendered":"<p>02\/07\/2019 \u00e0s 15h04min &#8211; Atualizada em 02\/07\/2019 \u00e0s 15h04min Ag\u00eancia A Assessoria<\/p>\n","protected":false},"author":1,"featured_media":0,"comment_status":"closed","ping_status":"closed","sticky":false,"template":"","format":"standard","meta":{"footnotes":""},"categories":[1],"tags":[41],"class_list":["post-1188","post","type-post","status-publish","format-standard","hentry","category-geral","tag-blumenau-sc"],"_links":{"self":[{"href":"https:\/\/cidadenoar.com\/global\/wp-json\/wp\/v2\/posts\/1188","targetHints":{"allow":["GET"]}}],"collection":[{"href":"https:\/\/cidadenoar.com\/global\/wp-json\/wp\/v2\/posts"}],"about":[{"href":"https:\/\/cidadenoar.com\/global\/wp-json\/wp\/v2\/types\/post"}],"author":[{"embeddable":true,"href":"https:\/\/cidadenoar.com\/global\/wp-json\/wp\/v2\/users\/1"}],"replies":[{"embeddable":true,"href":"https:\/\/cidadenoar.com\/global\/wp-json\/wp\/v2\/comments?post=1188"}],"version-history":[{"count":0,"href":"https:\/\/cidadenoar.com\/global\/wp-json\/wp\/v2\/posts\/1188\/revisions"}],"wp:attachment":[{"href":"https:\/\/cidadenoar.com\/global\/wp-json\/wp\/v2\/media?parent=1188"}],"wp:term":[{"taxonomy":"category","embeddable":true,"href":"https:\/\/cidadenoar.com\/global\/wp-json\/wp\/v2\/categories?post=1188"},{"taxonomy":"post_tag","embeddable":true,"href":"https:\/\/cidadenoar.com\/global\/wp-json\/wp\/v2\/tags?post=1188"}],"curies":[{"name":"wp","href":"https:\/\/api.w.org\/{rel}","templated":true}]}}