{"id":1193,"date":"2021-05-20T10:29:45","date_gmt":"2021-05-20T13:29:45","guid":{"rendered":"https:\/\/cidadenoar.com\/noticia\/14603\/nucleo-de-empresarios-de-camboriu-promove-maior-evento-de-conteudo-empresarial-da-cidade"},"modified":"2025-07-26T19:31:24","modified_gmt":"2025-07-26T22:31:24","slug":"nucleo-de-empresarios-de-camboriu-promove-maior-evento-de-conteudo-empresarial-da-cidade","status":"publish","type":"post","link":"https:\/\/cidadenoar.com\/global\/geral\/nucleo-de-empresarios-de-camboriu-promove-maior-evento-de-conteudo-empresarial-da-cidade\/","title":{"rendered":"N\u00facleo de Empres\u00e1rios de Cambori\u00fa promove maior evento de conte\u00fado empresarial da cidade"},"content":{"rendered":"<div class=\"boxhtml_pequeno\"> <a href=\"14603\/20052021102711_f0cec9e8-8.jpg\" title data-gallery> <img \/image?src=14603\/20052021102711_f0cec9e8-8.jpg&amp;w=1200&amp;h=630&amp;output=webp\" align=\"left\" class=\"img-responsive\"> <\/a><\/div>\n<p>O N\u00facleo de Empres\u00e1rios de Cambori\u00fa, da Associa\u00e7\u00e3o Empresarial de Balne\u00e1rio Cambori\u00fa e Cambori\u00fa (Acibalc), promove entre os dias 24 e 28 de maio, o maior evento online de conte\u00fado empresarial da cidade. O Empreende Cambori\u00fa tem o intuito de fortalecer os neg\u00f3cios locais e contar\u00e1 com palestras, lives, encontro de neg\u00f3cios e workshops gratuitos. &nbsp;<br \/>&nbsp;<br \/>Entre os temas abordados durante a programa\u00e7\u00e3o est\u00e3o conte\u00fados relacionados ao marketing de m\u00eddias sociais, recursos humanos no recrutamento de novos colaboradores, administra\u00e7\u00e3o financeira, mulheres empreendedoras, orienta\u00e7\u00e3o jur\u00eddica e sa\u00fade mental para lidar com as adversidades do empreendedorismo. Al\u00e9m disso, o evento contar\u00e1 com troca de experi\u00eancias e gera\u00e7\u00e3o de neg\u00f3cios. &nbsp;<br \/>&nbsp;<br \/>\u201cEstamos muito orgulhosos em promover esse evento. Durante a semana iremos discutir temas atuais com pessoas muito capacitadas, que trar\u00e3o conhecimento assertivo aos nossos empres\u00e1rios participantes\u201d, destaca o Coordenador do N\u00facleo de Empres\u00e1rios de Cambori\u00fa, C\u00e1ssio Fernandes de Paula.<br \/>&nbsp;<br \/>O evento \u00e9 uma realiza\u00e7\u00e3o da Acibalc, por meio do N\u00facleo de Empres\u00e1rios de Cambori\u00fa, e tem como patroc\u00ednio Huna Comunica\u00e7\u00e3o, Ayty Higieniza\u00e7\u00e3o, Areais Ana, Credifoz e Matoso e Novaes Advogados.<br \/>&nbsp;<br \/>Os empres\u00e1rios interessados em participar do evento podem se inscrever em mais de uma atividade atrav\u00e9s do link: <a href=\"https:\/\/cutt.ly\/ebBLKrz\" target=\"_blank\" rel=\"noopener\">https:\/\/cutt.ly\/ebBLKrz<\/a>. Mais informa\u00e7\u00f5es pelo whatsapp: (47) 99931-0203.<br \/>&nbsp;<br \/>Confira a programa\u00e7\u00e3o:<br \/>Segunda-Feira (24\/05) \u2013 8h30 \u00e0s 9h30&nbsp;<br \/><strong>Formato:<\/strong>&nbsp;Palestra<br \/><strong>Tema:<\/strong>&nbsp;Direito Empresarial na pr\u00e1tica \u2013 Dicas simples para melhorar seus contratos<br \/><strong>Ministrante:<\/strong>&nbsp;Aldo Novaes Neto e Maikon Rafael Matoso \u2013 Escrit\u00f3rio Matoso e Novaes \/ APOIO: OAB CAMBORI\u00da<br \/>&nbsp;<br \/>Ter\u00e7a-Feira (25\/05) &nbsp;\u2013 19h \u00e0s 21h<br \/><strong>Formato:<\/strong>&nbsp;Workshop online<br \/><strong>Tema:<\/strong>&nbsp;Redes Sociais para pequenas empresas \u2013 Fa\u00e7a voc\u00ea mesmo<br \/><strong>Ministrante:<\/strong>&nbsp;Melissa Bergonsi e Silva Mendes \u2013 Huna Comunica\u00e7\u00e3o para o Bem<br \/>&nbsp;<br \/>Quarta-Feira (26\/05) \u2013 13h30&nbsp;<br \/><strong>Formato:<\/strong>&nbsp;Live no Instagram do N\u00facleo <a href=\"https:\/\/www.instagram.com\/nucam.acibalc\/\" target=\"_blank\" rel=\"noopener\">@nucam.acibalc<\/a>&nbsp;<br \/><strong>Tema:<\/strong>&nbsp;Perspectivas para o empreendedorismo em Cambori\u00fa<br \/><strong>Convidado:<\/strong>&nbsp;\u00c2ngelo C\u00e9sar Gerv\u00e1sio, secret\u00e1rio de desenvolvimento econ\u00f4mico<br \/>&nbsp;<br \/>Quarta-Feira (26\/05) &nbsp;\u2013 19h \u00e0s 20h30&nbsp;<br \/><strong>Formato:<\/strong>&nbsp;Encontro de Neg\u00f3cios com palestra<br \/><strong>Tema:<\/strong>&nbsp;Pessoas CERTAS nos lugares CERTOS &#8211;&nbsp; a import\u00e2ncia do recrutamento e sele\u00e7\u00e3o para uma gest\u00e3o de pessoas eficaz<br \/><strong>Palestrante:&nbsp;<\/strong>Juliana Schmitz &#8211;&nbsp; Prime Desenvolvimento Empresarial<br \/><strong>Modera\u00e7\u00e3o:<\/strong>&nbsp;C\u00e1ssio de Paula \u2013 Ottimizzare Solu\u00e7\u00f5es Cont\u00e1beis<br \/>&nbsp;<br \/>Quinta-Feira &nbsp;(27\/05) &nbsp;\u2013 14h&nbsp;&nbsp;<br \/><strong>Formato:<\/strong>&nbsp;Live no instagram do N\u00facleo <a href=\"https:\/\/www.instagram.com\/nucam.acibalc\/\" target=\"_blank\" rel=\"noopener\">@nucam.acibalc<\/a><br \/><strong>Tema:<\/strong>&nbsp;Live Sa\u00fade Mental<br \/><strong>Convidado:<\/strong>&nbsp;Equipe m\u00e9dica de SST SESI<br \/>&nbsp;<br \/>Quinta-Feira (27\/05) \u2013 19h \u00e0s 21h&nbsp;<br \/><strong>Formato:<\/strong>&nbsp;Workshop<br \/><strong>Tema:<\/strong>&nbsp;Administra\u00e7\u00e3o financeira para empreendedores<br \/><strong>Ministrante:<\/strong>&nbsp;Equipe SENAI<br \/>&nbsp;<br \/>Sexta-Feira (28\/05) &nbsp;\u2013 8h30 \u00e0s 9h30<br \/><strong>Formato:<\/strong>&nbsp;Bate papo empreendedor \u2013 Mulheres no div\u00e3<br \/><strong>Tema:<\/strong>&nbsp;Conhe\u00e7a as hist\u00f3rias inspiradoras de empreendedoras em Cambori\u00fa<br \/><strong>Modera\u00e7\u00e3o:<\/strong>&nbsp;Araceli Dutra \u2013 EasyTur Viagens<\/p>\n<p>&nbsp;<\/p>\n<p><img decoding=\"async\" src=\"http:\/\/portal.cidadenoar.com.br\/wp-content\/uploads\/sites\/22\/2024\/12\/nucleo-de-empresarios-de-camboriu-promove-maior-evento-de-conteudo-empresarial-da-cidade.jpg\" alt=\"\" title=\"\"><\/p>\n","protected":false},"excerpt":{"rendered":"","protected":false},"author":1,"featured_media":0,"comment_status":"closed","ping_status":"closed","sticky":false,"template":"","format":"standard","meta":{"footnotes":""},"categories":[1],"tags":[49],"class_list":["post-1193","post","type-post","status-publish","format-standard","hentry","category-geral","tag-camboriu-sc"],"_links":{"self":[{"href":"https:\/\/cidadenoar.com\/global\/wp-json\/wp\/v2\/posts\/1193","targetHints":{"allow":["GET"]}}],"collection":[{"href":"https:\/\/cidadenoar.com\/global\/wp-json\/wp\/v2\/posts"}],"about":[{"href":"https:\/\/cidadenoar.com\/global\/wp-json\/wp\/v2\/types\/post"}],"author":[{"embeddable":true,"href":"https:\/\/cidadenoar.com\/global\/wp-json\/wp\/v2\/users\/1"}],"replies":[{"embeddable":true,"href":"https:\/\/cidadenoar.com\/global\/wp-json\/wp\/v2\/comments?post=1193"}],"version-history":[{"count":0,"href":"https:\/\/cidadenoar.com\/global\/wp-json\/wp\/v2\/posts\/1193\/revisions"}],"wp:attachment":[{"href":"https:\/\/cidadenoar.com\/global\/wp-json\/wp\/v2\/media?parent=1193"}],"wp:term":[{"taxonomy":"category","embeddable":true,"href":"https:\/\/cidadenoar.com\/global\/wp-json\/wp\/v2\/categories?post=1193"},{"taxonomy":"post_tag","embeddable":true,"href":"https:\/\/cidadenoar.com\/global\/wp-json\/wp\/v2\/tags?post=1193"}],"curies":[{"name":"wp","href":"https:\/\/api.w.org\/{rel}","templated":true}]}}