{"id":1202,"date":"2024-01-09T15:53:30","date_gmt":"2024-01-09T18:53:30","guid":{"rendered":"https:\/\/cidadenoar.com\/noticia\/35574\/pai-produtor-e-visionario-a-sinfonia-da-vida-de-thiago-oliveira"},"modified":"2025-07-26T18:20:18","modified_gmt":"2025-07-26T21:20:18","slug":"pai-produtor-e-visionario-a-sinfonia-da-vida-de-thiago-oliveira","status":"publish","type":"post","link":"https:\/\/cidadenoar.com\/global\/geral\/pai-produtor-e-visionario-a-sinfonia-da-vida-de-thiago-oliveira\/","title":{"rendered":"Pai, Produtor e Vision\u00e1rio: A Sinfonia da Vida de Thiago Oliveira"},"content":{"rendered":"<div class=\"boxhtml_full\"> <a href=\"35574\/09012024171035_0901202416.jpg\" title data-gallery> <img \/image?src=35574\/09012024171035_0901202416.jpg&amp;w=1200&amp;h=630&amp;output=webp\" align=\"left\" class=\"img-responsive\"> <\/a><\/div>\n<p><em>Thiago Oliveira Nascimento, natural de Osasco, S\u00e3o Paulo, carrega consigo uma hist\u00f3ria marcada por desafios, supera\u00e7\u00f5es e a busca incans\u00e1vel pelo sucesso. Hoje aos 25 anos, sua trajet\u00f3ria \u00e9 um verdadeiro testemunho de determina\u00e7\u00e3o, paix\u00e3o pela fam\u00edlia e empreendedorismo no cen\u00e1rio digital.<\/em><br \/>&nbsp;<br \/><strong>Da Inf\u00e2ncia em Osasco \u00e0 Jornada na It\u00e1lia: Os Primeiros Cap\u00edtulos da Hist\u00f3ria de Thiago<\/strong><\/p>\n<p>Nascido em Osasco, S\u00e3o Paulo, Thiago deu seus primeiros passos na vida at\u00e9 que, aos 10 anos, uma mudan\u00e7a significativa marcaria sua trajet\u00f3ria. Embarcando<strong> rumo \u00e0 It\u00e1lia<\/strong>, o jovem viveu seis anos no pa\u00eds europeu, absorvendo novas culturas e experi\u00eancias que moldariam seu car\u00e1ter e vis\u00e3o de mundo.<br \/>&nbsp;<br \/><strong><em>O Retorno ao Brasil e a Incurs\u00e3o nos Bastidores dos Influenciadores Digitais<\/em><\/strong><\/p>\n<p>No final de 2016, Thiago retornou ao Brasil, trazendo consigo bagagem cultural e uma vontade de conquistar seus sonhos. Sua entrada nos<strong> bastidores dos influenciadores digitais<\/strong> marcou o in\u00edcio de uma carreira promissora. Atuando como produtor musical, contribuiu para o cen\u00e1rio art\u00edstico, Trap e Funk, estabelecendo conex\u00f5es valiosas no universo art\u00edstico.<br \/>&nbsp;<br \/><strong>Paternidade: Thiago Nascimento Al\u00e9m dos Palcos Digitais<\/strong><\/p>\n<p>Aos 19 anos, Thiago deu um novo significado \u00e0 sua vida ao se tornar pai pela primeira vez. Hoje,<strong> pai de quatro meninos<\/strong>, <strong>sendo um deles especial e dentro do espectro autista<\/strong>, Thiago e sua esposa, Cristiele, que s\u00e3o casados a 6 anos, tornaram-se<strong><em> defensores fervorosos pelos direitos dos autistas e pela inclus\u00e3o social<\/em><\/strong>. Uma jornada que transcende os holofotes, guiada pela paix\u00e3o pela fam\u00edlia e a cren\u00e7a na import\u00e2ncia da inclus\u00e3o. <\/p>\n<div>&nbsp;<span id=\"docs-internal-guid-0b1da7f9-7fff-b83a-7c5b-39ef3b19a377\"><span><span> <\/p>\n<div class=\"img_ckeditor \"> <img decoding=\"async\" src=\"http:\/\/portal.cidadenoar.com.br\/wp-content\/uploads\/sites\/22\/2024\/12\/pai-produtor-e-visionario-a-sinfonia-da-vida-de-thiago-oliveira-1.jpg\" class=\" img-responsive\" alt=\"\" title=\"\"> <\/div>\n<p><\/span><\/span><\/span><\/div>\n<p> <strong>ChTh Connection Ltda: O Empreendedorismo Digital e a Miss\u00e3o de Conectar Marcas e Influenciadores<\/strong><\/p>\n<p>Com a vis\u00e3o empreendedora, Thiago e Cristiele fundaram a <strong>ChTh Connection Ltda<\/strong>, uma ag\u00eancia de publicidade que busca facilitar a comunica\u00e7\u00e3o entre grandes marcas e influenciadores digitais. Ao longo do caminho, a ag\u00eancia colaborou com marcas renomadas, como <em>AliExpress, Shein, Sheglam, Resso, Sound On e Iq Option<\/em>, consolidando seu papel no mercado digital.<br \/>&nbsp;<br \/><strong>Inspira\u00e7\u00e3o em Ruyter Poubel: Uma Tatuagem Como S\u00edmbolo de Determina\u00e7\u00e3o<\/strong><\/p>\n<p>A inspira\u00e7\u00e3o de Thiago n\u00e3o se limita apenas ao sucesso profissional, mas tamb\u00e9m \u00e0 trajet\u00f3ria de <strong>Ruyter Poubel<\/strong>, <em>influenciador e empres\u00e1rio<\/em>. Identificando-se com as adversidades superadas por Ruyter, Thiago expressou sua admira\u00e7\u00e3o <strong><em>eternizando uma tatuagem em seu bra\u00e7o<\/em><\/strong>. Esta tatuagem serve como um lembrete constante de que, mesmo nos momentos dif\u00edceis, a <strong>F\u00e9 em Deus<\/strong> e a perseveran\u00e7a s\u00e3o combust\u00edveis capazes de impulsionar seus sonhos. <\/p>\n<div><span id=\"docs-internal-guid-e97b878f-7fff-7bb1-8047-86ea743adb63\"><span><span>\u200b <\/p>\n<div class=\"img_ckeditor \"> <img decoding=\"async\" src=\"http:\/\/portal.cidadenoar.com.br\/wp-content\/uploads\/sites\/22\/2024\/12\/pai-produtor-e-visionario-a-sinfonia-da-vida-de-thiago-oliveira-2.jpg\" class=\" img-responsive\" alt=\"\" title=\"\"> <\/div>\n<p><\/span><\/span><\/span><\/div>\n<p> &nbsp;<br \/><strong>O Futuro de Thiago Oliveira: Influenciando Vidas e Construindo Legados<\/strong><\/p>\n<p>A hist\u00f3ria de Thiago Nascimento \u00e9 mais do que uma narrativa pessoal; \u00e9 uma inspira\u00e7\u00e3o para aqueles que enfrentam desafios, almejam o sucesso e buscam construir legados significativos. Com uma jornada que abrange continentes, g\u00eaneros musicais e empreendimentos digitais, Thiago representa a perseveran\u00e7a, a paix\u00e3o e a cren\u00e7a inabal\u00e1vel de que, com confian\u00e7a em Deus, tudo \u00e9 poss\u00edvel. O futuro promissor de Thiago est\u00e1 n\u00e3o apenas em influenciar, mas em deixar uma marca duradoura na era digital e na vida daqueles que cruzam seu caminho.<br \/>&nbsp;<br \/>Siga-o nas redes sociais.<br \/>&nbsp;<br \/><strong>INSTAGRAM:<\/strong> <a href=\"https:\/\/www.instagram.com\/eu.thiagonascimento\/\" target=\"_blank\" rel=\"noopener\">www.instagram.com\/eu.thiagonascimento\/<\/a><\/p>\n<p><img decoding=\"async\" src=\"http:\/\/portal.cidadenoar.com.br\/wp-content\/uploads\/sites\/22\/2024\/12\/pai-produtor-e-visionario-a-sinfonia-da-vida-de-thiago-oliveira.jpg\" alt=\"\" title=\"\"><\/p>\n","protected":false},"excerpt":{"rendered":"","protected":false},"author":1,"featured_media":0,"comment_status":"closed","ping_status":"closed","sticky":false,"template":"","format":"standard","meta":{"footnotes":""},"categories":[1],"tags":[50],"class_list":["post-1202","post","type-post","status-publish","format-standard","hentry","category-geral","tag-celebridades"],"_links":{"self":[{"href":"https:\/\/cidadenoar.com\/global\/wp-json\/wp\/v2\/posts\/1202","targetHints":{"allow":["GET"]}}],"collection":[{"href":"https:\/\/cidadenoar.com\/global\/wp-json\/wp\/v2\/posts"}],"about":[{"href":"https:\/\/cidadenoar.com\/global\/wp-json\/wp\/v2\/types\/post"}],"author":[{"embeddable":true,"href":"https:\/\/cidadenoar.com\/global\/wp-json\/wp\/v2\/users\/1"}],"replies":[{"embeddable":true,"href":"https:\/\/cidadenoar.com\/global\/wp-json\/wp\/v2\/comments?post=1202"}],"version-history":[{"count":0,"href":"https:\/\/cidadenoar.com\/global\/wp-json\/wp\/v2\/posts\/1202\/revisions"}],"wp:attachment":[{"href":"https:\/\/cidadenoar.com\/global\/wp-json\/wp\/v2\/media?parent=1202"}],"wp:term":[{"taxonomy":"category","embeddable":true,"href":"https:\/\/cidadenoar.com\/global\/wp-json\/wp\/v2\/categories?post=1202"},{"taxonomy":"post_tag","embeddable":true,"href":"https:\/\/cidadenoar.com\/global\/wp-json\/wp\/v2\/tags?post=1202"}],"curies":[{"name":"wp","href":"https:\/\/api.w.org\/{rel}","templated":true}]}}