{"id":1271,"date":"2023-07-27T00:03:35","date_gmt":"2023-07-27T03:03:35","guid":{"rendered":"https:\/\/cidadenoar.com\/noticia\/34787\/itesp-promove-curso-de-processamento-caseiro-de-paes-no-assentamento-dom-tomas-balduino-em-franco-da-rocha"},"modified":"2023-07-27T00:03:35","modified_gmt":"2023-07-27T03:03:35","slug":"itesp-promove-curso-de-processamento-caseiro-de-paes-no-assentamento-dom-tomas-balduino-em-franco-da-rocha","status":"publish","type":"post","link":"https:\/\/cidadenoar.com\/global\/tecnologia-educacao\/itesp-promove-curso-de-processamento-caseiro-de-paes-no-assentamento-dom-tomas-balduino-em-franco-da-rocha\/","title":{"rendered":"ITESP promove curso de processamento caseiro de p\u00e3es no Assentamento Dom Tom\u00e1s Baldu\u00edno, em Franco da Rocha"},"content":{"rendered":"<p><small id=\"v_data\">26\/07\/2023 \u00e0s 16h32min &#8211; Atualizada em 27\/07\/2023 \u00e0s 00h01min<\/small> <\/p>\n<h4>Curso ser\u00e1 ministrado nesta quinta (27) e sexta-feira (28), das 08h30min \u00e0s 16h30min, pela t\u00e9cnica Ana Lucia Giane, do SENAR<\/h4>\n<p>Funda\u00e7\u00e3o ITESP<\/p>\n<p> <small class=\"small\"><\/small> <\/p>\n<div id=\"texto_release_format\" readability=\"57\">\n<div class=\"boxhtml_full\"> <a href=\"34787\/26073205_Screenshot.png.png\" title=\"Divulga\u00e7\u00e3o\" data-gallery> <img \/image?src=34787\/26073205_Screenshot.png.png&amp;w=1200&amp;h=630&amp;output=webp\" align=\"left\" class=\"img-responsive\"> <\/a><i>Divulga\u00e7\u00e3o<\/i><\/div>\n<p><span><span><span>A Funda\u00e7\u00e3o ITESP promove nesta quinta (27) e sexta-feira (28), o Curso de Processamento Caseiro de P\u00e3es no assentamento S\u00e3o Roque (Dom Tom\u00e1s Baldu\u00edno), em Franco da Rocha. O curso acontece das 8h30min \u00e0s 16h30min e ser\u00e1 ministrado pela instrutora Ana Lucia Giani, t\u00e9cnica do Servi\u00e7o Nacional de Aprendizagem Rural (SENAR), parceiro da funda\u00e7\u00e3o neste curso.<\/span><\/span><\/span><\/p>\n<p><span><span><span>O assentamento S\u00e3o Roque (conhecido como Dom Tom\u00e1s Baldu\u00edno) est\u00e1 estabelecido desde 2003 em Franco da Rocha, numa \u00e1rea de cerca de 620 hectares, na qual mais de 60% \u00e9 composta de vegeta\u00e7\u00e3o nativa (reserva florestal). S\u00e3o 60 fam\u00edlias que moram e trabalham neste local.<\/span><\/span><\/span><\/p>\n<p><span><span><span>As fam\u00edlias origin\u00e1rias deste assentamento possu\u00edam um perfil de trabalho assalariado urbano ou empregos espor\u00e1dicos, sendo que v\u00e1rias j\u00e1 passaram por situa\u00e7\u00e3o de rua na Grande S\u00e3o Paulo. O trabalho realizado pela ITESP no local tem sido no sentido de oferecer forma\u00e7\u00e3o e capacita\u00e7\u00e3o para o trabalho rural, para transformar essas fam\u00edlias em agricultores conhecedoras dos mais diferentes tipos de cultura, com destaque para a produ\u00e7\u00e3o de mel, cria\u00e7\u00e3o de pequenos animais, fruticultura, horticultura e servi\u00e7os rurais (turismo, por exemplo).<\/span><\/span><\/span><\/p>\n<p><span><span><span>A Funda\u00e7\u00e3o ITESP trabalha continuamente no sentido de compreender as caracter\u00edsticas das diferentes localidades rurais, suas fragilidades e potenciais de crescimento para que possa oferecer \u00e0s fam\u00edlias que atuam com a produ\u00e7\u00e3o agr\u00edcola uma forma\u00e7\u00e3o t\u00e9cnica adequada para que esses n\u00facleos familiares otimizem o trabalho que desenvolvem nos seus lotes e, com isso, garantam um crescimento econ\u00f4mico sustentado, fomentando assim a economia do local.<\/span><\/span><\/span><br \/>&nbsp;<\/p>\n<\/div>\n<p> <img decoding=\"async\" src=\"http:\/\/portal.cidadenoar.com.br\/wp-content\/uploads\/sites\/22\/2024\/12\/itesp-promove-curso-de-processamento-caseiro-de-paes-no-assentamento-dom-tomas-balduino-em-franco-da-rocha.png\" alt=\"\" title=\"\"><\/p>\n","protected":false},"excerpt":{"rendered":"<p>26\/07\/2023 \u00e0s 16h32min &#8211; Atualizada em 27\/07\/2023 \u00e0s 00h01min Curso ser\u00e1 ministrado nesta quinta (27) e sexta-feira (28), das 08h30min \u00e0s 16h30min, pela t\u00e9cnica Ana Lucia Giane, do SENAR Funda\u00e7\u00e3o ITESP<\/p>\n","protected":false},"author":1,"featured_media":0,"comment_status":"closed","ping_status":"closed","sticky":false,"template":"","format":"standard","meta":{"footnotes":""},"categories":[21],"tags":[31],"class_list":["post-1271","post","type-post","status-publish","format-standard","hentry","category-tecnologia-educacao","tag-educacao"],"_links":{"self":[{"href":"https:\/\/cidadenoar.com\/global\/wp-json\/wp\/v2\/posts\/1271","targetHints":{"allow":["GET"]}}],"collection":[{"href":"https:\/\/cidadenoar.com\/global\/wp-json\/wp\/v2\/posts"}],"about":[{"href":"https:\/\/cidadenoar.com\/global\/wp-json\/wp\/v2\/types\/post"}],"author":[{"embeddable":true,"href":"https:\/\/cidadenoar.com\/global\/wp-json\/wp\/v2\/users\/1"}],"replies":[{"embeddable":true,"href":"https:\/\/cidadenoar.com\/global\/wp-json\/wp\/v2\/comments?post=1271"}],"version-history":[{"count":0,"href":"https:\/\/cidadenoar.com\/global\/wp-json\/wp\/v2\/posts\/1271\/revisions"}],"wp:attachment":[{"href":"https:\/\/cidadenoar.com\/global\/wp-json\/wp\/v2\/media?parent=1271"}],"wp:term":[{"taxonomy":"category","embeddable":true,"href":"https:\/\/cidadenoar.com\/global\/wp-json\/wp\/v2\/categories?post=1271"},{"taxonomy":"post_tag","embeddable":true,"href":"https:\/\/cidadenoar.com\/global\/wp-json\/wp\/v2\/tags?post=1271"}],"curies":[{"name":"wp","href":"https:\/\/api.w.org\/{rel}","templated":true}]}}