{"id":1272,"date":"2023-07-26T00:04:34","date_gmt":"2023-07-26T03:04:34","guid":{"rendered":"https:\/\/cidadenoar.com\/noticia\/34770\/curso-livre-e-gratuito-de-design-de-moda-abre-inscricoes-ate-22-de-agosto-para-moradores-de-mongagua-sp"},"modified":"2023-07-26T00:04:34","modified_gmt":"2023-07-26T03:04:34","slug":"curso-livre-e-gratuito-de-design-de-moda-abre-inscricoes-ate-22-de-agosto-para-moradores-de-mongagua-sp","status":"publish","type":"post","link":"https:\/\/cidadenoar.com\/global\/tecnologia-educacao\/curso-livre-e-gratuito-de-design-de-moda-abre-inscricoes-ate-22-de-agosto-para-moradores-de-mongagua-sp\/","title":{"rendered":"Curso livre e gratuito de design de moda abre inscri\u00e7\u00f5es at\u00e9 22 de agosto para moradores de Mongagu\u00e1, SP"},"content":{"rendered":"<p>M. Vieira<\/p>\n<div id=\"texto_release_format\" readability=\"110.92533791032\">\n<div class=\"boxhtml_full\"> <a href=\"34770\/25070131_28.jpg.jpg\" title=\"Arquivo Pessoal\" data-gallery> <img \/image?src=34770\/25070131_28.jpg.jpg&amp;w=1200&amp;h=630&amp;output=webp\" align=\"left\" class=\"img-responsive\"> <\/a><i>Arquivo Pessoal<\/i><\/div>\n<p><span><span><span><span>A moda \u00e9 uma plataforma para a express\u00e3o art\u00edstica e uma possibilidade de transformar ideias em realidade, criar estilos, designs e tend\u00eancias. Al\u00e9m disso, \u00e9 um setor amplo, com diversas chances de coloca\u00e7\u00e3o profissional.<\/span><\/span><\/span><\/span><\/p>\n<p><span><span><span>Com esta proposta, o programa <b><span>Oficinas Culturais Art\u00edsticas<\/span><\/b>, carinhosamente apelidado de <b><span>OCA<\/span><\/b>, est\u00e1 com inscri\u00e7\u00f5es abertas, at\u00e9<u> 22 de agosto,<\/u> para o <b>Ponto da Moda<\/b>, projeto de oferece oficinas gratuitas de design de moda. As vagas est\u00e3o dispon\u00edveis para moradores de<b> Mongagu\u00e1 <\/b>maiores de 16 anos, preferencialmente de baixa renda<b>. <\/b>O objetivo \u00e9 capacitar os participantes para uma poss\u00edvel nova carreira no setor da economia criativa e fomentar novos neg\u00f3cios, marcas sociais e principalmente gerar emprego e renda local.<\/span><\/span><\/span><\/p>\n<p><span><span><span>Tendo em vista os grandes desafios para se conquistar a primeira ocupa\u00e7\u00e3o profissional, a iniciativa busca preparar dezenas de participantes com o objetivo de favorecer e catalisar este processo. \u00c9 oferecida toda a estrutura necess\u00e1ria para que o participante possa desenvolver novas compet\u00eancias e, quem sabe, ter seu talento revelado. \u201cQueremos descobrir novos talentos e incentivar a capacita\u00e7\u00e3o da juventude no campo da economia criativa, um dos mais importantes para o Produto Interno Bruto do Brasil. Oferecer essa trilha de forma\u00e7\u00e3o, com o apoio de especialistas na \u00e1rea, \u00e9 fundamental para ampliar as oportunidades acad\u00eamicas e profissionais dessas pessoas, assim como incentivar o empreendedorismo\u201d, afirma Renata Chagas, diretora-presidente do Instituto Neoenergia.<\/span><\/span><\/span><\/p>\n<p><span><span><span><span><span>A iniciativa \u00e9 patrocinada pela Neoenergia Elektro e Instituto Neoenergia e conta com apoio da Prefeitura de Mongagu\u00e1 e do Instituto S\u00e3o Paulo de Arte e Cultura. A realiza\u00e7\u00e3o \u00e9 da COOPCESP por meio do Programa de A\u00e7\u00e3o Cultural do Governo do Estado de S\u00e3o Paulo.<\/span><\/span><\/span><\/span><\/span><\/p>\n<p><span><span><span><span><span>O OCA foi desenvolvido pela Quest e pelo Instituto Neoenergia e est\u00e1 presente em quatro cidades do Estado de S\u00e3o Paulo. Em cada munic\u00edpio ser\u00e1 implantado n\u00facleos de produ\u00e7\u00e3o voltados para capacita\u00e7\u00e3o de jovens e adultos de baixa renda que buscam atrelar os conhecimentos da economia criativa como plataforma de desenvolvimento humano, social e cultural.<\/span><\/span><\/span><\/span><\/span><\/p>\n<p><span><span><b><u><span>SERVI\u00c7O:<\/span><\/u><\/b><\/span><\/span><\/p>\n<p><span><span><b><span>MONGAGU\u00c1<\/span><\/b><\/span><\/span><br \/><span><span><u><span>Projeto:<\/span><\/u><span>&nbsp;Ponto da Moda<\/span><\/span><\/span><br \/><span><span><u><span>Faixa et\u00e1ria:<\/span><\/u><span>&nbsp;16+<\/span><\/span><\/span><br \/><span><span><u><span>Local de realiza\u00e7\u00e3o:<\/span><\/u><span>&nbsp;Av. S\u00e3o Paulo, 1892, Centro \u2013 Mongagu\u00e1, SP<\/span><\/span><\/span><br \/><span><span><u><span>In\u00edcio previsto de in\u00edcio de aulas:<\/span><\/u><span>&nbsp;28\/8<\/span><\/span><\/span><br \/><span><span><u><span>In\u00edcio das inscri\u00e7\u00f5es:<\/span><\/u><span>&nbsp;18\/7<\/span><\/span><\/span><br \/><span><span><u><span>T\u00e9rmino das inscri\u00e7\u00f5es<\/span><\/u><span>: 22\/8<\/span><\/span><\/span><br \/><span><span><u><span>Realiza\u00e7\u00e3o<\/span><\/u><span>: COOPCESP, Programa de A\u00e7\u00e3o Cultural, Secretaria de Cultura, Economia e Ind\u00fastria Criativas do Governo do Estado de S\u00e3o Paulo<\/span><\/span><\/span><br \/><span><span><u><span>Patroc\u00ednio<\/span><\/u><span>: Neoenergia Elektro, Instituto Neoenergia<\/span><\/span><\/span><\/p>\n<p><span><span><b><span>INSCRI\u00c7\u00d5ES:<\/span><\/b><\/span><\/span><\/p>\n<p><span><span><i><span>Quem pode se inscrever?<\/span><\/i><\/span><\/span><br \/><span><span><span>Jovens e adultos maiores de 16 anos moradores de Mongagu\u00e1<\/span><\/span><\/span><\/p>\n<p><span><span><i><span>Qual \u00e9 o per\u00edodo de inscri\u00e7\u00f5es?<\/span><\/i><\/span><\/span><br \/><span><span><span>Entre 18 de julho e 22 de agosto.<\/span><\/span><\/span><\/p>\n<p><span><span><i><span>Como posso me inscrever?<\/span><\/i><\/span><\/span><br \/><span><span><span>Basta preencher o formul\u00e1rio de aplica\u00e7\u00e3o dispon\u00edvel na sede do projeto ou pelo link disponibilizado no site do Instituto Neonergia ou no Instagram do Instituto S\u00e3o Paulo de Arte e Cultura. \u00c9 necess\u00e1rio o preenchimento de todas as informa\u00e7\u00f5es do formul\u00e1rio de aplica\u00e7\u00e3o com exatid\u00e3o e veracidade para concorrer as vagas disponibilizadas pelo projeto. As vagas s\u00e3o limitadas e haver\u00e1 um processo seletivo. Importante! Fique atento ao n\u00famero de telefone cadastrado, a equipe ir\u00e1 entrar em contato por aplicativo de mensagens ou por liga\u00e7\u00e3o.<\/span><\/span><\/span><\/p>\n<p><span><span><span>Formul\u00e1rio:<\/span><\/span><\/span><br \/><span><span><a href=\"https:\/\/forms.gle\/h1bz8tcJ5YLuitMU6\" target=\"_blank\" rel=\"noopener\"><span>https:\/\/forms.gle\/h1bz8tcJ5YLuitMU6<\/span><\/a><\/span><\/span><\/p>\n<p><span><span><span>Site:<\/span><\/span><\/span><br \/><span><span><a href=\"https:\/\/www.institutoneoenergia.org.br\/pt\/como-atuamos\/arte-e-cultura\/Paginas\/oficinas-culturais-e-artisticas.aspx\" target=\"_blank\" rel=\"noopener\"><span>https:\/\/www.institutoneoenergia.org.br\/pt\/como-atuamos\/arte-e-cultura\/Paginas\/oficinas-culturais-e-artisticas.aspx<\/span><\/a><\/span><\/span><\/p>\n<p><span><span><span>Instagram: @neoenergia_oficial<\/span><\/span><\/span><br \/><span><span><a href=\"https:\/\/www.instagram.com\/institutoneoenergiaoficial\/\" target=\"_blank\" rel=\"noopener\"><span>https:\/\/www.instagram.com\/institutoneoenergiaoficial\/<\/span><\/a><\/span><\/span><\/p>\n<p><span><span><span>Instagram: @sparteecultura <\/span><\/span><\/span><br \/><span><span><a href=\"https:\/\/www.instagram.com\/sparteecultura\" target=\"_blank\" rel=\"noopener\"><span>https:\/\/www.instagram.com\/sparteecultura<\/span><\/a><\/span><\/span><\/p>\n<p><span><span><u><span>Sobre o Instituto Neoenergia<\/span><\/u><\/span><\/span><br \/><span><span><span>O Instituto Neoenergia integra o Investimento Social Privado da Neoenergia e tem o prop\u00f3sito de fomentar iniciativas que estimulem a transforma\u00e7\u00e3o das pessoas e do planeta, nas regi\u00f5es onde a empresa est\u00e1 presente. Por meio de cinco pilares de atua\u00e7\u00e3o &#8211; Forma\u00e7\u00e3o e Pesquisa, Biodiversidade e Mudan\u00e7as Clim\u00e1ticas, Arte e Cultura, A\u00e7\u00e3o Social e Colabora\u00e7\u00e3o Institucional &#8211; contribui diretamente com o alcance dos Objetivos de Desenvolvimento Sustent\u00e1vel da ONU, em conson\u00e2ncia com as melhores pr\u00e1ticas ESG.<\/span><\/span><\/span><\/p>\n<p><span><span><u><span>Sobre a Neoenergia Elektro<\/span><\/u><\/span><\/span><br \/><span><span><span>Reconhecida por oito vezes como a melhor distribuidora de energia el\u00e9trica do Brasil, a Neoenergia Elektro \u00e9 uma empresa do Grupo Neoenergia. Com atua\u00e7\u00e3o em 228 munic\u00edpios, sendo 223 no Estado de S\u00e3o Paulo e cinco no Mato Grosso do Sul, a Elektro tem uma \u00e1rea de concess\u00e3o de 121 mil quil\u00f4metros quadrados. A empresa tem 2,5 milh\u00f5es de clientes (6 milh\u00f5es de habitantes). <\/span><\/span><\/span><br \/>&nbsp;<\/p>\n<\/div>\n<p><img decoding=\"async\" src=\"http:\/\/portal.cidadenoar.com.br\/wp-content\/uploads\/sites\/22\/2024\/12\/curso-livre-e-gratuito-de-design-de-moda-abre-inscricoes-ate-22-de-agosto-para-moradores-de-mongagua-sp.jpg\" alt=\"\" title=\"\"><\/p>\n","protected":false},"excerpt":{"rendered":"<p>M. Vieira<\/p>\n","protected":false},"author":1,"featured_media":0,"comment_status":"closed","ping_status":"closed","sticky":false,"template":"","format":"standard","meta":{"footnotes":""},"categories":[21],"tags":[31],"class_list":["post-1272","post","type-post","status-publish","format-standard","hentry","category-tecnologia-educacao","tag-educacao"],"_links":{"self":[{"href":"https:\/\/cidadenoar.com\/global\/wp-json\/wp\/v2\/posts\/1272","targetHints":{"allow":["GET"]}}],"collection":[{"href":"https:\/\/cidadenoar.com\/global\/wp-json\/wp\/v2\/posts"}],"about":[{"href":"https:\/\/cidadenoar.com\/global\/wp-json\/wp\/v2\/types\/post"}],"author":[{"embeddable":true,"href":"https:\/\/cidadenoar.com\/global\/wp-json\/wp\/v2\/users\/1"}],"replies":[{"embeddable":true,"href":"https:\/\/cidadenoar.com\/global\/wp-json\/wp\/v2\/comments?post=1272"}],"version-history":[{"count":0,"href":"https:\/\/cidadenoar.com\/global\/wp-json\/wp\/v2\/posts\/1272\/revisions"}],"wp:attachment":[{"href":"https:\/\/cidadenoar.com\/global\/wp-json\/wp\/v2\/media?parent=1272"}],"wp:term":[{"taxonomy":"category","embeddable":true,"href":"https:\/\/cidadenoar.com\/global\/wp-json\/wp\/v2\/categories?post=1272"},{"taxonomy":"post_tag","embeddable":true,"href":"https:\/\/cidadenoar.com\/global\/wp-json\/wp\/v2\/tags?post=1272"}],"curies":[{"name":"wp","href":"https:\/\/api.w.org\/{rel}","templated":true}]}}