{"id":1273,"date":"2023-07-25T00:03:34","date_gmt":"2023-07-25T03:03:34","guid":{"rendered":"https:\/\/cidadenoar.com\/noticia\/34752\/vestibular-de-inverno-gran-faculdade-campus-curitiba-esta-com-inscricoes-abertas-ate-24-de-agosto"},"modified":"2023-07-25T00:03:34","modified_gmt":"2023-07-25T03:03:34","slug":"vestibular-de-inverno-gran-faculdade-campus-curitiba-esta-com-inscricoes-abertas-ate-24-de-agosto","status":"publish","type":"post","link":"https:\/\/cidadenoar.com\/global\/tecnologia-educacao\/vestibular-de-inverno-gran-faculdade-campus-curitiba-esta-com-inscricoes-abertas-ate-24-de-agosto\/","title":{"rendered":"Vestibular de inverno Gran Faculdade Campus Curitiba est\u00e1 com inscri\u00e7\u00f5es abertas at\u00e9 24 de agosto"},"content":{"rendered":"<div class=\"boxhtml_full\"> <a href=\"34752\/24073114_download_8.jpg.jpg\" title=\"Divulga\u00e7\u00e3o\" data-gallery> <img \/image?src=34752\/24073114_download_8.jpg.jpg&amp;w=1200&amp;h=630&amp;output=webp\" align=\"left\" class=\"img-responsive\"> <\/a><i>Divulga\u00e7\u00e3o<\/i><\/div>\n<p><span><span><span><span><span><span><span>O vestibular de inverno da Gran Faculdade Campus Curitiba est\u00e1 com inscri\u00e7\u00f5es abertas at\u00e9 o dia 24 de agosto para os cursos de gradua\u00e7\u00e3o presencial. Para se inscrever, o candidato deve acessar o<\/span><\/span><\/span><\/span><\/span><\/span><\/span><a href=\"https:\/\/presencial.grancursosonline.com.br\/inscricao\/vestibular\/\" target=\"_blank\" rel=\"noopener\"><span><span><span><span><span><span><span><span><span> site da institui\u00e7\u00e3o<\/span><\/span><\/span><\/span><\/span><\/span><\/span><\/span><\/span><\/a><span><span><span><span><span><span><span> e preencher todos os campos. Na inscri\u00e7\u00e3o, o futuro aluno deve selecionar o curso escolhido, as op\u00e7\u00f5es Direito, Pedagogia, Psicologia, Administra\u00e7\u00e3o, Servi\u00e7o Social, Engenharia de Produ\u00e7\u00e3o, Ci\u00eancias da Computa\u00e7\u00e3o, Log\u00edstica, Marketing, Recursos Humanos, Gest\u00e3o Comercial e Ci\u00eancias Cont\u00e1beis.&nbsp;<\/span><\/span><\/span><\/span><\/span><\/span><\/span><\/p>\n<p><span><span><span><span><span><span><span>A Gran Faculdade faz parte do ecossistema educacional da edtech Gran, empresa com 10 anos de exist\u00eancia, que com o DNA inovador, vem ganhando espa\u00e7o no mercado. Com conceito m\u00e1ximo no MEC, a Gran Faculdade Campus Curitiba oferece uma <\/span><\/span><\/span><\/span><\/span><\/span><\/span><span><span><span><span><span><span><span>estrutura adequada para teoria e pr\u00e1tica profissional e conta com professores qualificados e did\u00e1ticos al\u00e9m de mensalidades acess\u00edveis.&nbsp;<\/span><\/span><\/span><\/span><\/span><\/span><\/span><\/p>\n<p><span><span><span><span><span><span><span>A Gran Faculdade possui tamb\u00e9m unidades f\u00edsicas, chamadas de polos de apoio. Essa rede est\u00e1 sendo constitu\u00edda de acordo com a distribui\u00e7\u00e3o da base de alunos, privilegiando as regi\u00f5es com maior presen\u00e7a de estudantes. Por enquanto, h\u00e1 um polo da Gran Faculdade em cada capital de estado, incluindo o Distrito Federal.<\/span><\/span><\/span><\/span><\/span><\/span><\/span><\/p>\n<p><span><span><span><span><span><span><span>A cada novo semestre, a Gran Faculdade Campus Curitiba abre vestibular para novos ingressantes dos cursos presenciais. O vestibular \u00e9 simplificado e 100% online e a faculdade presencial do Gran tamb\u00e9m permite ingresso por meio da nota do Enem, com bolsa de estudos pelo Programa Universidade para Todos ou por transfer\u00eancia para alunos de outras faculdades que querem estudar com a qualidade Gran.<\/span><\/span><\/span><\/span><\/span><\/span><\/span><\/p>\n<p><span><span><span><span><span><span><span>Atualmente, a Gran Faculdade possui ainda 75 cursos de p\u00f3s-gradua\u00e7\u00e3o EAD nas \u00e1reas de gest\u00e3o, finan\u00e7as, jur\u00eddica, engenharia, educa\u00e7\u00e3o, seguran\u00e7a p\u00fablica, sa\u00fade e tecnologia.&nbsp;<\/span><\/span><\/span><\/span><\/span><\/span><\/span><\/p>\n<p>&nbsp;<br \/><img decoding=\"async\" src=\"http:\/\/portal.cidadenoar.com.br\/wp-content\/uploads\/sites\/22\/2024\/12\/vestibular-de-inverno-gran-faculdade-campus-curitiba-esta-com-inscricoes-abertas-ate-24-de-agosto.jpg\" alt=\"\" title=\"\"><\/p>\n","protected":false},"excerpt":{"rendered":"","protected":false},"author":1,"featured_media":0,"comment_status":"closed","ping_status":"closed","sticky":false,"template":"","format":"standard","meta":{"footnotes":""},"categories":[21],"tags":[31],"class_list":["post-1273","post","type-post","status-publish","format-standard","hentry","category-tecnologia-educacao","tag-educacao"],"_links":{"self":[{"href":"https:\/\/cidadenoar.com\/global\/wp-json\/wp\/v2\/posts\/1273","targetHints":{"allow":["GET"]}}],"collection":[{"href":"https:\/\/cidadenoar.com\/global\/wp-json\/wp\/v2\/posts"}],"about":[{"href":"https:\/\/cidadenoar.com\/global\/wp-json\/wp\/v2\/types\/post"}],"author":[{"embeddable":true,"href":"https:\/\/cidadenoar.com\/global\/wp-json\/wp\/v2\/users\/1"}],"replies":[{"embeddable":true,"href":"https:\/\/cidadenoar.com\/global\/wp-json\/wp\/v2\/comments?post=1273"}],"version-history":[{"count":0,"href":"https:\/\/cidadenoar.com\/global\/wp-json\/wp\/v2\/posts\/1273\/revisions"}],"wp:attachment":[{"href":"https:\/\/cidadenoar.com\/global\/wp-json\/wp\/v2\/media?parent=1273"}],"wp:term":[{"taxonomy":"category","embeddable":true,"href":"https:\/\/cidadenoar.com\/global\/wp-json\/wp\/v2\/categories?post=1273"},{"taxonomy":"post_tag","embeddable":true,"href":"https:\/\/cidadenoar.com\/global\/wp-json\/wp\/v2\/tags?post=1273"}],"curies":[{"name":"wp","href":"https:\/\/api.w.org\/{rel}","templated":true}]}}