{"id":1274,"date":"2023-07-24T00:06:34","date_gmt":"2023-07-24T03:06:34","guid":{"rendered":"https:\/\/cidadenoar.com\/noticia\/34736\/maratona-tech-tem-inscricoes-prorrogadas-ate-04-de-agosto"},"modified":"2023-07-24T00:06:34","modified_gmt":"2023-07-24T03:06:34","slug":"maratona-tech-tem-inscricoes-prorrogadas-ate-04-de-agosto","status":"publish","type":"post","link":"https:\/\/cidadenoar.com\/global\/tecnologia-educacao\/maratona-tech-tem-inscricoes-prorrogadas-ate-04-de-agosto\/","title":{"rendered":"Maratona Tech tem inscri\u00e7\u00f5es prorrogadas at\u00e9 04 de agosto"},"content":{"rendered":"<div class=\"boxhtml_full\"> <a href=\"34736\/21074859_image1.png.png\" title data-gallery> <img \/image?src=34736\/21074859_image1.png.png&amp;w=1200&amp;h=630&amp;output=webp\" align=\"left\" class=\"img-responsive\"> <\/a><\/div>\n<p><span><span><span><span><span><span>S\u00e3o Paulo, julho de 2023 &#8211; <\/span><\/span><\/span><\/span><\/span><\/span><span><span><span><span><span><span>A Maratona Tech, considerada a maior competi\u00e7\u00e3o de tecnologia do pa\u00eds, prorrogou o prazo de inscri\u00e7\u00f5es para sua segunda edi\u00e7\u00e3o at\u00e9 04 de agosto. A iniciativa, que envolve professores e estudantes de escolas p\u00fablicas e particulares de todo o Brasil, \u00e9 promovida em parceria entre o Movimento Tech, coaliz\u00e3o que busca despertar o interesse dos jovens pela carreira no setor, al\u00e9m de fomentar a inclus\u00e3o, forma\u00e7\u00e3o e empregabilidade, e a <\/span><\/span><\/span><\/span><\/span><\/span><a href=\"https:\/\/associacaocactus.com.br\/\" target=\"_blank\" rel=\"noopener\"><span><span><span><span><span><span><span><span>Associa\u00e7\u00e3o Cactus<\/span><\/span><\/span><\/span><\/span><\/span><\/span><\/span><\/a><span><span><span><span><span><span>. A competi\u00e7\u00e3o conta com patroc\u00ednio do iFood, empresa brasileira de tecnologia, que tamb\u00e9m est\u00e1 entre os mantenedores do Movimento Tech.<\/span><\/span><\/span><\/span><\/span><\/span><\/p>\n<p> &nbsp; <\/p>\n<p><span><span><span><span><span><span>A Maratona Tech leva os conceitos da tecnologia para dentro da sala de aula, impactando professores e estudantes, desenvolvendo aprendizagem dos jovens e conectando-os a este mundo. \u201cEsta \u00e9 a chance de desenvolver pessoas para as oportunidades de carreira que a \u00e1rea oferece, especialmente porque, de acordo com relat\u00f3rio do F\u00f3rum Econ\u00f4mico Mundial, 8 das 10 profiss\u00f5es que ter\u00e3o maior demanda nos pr\u00f3ximos anos s\u00e3o da \u00e1rea de tecnologia\u201d, afirma Luanna Luna, diretora de Educa\u00e7\u00e3o do iFood.&nbsp;<\/span><\/span><\/span><\/span><\/span><\/span><\/p>\n<p> &nbsp; <\/p>\n<p><span><span><span><span><span><span>Combate \u00e0 exclus\u00e3o digital<\/span><\/span><\/span><\/span><\/span><\/span><\/p>\n<p><span><span><span><span><span><span>A Maratona Tech pretende combater desigualdades e criar uma sociedade mais justa, com acesso \u00e0 tecnologia para mais gente, al\u00e9m de incentivar o protagonismo dos estudantes e abrir oportunidades. \u201cMesmo observando as mudan\u00e7as nas profiss\u00f5es e habilidades exigidas pelo mercado, percebemos que os jovens ainda sonham em trabalhar em cargos mais tradicionais, muitas vezes pela falta de acesso ou por acharem que n\u00e3o s\u00e3o capazes. A nossa ideia \u00e9 mudar esse cen\u00e1rio e inserir mais pessoas nesse novo mercado\u201d, refor\u00e7a Luanna.&nbsp;<\/span><\/span><\/span><\/span><\/span><\/span><\/p>\n<p> &nbsp; <\/p>\n<p><span><span><span><span><span><span>O apoio a iniciativas como esta colocam o iFood mais pr\u00f3ximo dos compromissos assumidos com a sociedade de, at\u00e9 2025, formar e empregar 25 mil pessoas de p\u00fablicos sub-representados e de baixa renda em tecnologia, al\u00e9m de capacitar mais de 5 milh\u00f5es de pessoas para o trabalho do futuro e empreendedorismo.<\/span><\/span><\/span><\/span><\/span><\/span><\/p>\n<p> &nbsp; <\/p>\n<p><span><span><span><span><span><span>Trilha para o sucesso<\/span><\/span><\/span><\/span><\/span><\/span><\/p>\n<p><span><span><span><span><span><span>A participa\u00e7\u00e3o na Maratona Tech \u00e9 gratuita e agora as inscri\u00e7\u00f5es v\u00e3o<\/span><\/span><\/span><\/span><\/span><\/span><span><span><span><span><span><span> at\u00e9 o dia 04 de agosto.<\/span><\/span><\/span><\/span><\/span><\/span><span><span><span><span><span><span> Nesta fase, professores e representantes das escolas interessadas devem fazer as inscri\u00e7\u00f5es das suas turmas pelo site: <\/span><\/span><\/span><\/span><\/span><\/span><a href=\"https:\/\/maratonatech.associacaocactus.com.br\/\" target=\"_blank\" rel=\"noopener\"><span><span><span><span><span><span><span><span>https:\/\/maratonatech.associacaocactus.com.br\/<\/span><\/span><\/span><\/span><\/span><\/span><\/span><\/span><\/a><span><span><span><span><span><span>.&nbsp;<\/span><\/span><\/span><\/span><\/span><\/span><\/p>\n<p> &nbsp; <\/p>\n<p><span><span><span><span><span><span>Ap\u00f3s as inscri\u00e7\u00f5es, professores recebem uma forma\u00e7\u00e3o exclusiva e um desafio para aplicar em sala de aula, enquanto os alunos estudam, apresentam os trabalhos e os melhores s\u00e3o escolhidos para a fase final da competi\u00e7\u00e3o.<\/span><\/span><\/span><\/span><\/span><\/span><\/p>\n<p> &nbsp; <\/p>\n<p><span><span><span><span><span><span>\u201cA Maratona Tech \u00e9 uma competi\u00e7\u00e3o divertida que vai al\u00e9m do conte\u00fado, ela trabalha tamb\u00e9m com o socioemocional dos estudantes. Para muitos jovens, vai ser o primeiro contato com as possibilidades do mundo da tecnologia. A inten\u00e7\u00e3o \u00e9 aproxim\u00e1-los por meio de uma jornada de aprendizagem\u201d, afirma Jefferson Vianna, CEO Cactus.<\/span><\/span><\/span><\/span><\/span><\/span><\/p>\n<p> &nbsp; <\/p>\n<p><span><span><span><span><span><span>Primeira edi\u00e7\u00e3o<\/span><\/span><\/span><\/span><\/span><\/span><\/p>\n<p><span><span><span><span><span><span>No ano passado, a Maratona reuniu 80 mil estudantes em 21 estados e 183 cidades brasileiras. Destes, 222 estudantes foram premiados com bolsas em tecnologia.<\/span><\/span><\/span><\/span><\/span><\/span><\/p>\n<p> &nbsp; <\/p>\n<p><span><span><span><span><span><span>Jo\u00e3o Pedro Correia Nascimento, de Uberl\u00e2ndia, MG, \u00e9 um dos integrantes da equipe que levou o primeiro lugar na Maratona Tech 2022, a primeira edi\u00e7\u00e3o da competi\u00e7\u00e3o. Ele conta que a experi\u00eancia o ajudou a aprimorar seus conhecimentos em l\u00f3gica de programa\u00e7\u00e3o, o que ele considera importante para seguir na \u00e1rea de desenvolvimento web. \u201cGra\u00e7as \u00e0 maratona, ganhei uma bolsa de estudos na Kenzie Academy Brasil, onde estou aprendendo muitas coisas sobre desenvolvimento web e soft skills, habilidades muito importantes para o mercado de trabalho. Al\u00e9m disso, ganhei um notebook, o que \u00e9 fundamental para meus estudos. Estou cada dia mais perto de me tornar um desenvolvedor web Full-Stack\u201d, comemora.&nbsp;<\/span><\/span><\/span><\/span><\/span><\/span><\/p>\n<p> &nbsp; <\/p>\n<p><span><span><span><span><span><span>Para a segunda edi\u00e7\u00e3o do Maratona Tech, a expectativa \u00e9 ter 500 mil alunos inscritos e mil jovens premiados ao final.<\/span><\/span><\/span><\/span><\/span><\/span><\/p>\n<p> &nbsp; <\/p>\n<p><span><span><span><span><span><span>Sobre o iFood<\/span><\/span><\/span><\/span><\/span><\/span><\/p>\n<p><span><span><span><span><span><span>O iFood \u00e9 uma empresa brasileira de tecnologia, que aproxima clientes, restaurantes e entregadores de forma simples e pr\u00e1tica. O iFood tem o prop\u00f3sito de alimentar o futuro do Brasil e do mundo, transformando a sociedade por meio da educa\u00e7\u00e3o e da tecnologia, da seguran\u00e7a alimentar, da inclus\u00e3o e com um impacto socioambiental positivo.<\/span><\/span><\/span><\/span><\/span><\/span><\/p>\n<p> &nbsp; <\/p>\n<p><span><span><span><span><span><span>Com mais de 70 milh\u00f5es de pedidos mensais, o iFood atua com intelig\u00eancia de neg\u00f3cio e solu\u00e7\u00f5es de gest\u00e3o para promover e desenvolver um ecossistema de mais de 300 mil estabelecimentos cadastrados, 200 mil entregadores conectados em mais de 1700 cidades em todo o Brasil. H\u00e1 11 anos no mercado, a empresa vai al\u00e9m do food delivery e cresce tamb\u00e9m em neg\u00f3cios de Mercado, Fintech e Benef\u00edcios, unindo tecnologia e conveni\u00eancia na entrega de solu\u00e7\u00f5es aos parceiros. O iFood conta com um importante investidor tamb\u00e9m brasileiro, a Movile.<\/span><\/span><\/span><\/span><\/span><\/span><\/p>\n<p> &nbsp; <\/p>\n<p><span><span><span><span><span><span>Para mais informa\u00e7\u00f5es sobre o iFood, suas novidades e a nossa fome de alimentar o mundo, acesse o iFood News.<\/span><\/span><\/span><\/span><\/span><\/span><\/p>\n<p> &nbsp; <\/p>\n<p><span><span><span><span><span><span>Sobre o Movimento Tech<\/span><\/span><\/span><\/span><\/span><\/span><\/p>\n<p><span><span><span><span><span><span>Coaliz\u00e3o de organiza\u00e7\u00f5es que movem as alavancas necess\u00e1rias desde a idade escolar at\u00e9 a forma\u00e7\u00e3o e empregabilidade na \u00e1rea de tecnologia com foco em gerar um setor tecnol\u00f3gico mais forte e justo, com inclus\u00e3o e equidade para pessoas de baixa renda e perfil sub-representado.<\/span><\/span><\/span><\/span><\/span><\/span><\/p>\n<p> &nbsp; <\/p>\n<p><span><span><span><span><span><span>Sobre a Associa\u00e7\u00e3o Cactus&nbsp;<\/span><\/span><\/span><\/span><\/span><\/span><\/p>\n<p><span><span><span><span><span><span>Uma ONG que busca, atrav\u00e9s da educa\u00e7\u00e3o e da cria\u00e7\u00e3o de uma cultura de protagonismo, transformar a vida dos jovens nos contextos mais agrestes, garantindo educa\u00e7\u00e3o de qualidade e gerando equidade no sistema de ensino p\u00fablico.<\/span><\/span><\/span><\/span><\/span><\/span><\/p>\n<p> &nbsp; <\/p>\n<p><span><span><span><span><span><span>Contatos:<\/span><\/span><\/span><\/span><\/span><\/span><\/p>\n<p><span><span><span><span><span><span><a href=\"https:\/\/cidadenoar.com\/cdn-cgi\/l\/email-protection\" class=\"__cf_email__\" data-cfemail=\"6c05011c1e09021f0d2c050a030308420f0301420e1e\">[email&nbsp;protected]<\/a> \/ <a href=\"https:\/\/cidadenoar.com\/cdn-cgi\/l\/email-protection\" class=\"__cf_email__\" data-cfemail=\"6d040b0202092d0f1f020908181f430e0200430f1f\">[email&nbsp;protected]<\/a>&nbsp;<\/span><\/span><\/span><\/span><\/span><\/span><\/p>\n<p><span><span><span><span><span><span>ifoodnewsbrasil \/ iFood News<\/span><\/span><\/span><\/span><\/span><\/span><\/p>\n<p>&nbsp;<br \/><img decoding=\"async\" src=\"http:\/\/portal.cidadenoar.com.br\/wp-content\/uploads\/sites\/22\/2024\/12\/maratona-tech-tem-inscricoes-prorrogadas-ate-04-de-agosto.png\" alt=\"\" title=\"\"><\/p>\n","protected":false},"excerpt":{"rendered":"","protected":false},"author":1,"featured_media":0,"comment_status":"closed","ping_status":"closed","sticky":false,"template":"","format":"standard","meta":{"footnotes":""},"categories":[21],"tags":[31],"class_list":["post-1274","post","type-post","status-publish","format-standard","hentry","category-tecnologia-educacao","tag-educacao"],"_links":{"self":[{"href":"https:\/\/cidadenoar.com\/global\/wp-json\/wp\/v2\/posts\/1274","targetHints":{"allow":["GET"]}}],"collection":[{"href":"https:\/\/cidadenoar.com\/global\/wp-json\/wp\/v2\/posts"}],"about":[{"href":"https:\/\/cidadenoar.com\/global\/wp-json\/wp\/v2\/types\/post"}],"author":[{"embeddable":true,"href":"https:\/\/cidadenoar.com\/global\/wp-json\/wp\/v2\/users\/1"}],"replies":[{"embeddable":true,"href":"https:\/\/cidadenoar.com\/global\/wp-json\/wp\/v2\/comments?post=1274"}],"version-history":[{"count":0,"href":"https:\/\/cidadenoar.com\/global\/wp-json\/wp\/v2\/posts\/1274\/revisions"}],"wp:attachment":[{"href":"https:\/\/cidadenoar.com\/global\/wp-json\/wp\/v2\/media?parent=1274"}],"wp:term":[{"taxonomy":"category","embeddable":true,"href":"https:\/\/cidadenoar.com\/global\/wp-json\/wp\/v2\/categories?post=1274"},{"taxonomy":"post_tag","embeddable":true,"href":"https:\/\/cidadenoar.com\/global\/wp-json\/wp\/v2\/tags?post=1274"}],"curies":[{"name":"wp","href":"https:\/\/api.w.org\/{rel}","templated":true}]}}