{"id":1308,"date":"2023-08-24T11:42:45","date_gmt":"2023-08-24T14:42:45","guid":{"rendered":"https:\/\/cidadenoar.com\/noticia\/34842\/tomas-rincon-e-apresentado-no-santos-enaltece-a-torcida-e-promete-mais-entrega-do-elenco"},"modified":"2025-07-26T18:31:16","modified_gmt":"2025-07-26T21:31:16","slug":"tomas-rincon-e-apresentado-no-santos-enaltece-a-torcida-e-promete-mais-entrega-do-elenco","status":"publish","type":"post","link":"https:\/\/cidadenoar.com\/global\/geral\/tomas-rincon-e-apresentado-no-santos-enaltece-a-torcida-e-promete-mais-entrega-do-elenco\/","title":{"rendered":"Tom\u00e1s Rinc\u00f3n \u00e9 apresentado no Santos, enaltece a torcida e promete mais entrega do elenco"},"content":{"rendered":"<p><small id=\"v_data\">24\/08\/2023 \u00e0s 11h43min &#8211; Atualizada em 24\/08\/2023 \u00e0s 11h41min<\/small> <\/p>\n<h4><\/h4>\n<p>SUAIMPRENSA &#8211; cidadenoar.com<\/p>\n<p> <small class=\"small\"><\/small> <\/p>\n<div id=\"texto_release_format\">\n<div class=\"boxhtml_full\"> <a href=\"34842\/24082023114345_Raul_Baret.jpg\" title=\"Foto: Raul Baretta\/Santos FC\" data-gallery> <img \/image?src=34842\/24082023114345_Raul_Baret.jpg&amp;w=1200&amp;h=630&amp;output=webp\" align=\"left\" class=\"img-responsive\"> <\/a><i>Foto: Raul Baretta\/Santos FC<\/i><\/div>\n<div readability=\"22.085889570552\"><span readability=\"34.355828220859\">O volante <a href=\"https:\/\/sempresantos.com.br\/\" target=\"_blank\" rel=\"noopener\">Tom\u00e1s Rinc\u00f3n<\/a> foi oficialmente apresentado como refor\u00e7o do Santos. O jogador de 35 anos participou de uma coletiva de imprensa nesta quarta-feira (23), na Vila Belmiro, e comentou sobre a fase do clube e o que \u00e9 necess\u00e1rio fazer para sair da zona de rebaixamento.<br \/>&nbsp;<br \/>&#8220;<strong>Estando nessa situa\u00e7\u00e3o \u00e9 importante ver que o que passou, passou. E construir um esp\u00edrito de equipe, porque n\u00e3o podemos pensar no \u201ceu\u201d. Temos de pensar em como vou contribuir para o time. Temos de torcer para a pessoa que est\u00e1 jogando. Tenho de trabalhar na semana para construir uma energia que contagie a equipe<\/strong>&#8221; &#8211; disse Rinc\u00f3n<\/p>\n<p>&#8220;<strong>Quando o resultado n\u00e3o vem, voc\u00ea pode perder confian\u00e7a. O importante \u00e9 que o trabalho no dia a dia seja com convic\u00e7\u00e3o do que estamos fazendo. E como disse: com uma mentalidade de equipe. Pensando pouco na individualidade. Dessa maneira vamos conseguir mudar a mentalidade. Quando um companheiro errar, o outro ajudar. Com esse esp\u00edrito que vi domingo no est\u00e1dio, creio que pode ser um bom in\u00edcio<\/strong>&#8221; &#8211; concluiu<\/p>\n<p><a href=\"https:\/\/sempresantos.com.br\/\" target=\"_blank\" rel=\"noopener\">Tom\u00e1s Rinc\u00f3n<\/a> tamb\u00e9m enalteceu a import\u00e2ncia da torcida na vit\u00f3ria por 2 a 1 sobre o Gr\u00eamio. Para o venezuelano, a energia vinda das arquibancadas foi crucial na virada contra os sulistas. Al\u00e9m disso, prometeu mais entrega do elenco nos pr\u00f3ximos jogos.<\/p>\n<p>&#8220;<strong>Foi muito importante o apoio da torcida no domingo. Creio que esse est\u00e1dio, com esse ambiente, deixa muito dif\u00edcil para quem vem jogar aqui. Nos contagia, d\u00e1 vontade de jogar e reverter essa situa\u00e7\u00e3o. A torcida decidiu apoiar no meio dessa situa\u00e7\u00e3o dif\u00edcil e estamos agradecidos. Vamos nos entregar ao m\u00e1ximo. O resultado vai ser consequ\u00eancia do trabalho. O futebol tem tr\u00eas resultados, nem sempre vamos ganhar, mas com esse esp\u00edrito vamos lutar e vai ser dif\u00edcil perdermos<\/strong>&#8221; &#8211; comentou<\/p>\n<p>De acordo com <a href=\"https:\/\/sempresantos.com.br\/\" target=\"_blank\" rel=\"noopener\">Tom\u00e1s Rinc\u00f3n<\/a>, ele tamb\u00e9m pode atuar em qualquer \u00e1rea do meio-campo, e se colocou \u00e0 disposi\u00e7\u00e3o do t\u00e9cnico Diego Aguirre para desempenhar qualquer fun\u00e7\u00e3o se for necess\u00e1rio.<\/p>\n<p>&#8220;<strong>Posso jogar sozinho no meio, com tr\u00eas volantes. Independentemente disso, eu simplesmente me coloquei \u00e0 disposi\u00e7\u00e3o. N\u00e3o importa a posi\u00e7\u00e3o. N\u00e3o importa se tenho que jogar. Estamos aqui para lutar. Eu vou me preparar fisicamente todos os dias para poder estar competitivo<\/strong>&#8221; &#8211; finalizou<\/p>\n<p><\/span><\/div>\n<p><\/div>\n<p> <img decoding=\"async\" src=\"http:\/\/portal.cidadenoar.com.br\/wp-content\/uploads\/sites\/22\/2024\/12\/tomas-rincon-e-apresentado-no-santos-enaltece-a-torcida-e-promete-mais-entrega-do-elenco.jpg\" alt=\"\" title=\"\"><\/p>\n","protected":false},"excerpt":{"rendered":"<p>24\/08\/2023 \u00e0s 11h43min &#8211; Atualizada em 24\/08\/2023 \u00e0s 11h41min SUAIMPRENSA &#8211; cidadenoar.com<\/p>\n","protected":false},"author":1,"featured_media":0,"comment_status":"closed","ping_status":"closed","sticky":false,"template":"","format":"standard","meta":{"footnotes":""},"categories":[1],"tags":[53],"class_list":["post-1308","post","type-post","status-publish","format-standard","hentry","category-geral","tag-esportes"],"_links":{"self":[{"href":"https:\/\/cidadenoar.com\/global\/wp-json\/wp\/v2\/posts\/1308","targetHints":{"allow":["GET"]}}],"collection":[{"href":"https:\/\/cidadenoar.com\/global\/wp-json\/wp\/v2\/posts"}],"about":[{"href":"https:\/\/cidadenoar.com\/global\/wp-json\/wp\/v2\/types\/post"}],"author":[{"embeddable":true,"href":"https:\/\/cidadenoar.com\/global\/wp-json\/wp\/v2\/users\/1"}],"replies":[{"embeddable":true,"href":"https:\/\/cidadenoar.com\/global\/wp-json\/wp\/v2\/comments?post=1308"}],"version-history":[{"count":0,"href":"https:\/\/cidadenoar.com\/global\/wp-json\/wp\/v2\/posts\/1308\/revisions"}],"wp:attachment":[{"href":"https:\/\/cidadenoar.com\/global\/wp-json\/wp\/v2\/media?parent=1308"}],"wp:term":[{"taxonomy":"category","embeddable":true,"href":"https:\/\/cidadenoar.com\/global\/wp-json\/wp\/v2\/categories?post=1308"},{"taxonomy":"post_tag","embeddable":true,"href":"https:\/\/cidadenoar.com\/global\/wp-json\/wp\/v2\/tags?post=1308"}],"curies":[{"name":"wp","href":"https:\/\/api.w.org\/{rel}","templated":true}]}}