{"id":1310,"date":"2023-07-20T12:45:45","date_gmt":"2023-07-20T15:45:45","guid":{"rendered":"https:\/\/cidadenoar.com\/noticia\/34683\/com-semifinal-definida-gremio-e-flamengo-se-encontrarao-pela-9--vez-na-copa-do-brasil"},"modified":"2025-07-26T18:33:14","modified_gmt":"2025-07-26T21:33:14","slug":"com-semifinal-definida-gremio-e-flamengo-se-encontrarao-pela-9a-vez-na-copa-do-brasil","status":"publish","type":"post","link":"https:\/\/cidadenoar.com\/global\/geral\/com-semifinal-definida-gremio-e-flamengo-se-encontrarao-pela-9a-vez-na-copa-do-brasil\/","title":{"rendered":"Com semifinal definida, Gr\u00eamio e Flamengo se encontrar\u00e3o pela 9\u00aa vez na Copa do Brasil"},"content":{"rendered":"<div class=\"boxhtml_full\"> <a href=\"34683\/20074536_download.jpg\" title data-gallery> <img \/image?src=34683\/20074536_download.jpg&amp;w=1200&amp;h=630&amp;output=webp\" align=\"left\" class=\"img-responsive\"> <\/a><\/div>\n<p dir=\"ltr\"><span id=\"docs-internal-guid-53b68d82-7fff-632d-11fc-308535230ada\"><span>Na noite da \u00faltima quarta-feira, o <\/span><a href=\"https:\/\/ge.globo.com\/futebol\/times\/flamengo\/noticia\/2023\/07\/13\/x-gabigol-idolo-do-flamengo-rebate-hostilidade-com-gol-e-mordida-em-hamburguer.ghtml\" target=\"_blank\" rel=\"noopener\"><span>Flamengo<\/span><\/a><span> conseguiu vencer o Athletico-PR na Arena da Baixada e com isso garantiu sua vaga nas semifinais da Copa do Brasil. Dessa forma, a equipe carioca ter\u00e1 pela frente o Gr\u00eamio, que conseguiu superar o Bahia e avan\u00e7ou&nbsp; de fase na competi\u00e7\u00e3o.<\/span><\/span><br \/>&nbsp;<\/p>\n<p dir=\"ltr\"><span id=\"docs-internal-guid-53b68d82-7fff-632d-11fc-308535230ada\"><span>Com a semifinal definida, esta ser\u00e1 a nona vez que os times se encontram em uma fase de mata-mata da competi\u00e7\u00e3o e no retrospecto geral as equipes est\u00e3o empatadas. Isso porque, nos quatro primeiros encontros o Gr\u00eamio levou a melhor, inclusive na final de 1997, quando conquistou a ta\u00e7a da Copa do Brasil.&nbsp;<\/span><\/span><br \/>&nbsp;<\/p>\n<p dir=\"ltr\"><span id=\"docs-internal-guid-53b68d82-7fff-632d-11fc-308535230ada\"><span>Mas, a partir da\u00ed, nos quatro encontros seguintes, sendo o mais recente nas quartas de final de 2021, o Flamengo superou os ga\u00fachos e conseguiu avan\u00e7ar de fase, sendo que todos esses duelos ocorreram nas quartas de final.&nbsp;<\/span><\/span><br \/>&nbsp;<\/p>\n<p dir=\"ltr\"><span id=\"docs-internal-guid-53b68d82-7fff-632d-11fc-308535230ada\"><span>Em rela\u00e7\u00e3o a esses confrontos anteriores, todas as vezes que o Flamengo conseguiu superar o Gr\u00eamio no mata-mata, a equipe n\u00e3o levou grandes sustos, conseguindo vencer o advers\u00e1rio de forma convincente. Em 2021, por exemplo, o placar agregado ficou em 6 x 0 para o Rubro-Negro.<\/span><\/span><\/p>\n<p><span>Enquanto isso, do lado dos ga\u00fachos, em tr\u00eas das quatro ocasi\u00f5es em que eles conseguiram sobrepujar os cariocas, eles foram beneficiados pela regra do gol fora de casa, j\u00e1 que no placar agregado os duelos acabaram em empate, sendo que esta regra j\u00e1 foi extinta da Copa do Brasil.<\/span><\/p>\n<p><span>Por enquanto, a Confedera\u00e7\u00e3o Brasileira de Futebol (CBF) n\u00e3o confirmou as datas para o desempate entre Flamengo x Gr\u00eamio na Copa do Brasil, sendo que a entidade tinha pretens\u00f5es de realizar as partidas no come\u00e7o de agosto. Contudo, esses planos foram frustrados pela Conmebol, que agendou o mata-mata da Libertadores para esse per\u00edodo. Com isso, o Flamengo tem um encontro marcado com o Ol\u00edmpia, do Paraguai, nos dias 03 e 10 de agosto.&nbsp;<\/span><\/p>\n<p dir=\"ltr\">&nbsp;<\/p>\n<p dir=\"ltr\"><span id=\"docs-internal-guid-53b68d82-7fff-632d-11fc-308535230ada\"><span>Sendo assim, os torcedores que estavam ansiosos em realizar uma fezinha neste confronto, ter\u00e3o que se contentar por enquanto com os jogos do Campeonato Brasileiro e demais competi\u00e7\u00f5es cobertas pelas plataformas de apostas com <\/span><a href=\"https:\/\/apostasesportivas24.com\/bonus\/sem-deposito\/\" target=\"_blank\" rel=\"noopener\"><span>b\u00f4nus sem dep\u00f3sito<\/span><\/a><span>. Com esta oferta, o usu\u00e1rio pode come\u00e7ar a realizar seus pitacos sem ter feito um dep\u00f3sito inicial, recebendo um saldo promocional para testar os servi\u00e7os de determinada operadora e ainda tem a possibilidade de angariar algum lucro no processo.&nbsp;<\/span><\/span><\/p>\n<p> &nbsp; <\/p>\n<p dir=\"ltr\"><span id=\"docs-internal-guid-53b68d82-7fff-632d-11fc-308535230ada\"><span>Refor\u00e7o<\/span><\/span><\/p>\n<p> &nbsp; <\/p>\n<p dir=\"ltr\"><span id=\"docs-internal-guid-53b68d82-7fff-632d-11fc-308535230ada\"><span>Ao que parece, o Flamengo tem se movimentado para contratar mais um jogador para refor\u00e7ar a zaga da equipe para o restante da temporada, e um dos nomes mais cotados para vaga \u00e9 do defensor Lucas Ver\u00edssimo, que atualmente joga no Benfica, de <\/span><a href=\"https:\/\/cidadenoar.com\/noticia\/34066\/gaby-fontenelle-brilha-em-desfile-da-tropical-brasil-em-portugal\"><span>Portugal<\/span><\/a><span>.<\/span><\/span><br \/>&nbsp;<\/p>\n<p dir=\"ltr\"><span id=\"docs-internal-guid-53b68d82-7fff-632d-11fc-308535230ada\"><span>De acordo com o jornal portugu\u00eas <\/span><span>Record<\/span><span>, o Rubro-Negro estaria interessado nos servi\u00e7os do futebolista de 28 anos, e a equipe tem a inten\u00e7\u00e3o de oficializar uma proposta junto ao Benfica para contratar o atleta, contudo, um valor ainda n\u00e3o teria sindo definido.&nbsp;<\/span><\/span><br \/>&nbsp;<\/p>\n<p dir=\"ltr\"><span id=\"docs-internal-guid-53b68d82-7fff-632d-11fc-308535230ada\"><span>At\u00e9 aqui, o Flamengo j\u00e1 confirmou tr\u00eas refor\u00e7os para esta temporada, sendo eles o goleiro Agust\u00edn Rossi, o volante Allan e o ponta direita Luiz Ara\u00fajo. Al\u00e9m disso, a equipe carioca tem sondado outros nomes, como o argentino De La Cruz, do River Plate, e Claudinho, que atua no Zenit.<\/span><\/span><br \/>&nbsp;<\/p>\n<p dir=\"ltr\"><span id=\"docs-internal-guid-53b68d82-7fff-632d-11fc-308535230ada\"><span>Outro jogador que tem sido ventilado pelo Meng\u00e3o, pelo menos segundo o jornalista Fernando Czyz, \u00e9 o espanhol Sergio Ramos, que est\u00e1 sem clube desde que rompeu seu v\u00ednculo com o <\/span><a href=\"https:\/\/www.goal.com\/br\/listas\/sem-pressa-por-mbappe-implosao-psg-beneficia-real-madrid\/blta24c3e36d8d24186\" target=\"_blank\" rel=\"noopener\"><span>PSG<\/span><\/a><span>. De acordo com o jornalista, o Rubro-Negro teria conversado com o zagueiro em tr\u00eas ocasi\u00f5es e j\u00e1 teria relatado para o jogador que fara uma oferta formal para contrata-lo. Todavia, a disputa pelo passe do veterano de 37 anos est\u00e1 acirrada, j\u00e1 que o clube saudita Al-Ahli e o norte-americano Inter Miami tamb\u00e9m est\u00e3o na briga pelo atleta.&nbsp;<\/span><\/span><\/p>\n<p><img decoding=\"async\" src=\"http:\/\/portal.cidadenoar.com.br\/wp-content\/uploads\/sites\/22\/2024\/12\/com-semifinal-definida-gremio-e-flamengo-se-encontrarao-pela-9a-vez-na-copa-do-brasil.jpg\" alt=\"\" title=\"\"><\/p>\n","protected":false},"excerpt":{"rendered":"","protected":false},"author":1,"featured_media":0,"comment_status":"closed","ping_status":"closed","sticky":false,"template":"","format":"standard","meta":{"footnotes":""},"categories":[1],"tags":[53],"class_list":["post-1310","post","type-post","status-publish","format-standard","hentry","category-geral","tag-esportes"],"_links":{"self":[{"href":"https:\/\/cidadenoar.com\/global\/wp-json\/wp\/v2\/posts\/1310","targetHints":{"allow":["GET"]}}],"collection":[{"href":"https:\/\/cidadenoar.com\/global\/wp-json\/wp\/v2\/posts"}],"about":[{"href":"https:\/\/cidadenoar.com\/global\/wp-json\/wp\/v2\/types\/post"}],"author":[{"embeddable":true,"href":"https:\/\/cidadenoar.com\/global\/wp-json\/wp\/v2\/users\/1"}],"replies":[{"embeddable":true,"href":"https:\/\/cidadenoar.com\/global\/wp-json\/wp\/v2\/comments?post=1310"}],"version-history":[{"count":0,"href":"https:\/\/cidadenoar.com\/global\/wp-json\/wp\/v2\/posts\/1310\/revisions"}],"wp:attachment":[{"href":"https:\/\/cidadenoar.com\/global\/wp-json\/wp\/v2\/media?parent=1310"}],"wp:term":[{"taxonomy":"category","embeddable":true,"href":"https:\/\/cidadenoar.com\/global\/wp-json\/wp\/v2\/categories?post=1310"},{"taxonomy":"post_tag","embeddable":true,"href":"https:\/\/cidadenoar.com\/global\/wp-json\/wp\/v2\/tags?post=1310"}],"curies":[{"name":"wp","href":"https:\/\/api.w.org\/{rel}","templated":true}]}}