{"id":1324,"date":"2023-10-24T14:51:30","date_gmt":"2023-10-24T17:51:30","guid":{"rendered":"https:\/\/cidadenoar.com\/noticia\/34940\/brusque-sera-palco-nessa-quarta-feira-de-apresentacao-gratuita-da-orquestra-de-camara-de-blumenau"},"modified":"2025-07-26T18:20:46","modified_gmt":"2025-07-26T21:20:46","slug":"brusque-sera-palco-nessa-quarta-feira-de-apresentacao-gratuita-da-orquestra-de-camara-de-blumenau","status":"publish","type":"post","link":"https:\/\/cidadenoar.com\/global\/geral\/brusque-sera-palco-nessa-quarta-feira-de-apresentacao-gratuita-da-orquestra-de-camara-de-blumenau\/","title":{"rendered":"Brusque ser\u00e1 palco, nessa quarta-feira, de apresenta\u00e7\u00e3o gratuita da Orquestra de C\u00e2mara de Blumenau"},"content":{"rendered":"<div class=\"boxhtml_full\"> <a href=\"34940\/24104925_9401215582.jpg\" title data-gallery> <img \/image?src=34940\/24104925_9401215582.jpg&amp;w=1200&amp;h=630&amp;output=webp\" align=\"left\" class=\"img-responsive\"> <\/a><\/div>\n<p><em><strong>Com o concerto \u201cO Cinema e sua M\u00fasica\u201d, os m\u00fasicos v\u00e3o&nbsp; dar vida a grandes sucessos do cinema, com espet\u00e1culo gratuito, possibilitado pelo PIC, Mecenato Estadual de Santa Catarina e Funda\u00e7\u00e3o Catarinense de Cultura, com empresas apoiadoras<\/strong><\/em><\/p>\n<p>O ano de 2023 marcou a volta da Orquestra de C\u00e2mara de Blumenau aos palcos, depois da pandemia que prejudicou durante mais de dois anos todas as iniciativas culturais. Desde o in\u00edcio do ano, j\u00e1 foram 13 apresenta\u00e7\u00f5es e uma cancelada, na cidade de Itaja\u00ed, devido \u00e0s fortes chuvas. Para encerrar o m\u00eas de outubro, o concerto \u201cO Cinema e Sua M\u00fasica\u201d, sob a reg\u00eancia do maestro Daniel Bortholossi e dire\u00e7\u00e3o art\u00edstica de Daniele Girardello, ser\u00e1 apresentado&nbsp;nessa quarta-feira, 25, a partir das 20h, no CESCB (Centro Empresarial de Brusque). &nbsp;As apresenta\u00e7\u00f5es fecham com um grande concerto no dia 29 de novembro, com a participa\u00e7\u00e3o de Renato Borghetti.<\/p>\n<p>Os concertos fazem parte do projeto cultural gratuito \u201cM\u00fasica para a Vida\u201d &nbsp;que est\u00e1 sendo poss\u00edvel devido ao Programa de Incentivo \u00e0 Cultura (PIC), Mecenato Estadual de Santa Catarina e Funda\u00e7\u00e3o Catarinense de Cultura, al\u00e9m dos patroc\u00ednios das empresas Havan \/ Altenburg \/ Ideal \/ Volvo Dicave \/ CartonDruck \/ Oxford \/ ICRH Tigre \/ Karsten \/Bermo\/ Cooper e Artico. \u201cEstamos muito felizes em voltar aos palcos e apresentar concertos que est\u00e3o levando centenas de pessoas aos teatros\u201d, avalia o diretor art\u00edstico, Daniele Girardello.<\/p>\n<p>O repert\u00f3rio conta com uma sele\u00e7\u00e3o de grandes sucessos das trilhas sonoras de filmes consagrados do cinema. \u201cO p\u00fablico ter\u00e1 a oportunidade de assistir as vers\u00f5es orquestrais de m\u00fasicas de filmes como \u201cCinema Paradiso\u201d, \u201cLa Vita \u00e9 Bella\u201d, \u201cPiratas do Caribe\u201d,\u201d Star Wars\u201d, \u201cJames Bond\u201d, entre outras\u201d, conta Girardello.<\/p>\n<p><strong>Orquestra<\/strong><br \/>Desde 1981, a Orquestra eleva o nome de Blumenau e do estado de Santa Catarina para os principais palcos nacionais e internacionais. Apoiada por empresas privadas, sua trajet\u00f3ria consiste em projetos culturais que buscam difundir a m\u00fasica cl\u00e1ssica e em alcan\u00e7ar um grande p\u00fablico. &nbsp;Na trajet\u00f3ria da orquestra j\u00e1 passaram excelentes profissionais que conquistaram um elevado n\u00edvel de qualidade. Entre os maestros que contribu\u00edram para tanto, est\u00e3o Norton Morozowicz, Claudio Ribeiro, entre outros regentes convidados, como Jo\u00e3o Carlos Martins, Ant\u00f4nio Del Claro, Tiago Flores e Claudia Feres, para citar alguns. Atualmente conta com o maestro convidado Daniel Bortholossi. A orquestra realizou diversas turn\u00eas pelo Brasil e algumas no exterior, em que se apresentaram em famosas salas de concerto da Europa, como a Semana de Praga e o Mozarteum de Salzburgo.<\/p>\n<p><strong>SERVI\u00c7O:<\/strong><br \/><strong>O que:<\/strong>&nbsp;Apresenta\u00e7\u00e3o gratuita da Orquestra de C\u00e2mara de Blumenau com o projeto \u201cO Cinema e a sua M\u00fasica\u201d<br \/><strong>Quando:<\/strong>&nbsp;&nbsp;Quarta-feira, 25, a partir das 20h, no Cescb, Rua Pedro Werner, 180, Centro de Brusque.<br \/>Os ingressos devem ser retirados gratuitamente uma hora antes do evento, na bilheteria do local de apresenta\u00e7\u00e3o.<br \/>Cr\u00e9dito das fotos: Divulga\u00e7\u00e3o<\/p>\n<p>Link para acessar v\u00eddeo de uma &nbsp;das apresenta\u00e7\u00f5es da orquestra:<br \/><a href=\"https:\/\/youtu.be\/-n8eospL6HA\" target=\"_blank\" rel=\"noopener\">https:\/\/youtu.be\/-n8eospL6HA<\/a><\/p>\n<p><img decoding=\"async\" src=\"http:\/\/portal.cidadenoar.com.br\/wp-content\/uploads\/sites\/22\/2024\/12\/brusque-sera-palco-nessa-quarta-feira-de-apresentacao-gratuita-da-orquestra-de-camara-de-blumenau.jpg\" alt=\"\" title=\"\"><\/p>\n","protected":false},"excerpt":{"rendered":"","protected":false},"author":1,"featured_media":0,"comment_status":"closed","ping_status":"closed","sticky":false,"template":"","format":"standard","meta":{"footnotes":""},"categories":[1],"tags":[54],"class_list":["post-1324","post","type-post","status-publish","format-standard","hentry","category-geral","tag-eventos-e-shows"],"_links":{"self":[{"href":"https:\/\/cidadenoar.com\/global\/wp-json\/wp\/v2\/posts\/1324","targetHints":{"allow":["GET"]}}],"collection":[{"href":"https:\/\/cidadenoar.com\/global\/wp-json\/wp\/v2\/posts"}],"about":[{"href":"https:\/\/cidadenoar.com\/global\/wp-json\/wp\/v2\/types\/post"}],"author":[{"embeddable":true,"href":"https:\/\/cidadenoar.com\/global\/wp-json\/wp\/v2\/users\/1"}],"replies":[{"embeddable":true,"href":"https:\/\/cidadenoar.com\/global\/wp-json\/wp\/v2\/comments?post=1324"}],"version-history":[{"count":0,"href":"https:\/\/cidadenoar.com\/global\/wp-json\/wp\/v2\/posts\/1324\/revisions"}],"wp:attachment":[{"href":"https:\/\/cidadenoar.com\/global\/wp-json\/wp\/v2\/media?parent=1324"}],"wp:term":[{"taxonomy":"category","embeddable":true,"href":"https:\/\/cidadenoar.com\/global\/wp-json\/wp\/v2\/categories?post=1324"},{"taxonomy":"post_tag","embeddable":true,"href":"https:\/\/cidadenoar.com\/global\/wp-json\/wp\/v2\/tags?post=1324"}],"curies":[{"name":"wp","href":"https:\/\/api.w.org\/{rel}","templated":true}]}}