{"id":1379,"date":"2023-10-16T15:08:45","date_gmt":"2023-10-16T18:08:45","guid":{"rendered":"https:\/\/cidadenoar.com\/noticia\/34928\/cinesolarzinho-chega-a-itapema-com-sessoes-gratuitas-de-cinema-movido-a-energia-solar-pipoca-e-atracoes-para-toda-a-familia"},"modified":"2025-07-26T18:20:49","modified_gmt":"2025-07-26T21:20:49","slug":"cinesolarzinho-chega-a-itapema-com-sessoes-gratuitas-de-cinema-movido-a-energia-solar-pipoca-e-atracoes-para-toda-a-familia","status":"publish","type":"post","link":"https:\/\/cidadenoar.com\/global\/geral\/cinesolarzinho-chega-a-itapema-com-sessoes-gratuitas-de-cinema-movido-a-energia-solar-pipoca-e-atracoes-para-toda-a-familia\/","title":{"rendered":"CineSolarzinho chega a Itapema com sess\u00f5es gratuitas de cinema movido a energia solar, pipoca e atra\u00e7\u00f5es para toda a fam\u00edlia"},"content":{"rendered":"<div class=\"boxhtml_full\"> <a href=\"34928\/16102718_CineSolarz.jpeg\" title data-gallery> <img \/image?src=34928\/16102718_CineSolarz.jpeg&amp;w=1200&amp;h=630&amp;output=webp\" align=\"left\" class=\"img-responsive\"> <\/a><\/div>\n<p>A experi\u00eancia do CineSolarzinho, o primeiro cinema itinerante movido a energia solar do Brasil, chega a <strong>Itapema (SC), <\/strong>com sess\u00f5es gratuitas para a popula\u00e7\u00e3o e oficina de educa\u00e7\u00e3o ambiental e linguagem audiovisual para crian\u00e7as e jovens. Com patroc\u00ednio do Sicredi e apoio da Prefeitura Municipal, na <strong>ter\u00e7a-feira (17\/10), a partir das 19h, <\/strong>na <strong>EMEB Vereador Paulo Reis<\/strong>, ser\u00e3o exibidos curtas-metragens infantojuvenis que abordam tem\u00e1ticas como os princ\u00edpios do cooperativismo, coletividade, solidariedade e sustentabilidade. As sess\u00f5es contam com <strong>distribui\u00e7\u00e3o de pipoca<\/strong> e o <strong>p\u00fablico pode visitar o furg\u00e3o<\/strong>, que carrega todo o cinema e se transforma numa esta\u00e7\u00e3o m\u00f3vel de ci\u00eancias, arte, tecnologia, sustentabilidade e cultura de paz.<\/p>\n<p>O Circuito Sicredi acontece de agosto a dezembro, em 37 cidades dos estados de S\u00e3o Paulo, Paran\u00e1, Santa Catarina e Rio Grande do Sul. Al\u00e9m das sess\u00f5es de cinema, ser\u00e3o promovidos 23 encontros da Oficinema Solar com estudantes.<\/p>\n<p>\u201cA grande ess\u00eancia deste projeto \u00e9 possibilitar que crian\u00e7as e jovens tenham acesso \u00e0 cultura, \u00e0 educa\u00e7\u00e3o. O que refor\u00e7a a import\u00e2ncia de sermos apoiadores desta iniciativa que fomenta a inclus\u00e3o cultural, os princ\u00edpios do cooperativismo, al\u00e9m de difundir a tecnologia da gera\u00e7\u00e3o de energia solar. O fato de o cinema rodar por pequenos munic\u00edpios, que muitas vezes n\u00e3o t\u00eam a oportunidade de receber muitas atra\u00e7\u00f5es culturais, tem grande sinergia com a nossa atua\u00e7\u00e3o\u201d, comenta Jos\u00e9 Domingos de Andrade, presidente da Sicredi Vale Litoral SC.<\/p>\n<p>O CineSolarzinho &#8211; vers\u00e3o infantil do CineSolar -, que em 2023 completa 10 anos, transforma espa\u00e7os p\u00fablicos e abertos em salas de cinema e j\u00e1 realizou cerca de 1870 sess\u00f5es (com exibi\u00e7\u00e3o de 180 filmes) e 576 oficinas para 284 mil pessoas de quase 600 cidades, de 23 estados e do Distrito Federal. O projeto j\u00e1 percorreu mais de 250 mil quil\u00f4metros pelo pa\u00eds e atua com o objetivo de democratizar o acesso \u00e0s produ\u00e7\u00f5es audiovisuais (principalmente as nacionais), promover a\u00e7\u00f5es e pr\u00e1ticas sustent\u00e1veis, a inclus\u00e3o social e difundir a tecnologia da gera\u00e7\u00e3o de energia solar.<\/p>\n<p>\u201cViajando pelo Brasil presenciei o quanto nosso territ\u00f3rio \u00e9 diverso e, infelizmente, desigual. H\u00e1 uma escassez de equipamentos culturais e de acesso \u00e0s energias renov\u00e1veis. Por isso, o nosso papel sempre foi de atuar com encantamento e alegria, por meio de a\u00e7\u00f5es culturais e ambientais, na sensibiliza\u00e7\u00e3o e conscientiza\u00e7\u00e3o das pessoas, al\u00e9m de aproxim\u00e1-las das novas tecnologias e das produ\u00e7\u00f5es cinematogr\u00e1ficas nacionais\u201d, diz Cynthia Alario, coordenadora e idealizadora do CineSolar.<\/p>\n<p>O furg\u00e3o do CineSolar \u00e9 adaptado com as placas fotovoltaicas no teto e carrega todo o cinema: 120 cadeiras e banquetas, os sistemas de convers\u00e3o de energia e armazenamento (que garante 20 horas de autonomia e funcionamento), de som e proje\u00e7\u00e3o, incluindo a tela. Al\u00e9m de tudo isso, o espa\u00e7o se transforma em uma esta\u00e7\u00e3o m\u00f3vel de ci\u00eancias, arte, tecnologia, sustentabilidade e cultura de paz.<\/p>\n<p>Com infogr\u00e1ficos, ilumina\u00e7\u00e3o e decora\u00e7\u00e3o especial &#8211; feita com materiais reciclados e objetos com princ\u00edpios de magnetismo e eletricidade como laser e bola de plasma -, o ve\u00edculo \u00e9 uma atra\u00e7\u00e3o \u00e0 parte, que encanta pessoas de todas as idades e mostra, de maneira descontra\u00edda e divertida, como a luz do sol se transforma em energia el\u00e9trica.<\/p>\n<p>Nas sess\u00f5es de cinema e nas oficinas, o CineSolarzinho tamb\u00e9m colabora na difus\u00e3o de a\u00e7\u00f5es em conjunto com a Unesco Representa\u00e7\u00e3o Brasil, e cumpre 10 dos 17 ODS (Objetivos de Desenvolvimento Sustent\u00e1vel) propostos pela ONU (Organiza\u00e7\u00e3o das Na\u00e7\u00f5es Unidas).<\/p>\n<p>\u201cPara n\u00f3s, difundir os ODS \u00e9 fundamental, tanto para sensibilizar a popula\u00e7\u00e3o, na compreens\u00e3o de que todos n\u00f3s fazemos parte deste grande ecossistema vivo do Planeta Terra, e que somos respons\u00e1veis pelas mudan\u00e7as poss\u00edveis de serem feitas hoje, quanto para deixarmos esse legado nas cidades, nas comunidades por onde passamos\u201d, destaca Cynthia Alario.<\/p>\n<p>Neste Circuito, a curadoria dos curtas-metragens que comp\u00f5em a programa\u00e7\u00e3o foi realizada por Luiza Lins, idealizadora e realizadora da Mostra de Cinema Infantil de Florian\u00f3polis, que em 2023 completa 22 anos. S\u00e3o quatro programas com temas que abordam os princ\u00edpios do cooperativismo, solidariedade, uni\u00e3o, coletividade, inclus\u00e3o, diversidade e sustentabilidade, que v\u00e3o garantir muita divers\u00e3o e reflex\u00e3o para as crian\u00e7as e para toda a fam\u00edlia!<\/p>\n<p>A 4\u00aa edi\u00e7\u00e3o do CineSolarzinho \u00e9 viabilizada pela Lei Federal de Incentivo \u00e0 Cultura, com patroc\u00ednio do Sicredi e apoio da Prefeitura Municipal de Itapema, por meio da Secretaria de Educa\u00e7\u00e3o, e da Cooperativa Escolar &#8211; CoopReis, e \u00e9 realizada pela Brazucah Produ\u00e7\u00f5es, pelo Minist\u00e9rio da Cultura e Governo Federal.<\/p>\n<p><strong>Oficinema Solar<\/strong><br \/>Al\u00e9m das sess\u00f5es de cinema, o CineSolarzinho realiza a Oficinema Solar com crian\u00e7as e jovens, que integra arte, tecnologia e sustentabilidade. O encontro on-line, com dura\u00e7\u00e3o de tr\u00eas horas, tem como objetivo sensibilizar e possibilitar a express\u00e3o dos participantes atrav\u00e9s da linguagem audiovisual, com a utiliza\u00e7\u00e3o de elementos b\u00e1sicos como fotografia, enquadramento e roteiro.<\/p>\n<p>Em Itapema foi realizada com os alunos da Cooperativa Escolar Paulo Reis, a CoopReis, a primeira do estado de Santa Catarina, fundada em 2018, na EMEB Vereador Paulo Reis, quarta-feira (27\/09), das 13h30 \u00e0s 16h30.<\/p>\n<p>Por meio da educa\u00e7\u00e3o ambiental, os participantes s\u00e3o incentivados a levantar os problemas locais e conversar sobre a\u00e7\u00f5es sustent\u00e1veis, construindo coletivamente a hist\u00f3ria e a roteiriza\u00e7\u00e3o do filme. Todas as a\u00e7\u00f5es s\u00e3o gravadas, um curta \u00e9 produzido, editado pela equipe do CineSolar e tem sua \u201cestreia mundial\u201d durante a sess\u00e3o de cinema para a comunidade local, ficando dispon\u00edvel tamb\u00e9m no canal do Youtube (<a href=\"https:\/\/www.youtube.com\/@CINESOLARBRASIL\" target=\"_blank\" rel=\"noopener\"><u>https:\/\/www.youtube.com\/@CINESOLARBRASIL<\/u><\/a>).<\/p>\n<p>\u201cAs oficinas complementam as atividades do cinema ao ar livre. Nos encontros tratamos o tema da sustentabilidade e energias renov\u00e1veis mais aprofundado, instigando as crian\u00e7as e os jovens a fazerem uma reflex\u00e3o sobre a sua comunidade, a partir das discuss\u00f5es locais e tendo como refer\u00eancia as grandes solu\u00e7\u00f5es globais. Al\u00e9m disso, incentivamos o empoderamento desses participantes, que ficam \u00e0 frente da c\u00e2mera, protagonizando o curta que ser\u00e1 projetado na tela do CineSolar para todos\u201d, diz Cynthia Alario.<\/p>\n<p><u><strong>PROGRAMA\u00c7\u00c3O<\/strong><\/u><\/p>\n<p><u><strong>Itapema\/SC<\/strong><\/u><\/p>\n<p><strong>Sess\u00f5es de Cinema<\/strong><br \/><strong>Data: <\/strong>Ter\u00e7a-feira (17\/10)<br \/><strong>Hor\u00e1rios: 19h<\/strong> &#8211; 1\u00aa sess\u00e3o: curtas-metragens &#8211; \u2018Asas da Imagina\u00e7\u00e3o\u2019<br \/><strong>20h<\/strong> &#8211; 2\u00aa sess\u00e3o: curtas-metragens &#8211; \u2018Diversidade e Coopera\u00e7\u00e3o\u2019<br \/><strong>Entrada:<\/strong> gratuita &#8211; n\u00e3o precisa de ingresso<br \/><strong>Atra\u00e7\u00e3o:<\/strong> pipoca e visita ao furg\u00e3o do CineSolar, que se transforma numa esta\u00e7\u00e3o m\u00f3vel de ci\u00eancias, arte, tecnologia, sustentabilidade e cultura de paz<br \/><strong>Local: <\/strong>EMEB Vereador Paulo Reis &#8211; Rua 406, 6236 &#8211; Sert\u00e3o do Trombudo &#8211; Itapema\/SC<\/p>\n<p><u><strong>SINOPSES DOS FILMES<\/strong><\/u><\/p>\n<p><strong>1\u00aa Sess\u00e3o &#8211; <\/strong><strong>Asas da Imagina\u00e7\u00e3o<\/strong><\/p>\n<p>\u2018<strong>Gera\u00e7\u00e3o Alpha\u2019 &#8211; Dire\u00e7\u00e3o: D\u00e9bora Resendes e Iuri Moreno &#8211; GO &#8211; Anima\u00e7\u00e3o\/2023 &#8211; 11min20s<\/strong><br \/>Rebeca, uma menina apaixonada por leitura, tenta convencer seu vizinho e melhor amigo, Marcelo, a ler um livro.<\/p>\n<p>\u2018<strong>Os Pel\u00facias\u2019 &#8211; Dire\u00e7\u00e3o: Vivian Altman e Sergio Gambier &#8211; SP &#8211; Anima\u00e7\u00e3o\/Fic\u00e7\u00e3o 2020 &#8211; 4min59s<\/strong><br \/>Anima\u00e7\u00e3o pr\u00e9-escolar, mostra dois personagens (Pel\u00facio e Pel\u00facia), bichos de pel\u00facia &#8220;vivos&#8221; que vivem em um mundo feito de pano. Seu jogo \u00e9 se transformar em algo recheado como: animais, plantas, objetos e at\u00e9 mesmo conceitos abstratos como alegria, medo ou vontade. Nessas transforma\u00e7\u00f5es, eles vivenciam caracter\u00edsticas e problemas sendo cada uma dessas coisas. Os personagens abordam a no\u00e7\u00e3o de alteridade e trabalham temas relevantes para o p\u00fablico-alvo.<\/p>\n<p>\u2018<strong>Era uma noite de S\u00e3o Jo\u00e3o\u2019 &#8211; Dire\u00e7\u00e3o: Bruna Velden &#8211; PB &#8211; Anima\u00e7\u00e3o\/2022 &#8211; 11min16s<\/strong><br \/>Dona Dorinha, uma vi\u00fava idosa cumprindo quarentena no interior do Sert\u00e3o, relembra da janela de seu sobradinho a sua hist\u00f3ria de vida atrav\u00e9s das festas juninas da cidade ao longo dos anos.<\/p>\n<p>\u2018<strong>Saudades em cor\u2019 &#8211; Dire\u00e7\u00e3o: Arthur Felipe Fiel &#8211; ES &#8211; Anima\u00e7\u00e3o\/2023 &#8211; 9min36s<\/strong><br \/>Ap\u00f3s perder seu av\u00f4 para um v\u00edrus desconhecido, um pequeno garotinho revisita suas viv\u00eancias e experi\u00eancias com seu j\u00e1 partido ente querido. Ao encontrar uma fotografia do seu av\u00f4 consigo, o pequeno vai \u00e0 sua cama e abre o livro de hist\u00f3rias que, na imagem, seu av\u00f4 segurava enquanto lia para ele. \u00c9 a partir de um mergulho naquelas multicoloridas narrativas que o pequeno menino ressignifica sua dor, transformando Saudades em cor.<\/p>\n<p>\u2018<strong>Tom Tamborim\u2019 &#8211; Dire\u00e7\u00e3o: Maria Carolina e Igor Souza &#8211; BA &#8211; Anima\u00e7\u00e3o\/2022 &#8211; 9 min33s<\/strong><br \/>Tudo \u00e9 ritmo e divers\u00e3o na vida de Tom. Alegre, inquieto e cheio de suingue, ele est\u00e1 sempre batucando por onde passa, mesmo que isso atrapalhe a professora e seus colegas da escola. Incans\u00e1vel na hora de solucionar um problema, Tom \u00e9 capaz de criar algo que n\u00e3o existe para superar seus desafios, tendo sempre a m\u00fasica como sua maior aliada.<\/p>\n<p><strong>2\u00aa Sess\u00e3o &#8211; <\/strong><strong>Diversidade e Coopera\u00e7\u00e3o<\/strong><\/p>\n<p>\u2018<strong>F\u00e1bula de V\u00f3 Ita\u2019 &#8211; Dire\u00e7\u00e3o: Joyce Prado e Thallita Oshiro &#8211; SP &#8211; Fic\u00e7\u00e3o\/2016 &#8211; 5 min<\/strong><br \/>Gisa tem um cabelo cheio de vida e personalidade, mas seus colegas da escola vivem debochando dela por conta disso. Nesta f\u00e1bula de fantasia e realidade contada entre panos e tecidos, V\u00f3 Ita envolve sua netinha Gisele para lhe mostrar a beleza das diferen\u00e7as e o valor de sua pr\u00f3pria identidade.<\/p>\n<p>\u2018<strong>L\u00e9 com cr\u00e9\u2019 &#8211; Dire\u00e7\u00e3o: Cassandra Reis &#8211; SP &#8211; Anima\u00e7\u00e3o\/2018 &#8211; 5 min<\/strong><br \/>Dinheiro, medo e coisas de menino e menina s\u00e3o temas apresentados por algumas crian\u00e7as segundo sua pr\u00f3pria experi\u00eancia.<\/p>\n<p>\u2018<strong>Dela\u2019 &#8211; Dire\u00e7\u00e3o: Bernard Attal &#8211; BA &#8211; Fic\u00e7\u00e3o\/2018 &#8211; 8min15s<\/strong><br \/>Dela mora na Ilha de Itaparica com seu pai, Agenor. Na escola nova, os colegas acham seu nome estranho e seus cabelos esquisitos. A menina questiona seu pai, e a hist\u00f3ria que ele conta muda a forma como ela v\u00ea a si mesma!<\/p>\n<p>\u2018<strong>Napo\u2019 &#8211; Dire\u00e7\u00e3o: Gustavo Ribeiro &#8211; PR &#8211; Anima\u00e7\u00e3o\/2020 &#8211; 16 min<\/strong><br \/>Jo\u00e3o, incapaz de entender a doen\u00e7a que leva seu av\u00f4 entre estados passados e presentes, trope\u00e7a em um velho \u00e1lbum cheio de fotografias e deixa as imagens guiarem sua imagina\u00e7\u00e3o, transformando as mem\u00f3rias de seu av\u00f4 em interpreta\u00e7\u00f5es desenhadas. Desenhos que moldam seu relacionamento em uma hist\u00f3ria de lembran\u00e7a e constru\u00e7\u00e3o de mem\u00f3ria.<\/p>\n<p>\u2018<strong>Dia das Na\u00e7\u00f5es\u2019 &#8211; Dire\u00e7\u00e3o &#8211; Iuli Gerbase &#8211; RS &#8211; Fic\u00e7\u00e3o\/2017 &#8211; 12 min<\/strong><br \/>Quando uma atividade chamada &#8220;Dia das Na\u00e7\u00f5es&#8221; \u00e9 proposta para uma sala de aula cheia de crian\u00e7as espertas e n\u00e3o t\u00e3o obedientes, algumas coisas podem mudar na escola.<\/p>\n<p><em><u><strong>Sobre o CineSolar<\/strong><\/u><\/em><br \/><em>O CineSolar \u00e9 o primeiro cinema itinerante do Brasil movido a energia limpa e renov\u00e1vel: a energia solar. Em 10 anos, desde julho de 2013, o projeto j\u00e1 realizou cerca de 1870 sess\u00f5es com exibi\u00e7\u00e3o de 180 filmes, entre curtas-metragens e longas, e 576 oficinemas &#8211; que integram arte, tecnologia e sustentabilidade, com a linguagem audiovisual. Quase 600 cidades do pa\u00eds, de 23 estados e do Distrito Federal, j\u00e1 receberam o CineSolar, que percorreu mais de 250 mil quil\u00f4metros, chegando a 284 mil pessoas. <\/em><br \/><em>O projeto conta com dois cinemas m\u00f3veis, batizados de Tup\u00e3 e Mahura. Os furg\u00f5es foram grafitados e adaptados com as placas fotovoltaicas e o sistema de convers\u00e3o de energia e armazenamento, com 20 horas de autonomia. Cada ve\u00edculo tamb\u00e9m carrega 120 cadeiras e banquetas para o p\u00fablico e todo o sistema de som e proje\u00e7\u00e3o para o cinema. Al\u00e9m disso, j\u00e1 geramos mais de 3 milh\u00f5es de watts (equivalente a um ano e tr\u00eas meses de uma geladeira ligada).<\/em><br \/><em>O CineSolar conta com o patroc\u00ednio institucional da Mercedes-Benz &#8211; Cars &amp; Vans Brasil, patroc\u00ednio solar da Clarios &#8211; com a bateria Heliar e a Freedom Estacion\u00e1ria, parceria solar da EnergySeg Engenharia e apoio das marcas Biowash e Bio 2. O projeto tamb\u00e9m promove a\u00e7\u00f5es em conjunto com a Unesco Representa\u00e7\u00e3o Brasil e a Unipaz (Universidade Internacional da Paz), e realiza compensa\u00e7\u00e3o de carbono em parceria com a Ecooar (219 \u00e1rvores j\u00e1 foram plantadas em \u00e1rea de manancial, em Gar\u00e7a\/SP), sendo que em 2023 uma \u00e1rvore ser\u00e1 plantada a cada 10 sess\u00f5es realizadas.<\/em><br \/><em>O CineSolar integra a Solar World Cinema, uma rede internacional de cinemas itinerantes movidos a energia solar, com a participa\u00e7\u00e3o de v\u00e1rios pa\u00edses como Holanda, \u00c1frica do Sul, Nepal, Chile, Cro\u00e1cia e Austr\u00e1lia, entre outros.<\/em><\/p>\n<p><em><u><strong>Sobre o Sicredi<\/strong><\/u><\/em><br \/><em>O Sicredi \u00e9 uma institui\u00e7\u00e3o financeira cooperativa comprometida com o crescimento de seus associados e com o desenvolvimento das regi\u00f5es onde atua. Possui um modelo de gest\u00e3o que valoriza a participa\u00e7\u00e3o dos mais de 7 milh\u00f5es de associados, que exercem o papel de donos do neg\u00f3cio. Com mais de 2.500 ag\u00eancias, o Sicredi est\u00e1 presente fisicamente em todos os estados brasileiros e no Distrito Federal, disponibilizando uma gama completa de solu\u00e7\u00f5es financeiras e n\u00e3o financeiras.<\/em><br \/><em>Site do Sicredi: <a href=\"http:\/\/www.sicredi.com.br\/\" target=\"_blank\" rel=\"noopener\">www.sicredi.com.br<\/a><\/em><br \/><em>Redes Sociais:<a href=\"https:\/\/urldefense.proofpoint.com\/v2\/url?u=https-3A__www.facebook.com_Sicredi_&amp;d=DwMGaQ&amp;c=63k7DFQ5NS45K8Wu5uX9Pd1gEa70c_pznLjIw3OxEiE&amp;r=78reeXSRUHsXRv_X52nVFtqn8imrdAy-e5fJ56Qe6zg&amp;m=xAVwqnVpfVTt2Vu2g1Il31gCoCNxIOeNb-plWVTL0kw&amp;s=JKipJ9HxCcwObJ2cU-F6-Mq2sxBtIbmY5-KGbuh8D5g&amp;e=\" target=\"_blank\" rel=\"noopener\"> Facebook<\/a> |<a href=\"https:\/\/urldefense.com\/v3\/__https:\/instagram.com\/sicredi__;!!HhhKMSGjjQV-!skJJ34UnCvSNLF9kBxQaX6TqdH0BMtQRpPFHxp7r_5HWfNomTgv3CmM6sPd-DuzGX3gRRA$\" target=\"_blank\" rel=\"noopener\">Instagram<\/a> |<a href=\"https:\/\/urldefense.proofpoint.com\/v2\/url?u=https-3A__twitter.com_sicredi-5Foficial&amp;d=DwMGaQ&amp;c=63k7DFQ5NS45K8Wu5uX9Pd1gEa70c_pznLjIw3OxEiE&amp;r=78reeXSRUHsXRv_X52nVFtqn8imrdAy-e5fJ56Qe6zg&amp;m=xAVwqnVpfVTt2Vu2g1Il31gCoCNxIOeNb-plWVTL0kw&amp;s=rREjz000pYFcmWEEXtLWoXAYGWHjlL0RGR2OhBlfpvg&amp;e=\" target=\"_blank\" rel=\"noopener\"> Twitter<\/a> |<a href=\"https:\/\/urldefense.proofpoint.com\/v2\/url?u=https-3A__www.linkedin.com_company_sicredi&amp;d=DwMGaQ&amp;c=63k7DFQ5NS45K8Wu5uX9Pd1gEa70c_pznLjIw3OxEiE&amp;r=78reeXSRUHsXRv_X52nVFtqn8imrdAy-e5fJ56Qe6zg&amp;m=xAVwqnVpfVTt2Vu2g1Il31gCoCNxIOeNb-plWVTL0kw&amp;s=9Afr_6-_zQljoX3PTOiIuUAk3glYTUttfE8zyudIzKg&amp;e=\" target=\"_blank\" rel=\"noopener\"> LinkedIn<\/a> |<a href=\"https:\/\/urldefense.proofpoint.com\/v2\/url?u=https-3A__www.youtube.com_user_sicredioficial&amp;d=DwMGaQ&amp;c=63k7DFQ5NS45K8Wu5uX9Pd1gEa70c_pznLjIw3OxEiE&amp;r=78reeXSRUHsXRv_X52nVFtqn8imrdAy-e5fJ56Qe6zg&amp;m=xAVwqnVpfVTt2Vu2g1Il31gCoCNxIOeNb-plWVTL0kw&amp;s=gYFE34Op3aDlZfviXJsdbFh5VGFhNtFoc8XmCLM1DTQ&amp;e=\" target=\"_blank\" rel=\"noopener\"> YouTube<\/a><\/em><\/p>\n<p><em><u><strong>Sobre a Sicredi Vale Litoral SC<\/strong><\/u><\/em><br \/><em>Somos a Sicredi Vale Litoral SC uma das 105 cooperativas filiadas ao Sistema Sicredi. Nossa regi\u00e3o de atua\u00e7\u00e3o compreende 28 munic\u00edpios, entre eles: o Vale do Rio Tijucas, Vale do Itaja\u00ed Mirim e M\u00e9dio Vale do Itaja\u00ed A\u00e7u, al\u00e9m do litoral norte entre as cidades de Bombinhas e Navegantes. Nestes munic\u00edpios, atuamos em 17 cidades com 31 ag\u00eancias e um escrit\u00f3rio de relacionamento. Possu\u00edmos mais de 75 mil associados, com um quadro de aproximadamente 500 colaboradores. <\/em><\/p>\n<p><img decoding=\"async\" src=\"http:\/\/portal.cidadenoar.com.br\/wp-content\/uploads\/sites\/22\/2024\/12\/cinesolarzinho-chega-a-itapema-com-sessoes-gratuitas-de-cinema-movido-a-energia-solar-pipoca-e-atracoes-para-toda-a-familia.jpg\" alt=\"\" title=\"\"><\/p>\n","protected":false},"excerpt":{"rendered":"","protected":false},"author":1,"featured_media":0,"comment_status":"closed","ping_status":"closed","sticky":false,"template":"","format":"standard","meta":{"footnotes":""},"categories":[1],"tags":[57],"class_list":["post-1379","post","type-post","status-publish","format-standard","hentry","category-geral","tag-itapema-sc"],"_links":{"self":[{"href":"https:\/\/cidadenoar.com\/global\/wp-json\/wp\/v2\/posts\/1379","targetHints":{"allow":["GET"]}}],"collection":[{"href":"https:\/\/cidadenoar.com\/global\/wp-json\/wp\/v2\/posts"}],"about":[{"href":"https:\/\/cidadenoar.com\/global\/wp-json\/wp\/v2\/types\/post"}],"author":[{"embeddable":true,"href":"https:\/\/cidadenoar.com\/global\/wp-json\/wp\/v2\/users\/1"}],"replies":[{"embeddable":true,"href":"https:\/\/cidadenoar.com\/global\/wp-json\/wp\/v2\/comments?post=1379"}],"version-history":[{"count":0,"href":"https:\/\/cidadenoar.com\/global\/wp-json\/wp\/v2\/posts\/1379\/revisions"}],"wp:attachment":[{"href":"https:\/\/cidadenoar.com\/global\/wp-json\/wp\/v2\/media?parent=1379"}],"wp:term":[{"taxonomy":"category","embeddable":true,"href":"https:\/\/cidadenoar.com\/global\/wp-json\/wp\/v2\/categories?post=1379"},{"taxonomy":"post_tag","embeddable":true,"href":"https:\/\/cidadenoar.com\/global\/wp-json\/wp\/v2\/tags?post=1379"}],"curies":[{"name":"wp","href":"https:\/\/api.w.org\/{rel}","templated":true}]}}