{"id":1428,"date":"2023-05-12T16:56:30","date_gmt":"2023-05-12T19:56:30","guid":{"rendered":"https:\/\/cidadenoar.com\/noticia\/33561\/leticia-velloso-lanca--mais-perto-entao-de-mim--em-homenagem-a-marilia-mendonca"},"modified":"2025-07-26T17:43:58","modified_gmt":"2025-07-26T20:43:58","slug":"leticia-velloso-lanca-mais-perto-entao-de-mim-em-homenagem-a-marilia-mendonca","status":"publish","type":"post","link":"https:\/\/cidadenoar.com\/global\/cultura-lazer\/leticia-velloso-lanca-mais-perto-entao-de-mim-em-homenagem-a-marilia-mendonca\/","title":{"rendered":"Let\u00edcia Velloso lan\u00e7a \u201cMais Perto Ent\u00e3o de Mim\u2019 em homenagem a Mar\u00edlia Mendon\u00e7a"},"content":{"rendered":"<small id=\"v_data\">12\/05\/2023 \u00e0s 17h01min &#8211; Atualizada em 12\/05\/2023 \u00e0s 16h52min<\/small> <h4>Can\u00e7\u00e3o chegou at\u00e9 Let\u00edcia na voz da saudosa cantora e se torna o divisor de \u00e1guas na vida da mineira Let\u00edcia Velloso<\/h4> <p>SUAIMPRENSA &#8211; cidadenoar.com<\/p> <small class=\"small\"><\/small> <div id=\"texto_release_format\" readability=\"79.915481171548\"> <div class=\"boxhtml_full\"> <a href=\"33561\/12052023165857_Letcia_Vel.jpeg\" title data-gallery> <img \/image?src=33561\/12052023165857_Letcia_Vel.jpeg&amp;w=1200&amp;h=630&amp;output=webp\" align=\"left\" class=\"img-responsive\"> <\/a><\/div> <p>A m\u00fasica tem o poder de mudar e at\u00e9 salvar vidas, e a cantora e compositora Let\u00edcia Velloso tem confirmado isso desde que nasceu. A artista lan\u00e7a a m\u00fasica \u201cMais Perto Ent\u00e3o de Mim\u201d em um momento em que, ap\u00f3s muitas tentativas e dificuldades, tinha parado para repensar sua trajet\u00f3ria na m\u00fasica.<\/p>  <p>A nova m\u00fasica traz uma curiosidade que foi a grande motiva\u00e7\u00e3o para Let\u00edcia entrar em est\u00fadio. A faixa seria gravada por Mar\u00edlia Mendon\u00e7a em um pr\u00f3ximo trabalho, segundo o compositor, e chegou at\u00e9 a equipe de Let\u00edcia por meio de uma guia na voz da saudosa cantora. \u201cSaber que essa m\u00fasica talvez seria gravada pela Mar\u00edlia e teve a escolha dela, o carinho em pensar que o p\u00fablico iria gostar, me fez gravar com mais sentimento e emo\u00e7\u00e3o e cumprir isso. De fazer com que essa m\u00fasica fosse gravada\u201d, conta a jovem cantora. \u201cEu senti que, do meu jeito, precisava ajudar a manter e levar o legado da Mar\u00edlia. Acho que hoje todas as mulheres no sertanejo t\u00eam essa miss\u00e3o.\u201d<\/p>  <p>E parece ter acertado em cheio o p\u00fablico. \u201cMais Perto Ent\u00e3o de Mim\u201d estreou tamb\u00e9m nas r\u00e1dios de todo o Brasil e chegou a figurar em terceiro lugar entre as m\u00fasicas mais tocadas da semana de estreia, segundo ranking da Crowley, instituto que faz o monitoramento de execu\u00e7\u00f5es nas emissoras do pa\u00eds. Atualmente, se mant\u00e9m entre as 30 mais executadas, ainda de acordo com o monitoramento.<\/p>  <p>Nascida em Conselheiro Lafaiete, em Minas Gerais, a cantora Leticia Velloso batalha h\u00e1 anos na m\u00fasica, impulsionada pela ascens\u00e3o do <em>feminejo<\/em>, liderado justamente por Mar\u00edlia Mendon\u00e7a e cia. M\u00e3e de duas meninas, uma delas com s\u00edndrome de Rett _doen\u00e7a neurol\u00f3gica que provoca muta\u00e7\u00e3o gen\u00e9tica, provocando a progress\u00e3o das fun\u00e7\u00f5es neurol\u00f3gicas e motoras_, Let\u00edcia Velloso j\u00e1 estava gastando as \u00faltimas fichas na carreira musical, quando recebeu o convite para integrar o casting do escrit\u00f3rio art\u00edstico Help! Music, de S\u00e3o Paulo. \u201cPra mim \u00e9 um novo recome\u00e7o\u201d, pontua a artista, que vai gravar em breve o clipe da nova m\u00fasica.<\/p><p>Al\u00e9m de \u201cMais Perto Ent\u00e3o de Mim\u201d, Let\u00edcia Velloso prepara para os pr\u00f3ximos meses o lan\u00e7amento de seu primeiro EP. Com produ\u00e7\u00e3o musical de Ebert Cabe\u00e7a, a artista vai lan\u00e7ar duas m\u00fasicas de autoria pr\u00f3pria. E com elas a certeza de que os bons recome\u00e7os existem.<\/p>  <h3 class=\"wp-block-heading\"><em>Confira nos apps de m\u00fasica: <\/em><a href=\"https:\/\/linktr.ee\/leticiavelloso\" target=\"_blank\" rel=\"noopener\">https:\/\/linktr.ee\/leticiavelloso<\/a><\/h3> <br><\/div> <img decoding=\"async\" src=\"http:\/\/portal.cidadenoar.com.br\/wp-content\/uploads\/sites\/22\/2024\/12\/leticia-velloso-lanca-mais-perto-entao-de-mim-em-homenagem-a-marilia-mendonca.jpg\" alt=\"\" title=\"\">","protected":false},"excerpt":{"rendered":"<p>12\/05\/2023 \u00e0s 17h01min &#8211; Atualizada em 12\/05\/2023 \u00e0s 16h52min Can\u00e7\u00e3o chegou at\u00e9 Let\u00edcia na voz da saudosa cantora e se torna o divisor de \u00e1guas na vida da mineira Let\u00edcia Velloso SUAIMPRENSA &#8211; cidadenoar.com<\/p>\n","protected":false},"author":1,"featured_media":0,"comment_status":"closed","ping_status":"closed","sticky":false,"template":"","format":"standard","meta":{"footnotes":""},"categories":[360],"tags":[60],"class_list":["post-1428","post","type-post","status-publish","format-standard","hentry","category-cultura-lazer","tag-musica"],"_links":{"self":[{"href":"https:\/\/cidadenoar.com\/global\/wp-json\/wp\/v2\/posts\/1428","targetHints":{"allow":["GET"]}}],"collection":[{"href":"https:\/\/cidadenoar.com\/global\/wp-json\/wp\/v2\/posts"}],"about":[{"href":"https:\/\/cidadenoar.com\/global\/wp-json\/wp\/v2\/types\/post"}],"author":[{"embeddable":true,"href":"https:\/\/cidadenoar.com\/global\/wp-json\/wp\/v2\/users\/1"}],"replies":[{"embeddable":true,"href":"https:\/\/cidadenoar.com\/global\/wp-json\/wp\/v2\/comments?post=1428"}],"version-history":[{"count":0,"href":"https:\/\/cidadenoar.com\/global\/wp-json\/wp\/v2\/posts\/1428\/revisions"}],"wp:attachment":[{"href":"https:\/\/cidadenoar.com\/global\/wp-json\/wp\/v2\/media?parent=1428"}],"wp:term":[{"taxonomy":"category","embeddable":true,"href":"https:\/\/cidadenoar.com\/global\/wp-json\/wp\/v2\/categories?post=1428"},{"taxonomy":"post_tag","embeddable":true,"href":"https:\/\/cidadenoar.com\/global\/wp-json\/wp\/v2\/tags?post=1428"}],"curies":[{"name":"wp","href":"https:\/\/api.w.org\/{rel}","templated":true}]}}