{"id":1454,"date":"2022-03-06T11:08:30","date_gmt":"2022-03-06T14:08:30","guid":{"rendered":"https:\/\/cidadenoar.com\/noticia\/22904\/campanhas-conscientizam-quanto-ao-combate-de-lupus-do-mal-de-alzheimer-fibromialgia-e-leucemia"},"modified":"2025-07-26T19:29:37","modified_gmt":"2025-07-26T22:29:37","slug":"campanhas-conscientizam-quanto-ao-combate-de-lupus-do-mal-de-alzheimer-fibromialgia-e-leucemia","status":"publish","type":"post","link":"https:\/\/cidadenoar.com\/global\/geral\/campanhas-conscientizam-quanto-ao-combate-de-lupus-do-mal-de-alzheimer-fibromialgia-e-leucemia\/","title":{"rendered":"Campanhas conscientizam quanto ao combate de L\u00fapus, do Mal de Alzheimer, Fibromialgia e Leucemia"},"content":{"rendered":"<div class=\"boxhtml_full\"> <a href=\"22904\/06030804_D1D4AE71-D.jpg\" title data-gallery> <img \/image?src=22904\/06030804_D1D4AE71-D.jpg&amp;w=1200&amp;h=630&amp;output=webp\" align=\"left\" class=\"img-responsive\"> <\/a><\/div>\n<p><span><span>Fevereiro re\u00fane consigo duas cores que remetem a importantes campanhas de conscientiza\u00e7\u00e3o e combate a diversas doen\u00e7as. O \u201c<span><span><span>Fevereiro Roxo<\/span><\/span><\/span>\u201d chama a aten\u00e7\u00e3o para o L\u00fapus, a Fibromialgia e o Mal de Alzheimer. J\u00e1 o \u201c<span><span><span>Fevereiro Laranja<\/span><\/span><\/span>\u201d volta-se para a conscientiza\u00e7\u00e3o sobre a Leucemia.<\/span><\/span><\/p>\n<p><span><span>J\u00e1 a&nbsp;<span><span><span>Fibromialgia<\/span><\/span><\/span>&nbsp;\u00e9 uma s\u00edndrome cujos sintomas s\u00e3o dor muscular difusa, fadiga, rigidez muscular, dor ap\u00f3s esfor\u00e7o f\u00edsico e anormalidades do sono, podendo tamb\u00e9m haver sintomas de depress\u00e3o, ansiedade, defici\u00eancia de mem\u00f3ria, desaten\u00e7\u00e3o, dor de cabe\u00e7a, tontura, vertigens, dorm\u00eancias, entre outros sintomas n\u00e3o relacionados ao aparelho locomotor. De acordo com a&nbsp;<a href=\"https:\/\/www.reumatologia.org.br\/\" target=\"_blank\" rel=\"noopener\"><span><span>Sociedade Brasileira de Reumatologia<\/span><\/span><\/a>, a cada 10 pacientes com a doen\u00e7a, sete a nove s\u00e3o mulheres.O&nbsp;<span><span>Mal de<\/span><\/span>&nbsp;<span><span>Alzheimer<\/span><\/span>&nbsp;\u00e9 uma doen\u00e7a neurodegenerativa, causada pela morte de c\u00e9lulas cerebrais, e se apresenta como dem\u00eancia ou perda de fun\u00e7\u00f5es cognitivas, tais como a mem\u00f3ria, a linguagem e a orienta\u00e7\u00e3o, por exemplo. A doen\u00e7a afeta aproximadamente 10% dos indiv\u00edduos com idade superior a 65 anos e 40% dos indiv\u00edduos acima de 80 anos. Segundo o&nbsp;<\/span><\/span><span><span><a href=\"https:\/\/www.gov.br\/saude\/pt-br\" target=\"_blank\" rel=\"noopener\"><span>Minist\u00e9rio da Sa\u00fade<\/span><\/a>,&nbsp;<\/span><\/span><span><span>\u00e9 a forma mais comum de dem\u00eancia em idosos, sendo respons\u00e1vel por mais da metade dos casos.<\/span><\/span><span><span>O&nbsp;<span><span><span>L\u00fapus&nbsp;<\/span><\/span><\/span>\u00e9 uma doen\u00e7a autoimune inflamat\u00f3ria que pode afetar diversos \u00f3rg\u00e3os e tecidos, causando sintomas como febre, dor nas articula\u00e7\u00f5es, fadiga, entre outros. Ela \u00e9 considerada rara e autoimune, isto \u00e9, o que ocorre na patologia \u00e9 uma rea\u00e7\u00e3o do sistema imunol\u00f3gico contra as c\u00e9lulas do pr\u00f3prio indiv\u00edduo. Al\u00e9m disso, acomete mais pacientes do sexo feminino do que pacientes do sexo masculino.<\/span><\/span><\/p>\n<p><span><span>Essas tr\u00eas primeiras doen\u00e7as fazem parte da campanha \u201cFevereiro roxo\u201d e, apesar de serem patologias diferentes, carregam consigo uma semelhan\u00e7a: n\u00e3o t\u00eam cura. Por isso, a campanha visa incentivar o diagn\u00f3stico precoce, para que as pessoas que convivem com a doen\u00e7a possam ter qualidade de vida.<\/span><\/span><\/p>\n<p><span><span>\u201cO Alzheimer, a Fibromialgia e o L\u00fapus s\u00e3o doen\u00e7as que embora n\u00e3o tenham cura, depois de reconhecidas e tratadas, podem ter sua evolu\u00e7\u00e3o retardada com medicamentos espec\u00edficos e outras terapias associadas. Ter diagn\u00f3stico precoce de tais doen\u00e7as \u00e9 o primeiro passo para buscar aliviar os sintomas e, em alguns casos, controlar o avan\u00e7o, elevando a qualidade de vida do paciente. Quanto mais cedo se inicia o tratamento, mais eficiente ele ser\u00e1\u201d, destacou o professor do curso de Enfermagem da Florence, Marcos Cavalcante.<\/span><\/span><\/p>\n<div class=\"imagem thumbnail imagem-materia-dinam\"><a class=\"fresco\" href=\"http:\/\/portal.cidadenoar.com.br\/wp-content\/uploads\/sites\/22\/2024\/12\/campanhas-conscientizam-quanto-ao-combate-de-lupus-do-mal-de-alzheimer-fibromialgia-e-leucemia-1.jpg\"> <\/p>\n<div class=\"img_ckeditor \"> <img decoding=\"async\" src=\"http:\/\/portal.cidadenoar.com.br\/wp-content\/uploads\/sites\/22\/2024\/12\/campanhas-conscientizam-quanto-ao-combate-de-lupus-do-mal-de-alzheimer-fibromialgia-e-leucemia-1.jpg\" class=\" img-responsive\" alt=\"\" title=\"\"> <\/div>\n<p><\/a><\/div>\n<p><span><span>Al\u00e9m disso, tem tamb\u00e9m a campanha \u201cfevereiro laranja\u201d, com o objetivo n\u00e3o s\u00f3 de conscientizar a popula\u00e7\u00e3o sobre o diagn\u00f3stico precoce da Leucemia, mas tamb\u00e9m dar visibilidade \u00e0 import\u00e2ncia da doa\u00e7\u00e3o de medula \u00f3ssea.<\/span><\/span><\/p>\n<p><span><span>A&nbsp;<span><span><span>Leucemia<\/span><\/span><\/span>&nbsp;\u00e9 uma doen\u00e7a cuja caracter\u00edstica \u00e9 o ac\u00famulo de c\u00e9lulas doentes na medula \u00f3ssea, que substituem as c\u00e9lulas sangu\u00edneas normais. Existem mais de 12 tipos de varia\u00e7\u00f5es da doen\u00e7a. As estat\u00edsticas do&nbsp;<\/span><\/span><span><span><a href=\"https:\/\/www.inca.gov.br\/\" target=\"_blank\" rel=\"noopener\"><span><span>Instituto Nacional de C\u00e2ncer<\/span><\/span><\/a>&nbsp;(INCA) apontam que para cada ano do tri\u00eani<\/span><\/span><span><span>o 2020-2022 ser\u00e3o diagnosticados mais de 10 mil casos novos de leucemia no Brasil, sendo 5.920 em homens e de 4.890 em mulheres. Atualmente, \u00e9 o 9\u00ba c\u00e2ncer mais comum no sexo masculino e o 11\u00ba no feminino.<\/span><\/span><\/p>\n<p><span><span><span><span>Debater, combater e prevenir \u00e9 um dever de todos n\u00f3s! Fique atento aos sinais das doen\u00e7as e procure orienta\u00e7\u00e3o de um profissional ou a UBS mais pr\u00f3xima de sua resid\u00eancia.<\/span><\/span><\/span><\/span><\/p>\n<p><img decoding=\"async\" src=\"http:\/\/portal.cidadenoar.com.br\/wp-content\/uploads\/sites\/22\/2024\/12\/campanhas-conscientizam-quanto-ao-combate-de-lupus-do-mal-de-alzheimer-fibromialgia-e-leucemia.jpg\" alt=\"\" title=\"\"><\/p>\n","protected":false},"excerpt":{"rendered":"","protected":false},"author":1,"featured_media":0,"comment_status":"closed","ping_status":"closed","sticky":false,"template":"","format":"standard","meta":{"footnotes":""},"categories":[1],"tags":[63],"class_list":["post-1454","post","type-post","status-publish","format-standard","hentry","category-geral","tag-itamaraju-ba"],"_links":{"self":[{"href":"https:\/\/cidadenoar.com\/global\/wp-json\/wp\/v2\/posts\/1454","targetHints":{"allow":["GET"]}}],"collection":[{"href":"https:\/\/cidadenoar.com\/global\/wp-json\/wp\/v2\/posts"}],"about":[{"href":"https:\/\/cidadenoar.com\/global\/wp-json\/wp\/v2\/types\/post"}],"author":[{"embeddable":true,"href":"https:\/\/cidadenoar.com\/global\/wp-json\/wp\/v2\/users\/1"}],"replies":[{"embeddable":true,"href":"https:\/\/cidadenoar.com\/global\/wp-json\/wp\/v2\/comments?post=1454"}],"version-history":[{"count":0,"href":"https:\/\/cidadenoar.com\/global\/wp-json\/wp\/v2\/posts\/1454\/revisions"}],"wp:attachment":[{"href":"https:\/\/cidadenoar.com\/global\/wp-json\/wp\/v2\/media?parent=1454"}],"wp:term":[{"taxonomy":"category","embeddable":true,"href":"https:\/\/cidadenoar.com\/global\/wp-json\/wp\/v2\/categories?post=1454"},{"taxonomy":"post_tag","embeddable":true,"href":"https:\/\/cidadenoar.com\/global\/wp-json\/wp\/v2\/tags?post=1454"}],"curies":[{"name":"wp","href":"https:\/\/api.w.org\/{rel}","templated":true}]}}