{"id":1455,"date":"2022-03-06T11:09:15","date_gmt":"2022-03-06T14:09:15","guid":{"rendered":"https:\/\/cidadenoar.com\/noticia\/22903\/jornada-de-acao-educacional-e-as-competencias-para-o-educador-do-futuro-tem-inicio-em-itamaraju"},"modified":"2025-07-26T19:29:36","modified_gmt":"2025-07-26T22:29:36","slug":"jornada-de-acao-educacional-e-as-competencias-para-o-educador-do-futuro-tem-inicio-em-itamaraju","status":"publish","type":"post","link":"https:\/\/cidadenoar.com\/global\/geral\/jornada-de-acao-educacional-e-as-competencias-para-o-educador-do-futuro-tem-inicio-em-itamaraju\/","title":{"rendered":"Jornada de A\u00e7\u00e3o Educacional e as compet\u00eancias para o Educador do futuro tem in\u00edcio em Itamaraju"},"content":{"rendered":"<div class=\"boxhtml_full\"> <a href=\"22903\/06030650_C533E0A4-E.jpeg\" title data-gallery> <img \/image?src=22903\/06030650_C533E0A4-E.jpeg&amp;w=1200&amp;h=630&amp;output=webp\" align=\"left\" class=\"img-responsive\"> <\/a><\/div>\n<p>A prefeitura municipal de Itamaraju, atrav\u00e9s da Secretaria de Educa\u00e7\u00e3o realizou na manh\u00e3 desta quarta-feira, 23 de fevereiro a abertura da Jornada de A\u00e7\u00e3o Educacional 2022 \u2013 Estrutura e Metodologia. Compet\u00eancia Para o Educador do Futuro. Com os temas \u2013&nbsp; Digitais, Metodol\u00f3gicas, Anal\u00edticas e Socioemocionais.<\/p>\n<p>Participaram da cerim\u00f4nia de abertura da A\u00e7\u00e3o Educacional, o Prefeito Dr. Marcelo Ang\u00eanica, a Secretaria de Desenvolvimento Social Fabiana Ang\u00eanica, o Secret\u00e1rio de Educa\u00e7\u00e3o Dr. Jos\u00e9 Ferreira Filho, o Secret\u00e1rio de Administra\u00e7\u00e3o L\u00e9o Oss, de Esporte Gustavo Souto e o vice-prefeito Dalvad\u00edsio Lima.<\/p>\n<p>O Secret\u00e1rio de Educa\u00e7\u00e3o de Itamaraju, Dr. Jos\u00e9 Ferreira Filho, ao fazer uso da palavra exalta a dedica\u00e7\u00e3o dos profissionais de educa\u00e7\u00e3o, e diz que gra\u00e7as ao empenho de cada um, Itamaraju alcan\u00e7ou lugar de destaque entre as Cidades baianas e hoje tem, a melhor qualidade de ensino aprendizado.<\/p>\n<p>O prefeito Marcelo Ang\u00eanica, destacou que a Jornada de Educa\u00e7\u00e3o \u00e9 longa e que novas diretrizes foram tra\u00e7adas para o ano corrente, ressaltando que a gest\u00e3o tem feito diversos investimentos para garantir a qualidade educacional adquirindo equipamentos, al\u00e9m de constru\u00e7\u00e3o, manuten\u00e7\u00e3o e reformas das unidades escolares e Creches.<\/p>\n<p>O secret\u00e1rio de Administra\u00e7\u00e3o Leo Oss, disse que a Jornada \u00e9 um momento para construir, debater, refletir sobre os assuntos e estrat\u00e9gias pedag\u00f3gicas que ir\u00e3o somar no ambiente escolar e transforma\u00e7\u00e3o da sociedade<\/p>\n<p>Fabiana Ang\u00eanica, agradeceu mais uma vez os educadores por todo empenho, dedica\u00e7\u00e3o e responsabilidade em elevar a educa\u00e7\u00e3o ao lugar de destaque.<\/p>\n<p>O vice-prefeito Dalvad\u00edsio Lima, disse que a educa\u00e7\u00e3o tem andado em passos largos, e que a popula\u00e7\u00e3o vem colhendo bons frutos desta semeadura, afirmando a plena convic\u00e7\u00e3o de que a gest\u00e3o tem trabalhado muito para que dias melhores possam ser vivenciados por todos.<\/p>\n<p>Em seguida o secret\u00e1rio Jos\u00e9 Ferreira encerrou a abertura da Jornada e convidou a todos a assistirem palestra de Eduardo Shinyashiki, com o tema \u201cCompet\u00eancias Para o Educador do Futuro\u201d, realizada de forma remota.<\/p>\n<p>O palestrante, consultor organizacional, escritor, conferencista nacional e internacional, especialista em desenvolvimento das compet\u00eancias de lideran\u00e7a organizacional, educacional e pessoal e em neurocoaching.<\/p>\n<div class=\"img_ckeditor \"> <a href=\"http:\/\/portal.cidadenoar.com.br\/wp-content\/uploads\/sites\/22\/2024\/12\/jornada-de-acao-educacional-e-as-competencias-para-o-educador-do-futuro-tem-inicio-em-itamaraju-1.jpg\" title data-gallery> <img decoding=\"async\" src=\"http:\/\/portal.cidadenoar.com.br\/wp-content\/uploads\/sites\/22\/2024\/12\/jornada-de-acao-educacional-e-as-competencias-para-o-educador-do-futuro-tem-inicio-em-itamaraju-1.jpg\" class=\"img-responsive \" alt=\"\" title=\"\"> <\/a> <\/div>\n<p><img decoding=\"async\" src=\"http:\/\/portal.cidadenoar.com.br\/wp-content\/uploads\/sites\/22\/2024\/12\/jornada-de-acao-educacional-e-as-competencias-para-o-educador-do-futuro-tem-inicio-em-itamaraju.jpg\" alt=\"\" title=\"\"><\/p>\n","protected":false},"excerpt":{"rendered":"","protected":false},"author":1,"featured_media":0,"comment_status":"closed","ping_status":"closed","sticky":false,"template":"","format":"standard","meta":{"footnotes":""},"categories":[1],"tags":[63],"class_list":["post-1455","post","type-post","status-publish","format-standard","hentry","category-geral","tag-itamaraju-ba"],"_links":{"self":[{"href":"https:\/\/cidadenoar.com\/global\/wp-json\/wp\/v2\/posts\/1455","targetHints":{"allow":["GET"]}}],"collection":[{"href":"https:\/\/cidadenoar.com\/global\/wp-json\/wp\/v2\/posts"}],"about":[{"href":"https:\/\/cidadenoar.com\/global\/wp-json\/wp\/v2\/types\/post"}],"author":[{"embeddable":true,"href":"https:\/\/cidadenoar.com\/global\/wp-json\/wp\/v2\/users\/1"}],"replies":[{"embeddable":true,"href":"https:\/\/cidadenoar.com\/global\/wp-json\/wp\/v2\/comments?post=1455"}],"version-history":[{"count":0,"href":"https:\/\/cidadenoar.com\/global\/wp-json\/wp\/v2\/posts\/1455\/revisions"}],"wp:attachment":[{"href":"https:\/\/cidadenoar.com\/global\/wp-json\/wp\/v2\/media?parent=1455"}],"wp:term":[{"taxonomy":"category","embeddable":true,"href":"https:\/\/cidadenoar.com\/global\/wp-json\/wp\/v2\/categories?post=1455"},{"taxonomy":"post_tag","embeddable":true,"href":"https:\/\/cidadenoar.com\/global\/wp-json\/wp\/v2\/tags?post=1455"}],"curies":[{"name":"wp","href":"https:\/\/api.w.org\/{rel}","templated":true}]}}