{"id":1615,"date":"2024-12-29T20:04:33","date_gmt":"2024-12-29T23:04:33","guid":{"rendered":"https:\/\/cidadenoar.com\/noticia\/39079\/tria-empilhadeiras-consolida-atuacao-no-setor-de-equipamentos-e-visa-crescimento-de-50-em-2025"},"modified":"2025-07-26T18:17:11","modified_gmt":"2025-07-26T21:17:11","slug":"tria-empilhadeiras-consolida-atuacao-no-setor-de-equipamentos-e-visa-crescimento-de-50-em-2025","status":"publish","type":"post","link":"https:\/\/cidadenoar.com\/global\/geral\/tria-empilhadeiras-consolida-atuacao-no-setor-de-equipamentos-e-visa-crescimento-de-50-em-2025\/","title":{"rendered":"Tria Empilhadeiras consolida atua\u00e7\u00e3o no setor de equipamentos e visa crescimento de 50% em 2025"},"content":{"rendered":"<p>O mercado log\u00edstico da Am\u00e9rica Latina vem ganhando destaque e atra\u00eddo investimentos de grandes empresas em todo o mundo. De acordo com proje\u00e7\u00e3o da <a href=\"https:\/\/www.alliedmarketresearch.com\/latin-america-logistics-market-A07185#:~:text=The%20Latin%20America%20logistics%20market,the%20Latin%20America%20logistics%20market.\" target=\"_blank\" rel=\"noopener\">Allied Market Research<\/a>, nos pr\u00f3ximos tr\u00eas anos, espera-se que o segmento de log\u00edstica movimente mais de US$ 784 bilh\u00f5es, registrando um CAGR (Taxa de Crescimento Anual Composta) de 6,2% de 2020 a 2027.<\/p>\n<p>Tal crescimento tamb\u00e9m desperta oportunidades de neg\u00f3cios em diferentes frentes do setor, ampliando a atua\u00e7\u00e3o log\u00edstica no Brasil. Esse \u00e9 o caso da <a href=\"https:\/\/tria.log.br\/\" target=\"_blank\" rel=\"noopener\">Tria Empilhadeiras<\/a>, marca de m\u00e1quinas para manuseio e transporte de cargas, lan\u00e7ada em 2024 como parte da empresa SDO Equipamentos.<\/p>\n<p>Atualmente, em sua expans\u00e3o, a empresa conta com 16 distribuidores e mais de 30 pontos de venda em todas as regi\u00f5es do pa\u00eds, atuando com um portf\u00f3lio de produtos que inclui: empilhadeiras, transpaleteiras, rebocadores, selecionadoras de pedido, plataformas a\u00e9reas e baterias tracion\u00e1rias de l\u00edtio.<\/p>\n<p>\u201cA Tria foi criada para expandir nosso portf\u00f3lio de servi\u00e7os, focando exclusivamente na venda de equipamentos. J\u00e1 neste ano, estamos consolidando a nossa rede de distribui\u00e7\u00e3o cobrindo quase todo o territ\u00f3rio nacional e o faturamento seguiu batendo recordes. Firmamos parcerias novas com fornecedores que s\u00e3o l\u00edderes mundiais em seus segmentos, o que tamb\u00e9m aumentou nossa gama de produtos e competitividade. Agora, temos a proje\u00e7\u00e3o de crescer 50% no pr\u00f3ximo ano\u201d, comenta Humberto Mello, diretor da Tria Empilhadeiras.<\/p>\n<p>Segundo o diretor, os distribuidores s\u00e3o a pe\u00e7a-chave do crescimento da marca, tanto pela capilaridade quanto pela boa qualidade de atendimento e p\u00f3s-venda, no qual s\u00e3o respons\u00e1veis pela recorr\u00eancia de vendas nos clientes.<\/p>\n<div class=\"img_ckeditor \"><img decoding=\"async\" class=\" img-responsive\" src=\"http:\/\/portal.cidadenoar.com.br\/wp-content\/uploads\/sites\/22\/2024\/12\/tria-empilhadeiras-consolida-atuacao-no-setor-de-equipamentos-e-visa-crescimento-de-50-em-2025.png\" alt=\"\" title=\"\"><\/div>\n<p>Formiga: locais que estamos presentes. D: locais onde temos distribuidores autorizados Tria.<\/p>\n<p>J\u00e1 em rela\u00e7\u00e3o aos desafios do mercado ao longo do ano, Humberto conta que a alta do d\u00f3lar foi uma adversidade para quem trabalha com equipamentos importados, necessitando de uma aten\u00e7\u00e3o redobrada para 2025 ajustando constantemente as margens e equalizando as compras com as vendas para manter o estoque otimizado.<\/p>\n<p>\u201cJunto a isso, o objetivo \u00e9 seguir \u00e0 frente em inova\u00e7\u00e3o e tecnologia para continuarmos expandindo com qualidade. Nossos equipamentos, em sua maioria, contam com bateria de \u00edon-l\u00edtio, o que garante maior desempenho, efici\u00eancia energ\u00e9tica e produtividade, bem como diversos par\u00e2metros de telemetria embarcada. Al\u00e9m disso, estamos trazendo as primeiras unidades aut\u00f4nomas para demonstra\u00e7\u00e3o. E com certeza almejaremos muito mais\u201d, conclui Mello.<\/p>\n<p>Not\u00edcia distribu\u00edda pela <a href=\"https:\/\/saladanoticia.com.br\" target=\"_blank\" rel=\"dofollow noopener\">saladanoticia.com.br<\/a>. A Plataforma e Ve\u00edculo n\u00e3o s\u00e3o respons\u00e1veis pelo conte\u00fado publicado, estes s\u00e3o assumidos pelo Autor(a):<br \/>\nGIOVANNA REBELO ALVES<br \/>\n<a class=\"__cf_email__\" href=\"https:\/\/cidadenoar.com\/cdn-cgi\/l\/email-protection\" data-cfemail=\"3a5d53554c5b54545b14485f585f56557a575d5b4a485f494914595557145848\">[email\u00a0protected]<\/a><\/p>\n","protected":false},"excerpt":{"rendered":"<p>O mercado log\u00edstico da Am\u00e9rica Latina vem ganhando destaque e atra\u00eddo investimentos de grandes empresas em todo o mundo. De acordo com proje\u00e7\u00e3o da Allied Market Research, nos pr\u00f3ximos tr\u00eas anos, espera-se que o segmento de log\u00edstica movimente mais de US$ 784 bilh\u00f5es, registrando um CAGR (Taxa de Crescimento Anual Composta) de 6,2% de 2020&#8230;<\/p>\n","protected":false},"author":1,"featured_media":1690,"comment_status":"closed","ping_status":"closed","sticky":false,"template":"","format":"standard","meta":{"footnotes":""},"categories":[1],"tags":[52],"class_list":["post-1615","post","type-post","status-publish","format-standard","has-post-thumbnail","hentry","category-geral","tag-empreendedorismo"],"_links":{"self":[{"href":"https:\/\/cidadenoar.com\/global\/wp-json\/wp\/v2\/posts\/1615","targetHints":{"allow":["GET"]}}],"collection":[{"href":"https:\/\/cidadenoar.com\/global\/wp-json\/wp\/v2\/posts"}],"about":[{"href":"https:\/\/cidadenoar.com\/global\/wp-json\/wp\/v2\/types\/post"}],"author":[{"embeddable":true,"href":"https:\/\/cidadenoar.com\/global\/wp-json\/wp\/v2\/users\/1"}],"replies":[{"embeddable":true,"href":"https:\/\/cidadenoar.com\/global\/wp-json\/wp\/v2\/comments?post=1615"}],"version-history":[{"count":0,"href":"https:\/\/cidadenoar.com\/global\/wp-json\/wp\/v2\/posts\/1615\/revisions"}],"wp:featuredmedia":[{"embeddable":true,"href":"https:\/\/cidadenoar.com\/global\/wp-json\/wp\/v2\/media\/1690"}],"wp:attachment":[{"href":"https:\/\/cidadenoar.com\/global\/wp-json\/wp\/v2\/media?parent=1615"}],"wp:term":[{"taxonomy":"category","embeddable":true,"href":"https:\/\/cidadenoar.com\/global\/wp-json\/wp\/v2\/categories?post=1615"},{"taxonomy":"post_tag","embeddable":true,"href":"https:\/\/cidadenoar.com\/global\/wp-json\/wp\/v2\/tags?post=1615"}],"curies":[{"name":"wp","href":"https:\/\/api.w.org\/{rel}","templated":true}]}}