{"id":1635,"date":"2024-12-30T00:04:08","date_gmt":"2024-12-30T03:04:08","guid":{"rendered":"https:\/\/cidadenoar.com\/noticia\/39090\/escola-publica-do-maranhao-cria-projeto-para-debater-saude-mental-precarizacao-e-discutir-solucoes-para-o-futuro-do-mercado-de-trabalho"},"modified":"2025-07-26T18:17:05","modified_gmt":"2025-07-26T21:17:05","slug":"escola-publica-do-maranhao-cria-projeto-para-debater-saude-mental-precarizacao-e-discutir-solucoes-para-o-futuro-do-mercado-de-trabalho","status":"publish","type":"post","link":"https:\/\/cidadenoar.com\/global\/geral\/escola-publica-do-maranhao-cria-projeto-para-debater-saude-mental-precarizacao-e-discutir-solucoes-para-o-futuro-do-mercado-de-trabalho\/","title":{"rendered":"Escola p\u00fablica do Maranh\u00e3o cria projeto para debater sa\u00fade mental, precariza\u00e7\u00e3o e discutir solu\u00e7\u00f5es para o futuro do mercado de trabalho\u00a0"},"content":{"rendered":"<div><\/div>\n<p>Em um mundo cada vez mais globalizado e competitivo, a juventude maranhense est\u00e1 \u00e0 frente, buscando solu\u00e7\u00f5es para os desafios do mercado de trabalho e buscando construir um futuro mais justo e digno. Os desafios do mercado de trabalho ganharam espa\u00e7o para reflex\u00e3o e aprendizado no Instituto Estadual de Educa\u00e7\u00e3o, Ci\u00eancia e Tecnologia do Maranh\u00e3o (IEMA) Itaqui-Bacanga, em S\u00e3o Lu\u00eds (MA). No projeto &#8220;Desafios do Mundo do Trabalho: Globaliza\u00e7\u00e3o, Sa\u00fade Mental e Explora\u00e7\u00e3o Contempor\u00e2nea&#8221;, os estudantes exploraram temas como precariza\u00e7\u00e3o, desemprego e trabalho escravo contempor\u00e2neo, conectando essas quest\u00f5es globais \u00e0s suas pr\u00f3prias viv\u00eancias e ao contexto local.<\/p>\n<p>A partir de atividades como debates, campanhas educativas e estudos de caso, a iniciativa incentivou os alunos a compreenderem os impactos da globaliza\u00e7\u00e3o e da explora\u00e7\u00e3o nas rela\u00e7\u00f5es trabalhistas e na sa\u00fade mental. Desenvolvido dentro do modelo de Ensino M\u00e9dio Integral, a iniciativa tamb\u00e9m integrou discuss\u00f5es sobre solu\u00e7\u00f5es pr\u00e1ticas e pol\u00edticas p\u00fablicas, permitindo que os jovens relacionassem o aprendizado te\u00f3rico \u00e0 aplica\u00e7\u00e3o no mundo real, com uma abordagem cr\u00edtica e transformadora.<\/p>\n<p>&#8220;Os temas abordados nas atividades fazem parte do cotidiano dos jovens, seja nas dificuldades que muitas fam\u00edlias enfrentam no mercado de trabalho, seja nas discuss\u00f5es atuais sobre sa\u00fade mental e dignidade laboral. Trazer essas quest\u00f5es para a sala de aula foi uma forma de conectar o aprendizado \u00e0 realidade deles, mostrando como a educa\u00e7\u00e3o pode ser um espa\u00e7o para reflex\u00e3o cr\u00edtica e constru\u00e7\u00e3o de solu\u00e7\u00f5es. Essa conex\u00e3o torna o processo de aprendizado mais significativo e engajador,&#8221; explica Francilma Everton, professora de Sociologia e coordenadora da iniciativa.<\/p>\n<p>Ao longo do per\u00edodo, os estudantes n\u00e3o apenas aprenderam sobre os desafios do mercado de trabalho, mas tamb\u00e9m desenvolveram habilidades essenciais para o s\u00e9culo XXI, como pensamento cr\u00edtico, trabalho em equipe e protagonismo juvenil, com atividades que iam al\u00e9m das discuss\u00f5es te\u00f3ricas, incentivando a aplica\u00e7\u00e3o pr\u00e1tica do conhecimento adquirido. Entre os destaques, estavam as entrevistas realizadas com familiares e membros da comunidade, onde os alunos puderam compreender as diferentes percep\u00e7\u00f5es sobre trabalho, desemprego e sa\u00fade mental. Al\u00e9m disso, criaram campanhas de conscientiza\u00e7\u00e3o, utilizando ferramentas digitais e criativas para abordar o impacto do trabalho escravo contempor\u00e2neo e a precariza\u00e7\u00e3o laboral. A integra\u00e7\u00e3o de m\u00e9todos como estudos de caso, debates e oficinas interdisciplinares permitiu que os jovens n\u00e3o apenas analisassem as din\u00e2micas do mercado de trabalho, mas tamb\u00e9m propusessem a\u00e7\u00f5es concretas e inovadoras para promover condi\u00e7\u00f5es mais justas e dignas.<\/p>\n<p>&#8220;A conex\u00e3o entre os temas abordados e o cotidiano dos jovens foi essencial para o sucesso das atividades. Eles puderam perceber como quest\u00f5es como sa\u00fade mental e explora\u00e7\u00e3o laboral impactam n\u00e3o s\u00f3 suas fam\u00edlias, mas tamb\u00e9m a sociedade em geral, o que despertou um interesse genu\u00edno em propor solu\u00e7\u00f5es e refletir sobre o papel que podem desempenhar no futuro do mercado de trabalho&#8221;, destaca a professora.<\/p>\n<p>O projeto foi finalista da\u00a0<strong>Iniciativa Boas Pr\u00e1ticas Pedag\u00f3gicas: Inspirando o Futuro do Ensino M\u00e9dio Integral<\/strong>, promovida pela Sincroniza Educa\u00e7\u00e3o com o apoio do Instituto Sonho Grande. Esse reconhecimento refor\u00e7a a relev\u00e2ncia de propostas que utilizam metodologias ativas para conectar o aprendizado escolar \u00e0s demandas sociais, formando estudantes mais preparados para os desafios contempor\u00e2neos.<\/p>\n<p><strong>Protagonismo e aprendizado na pr\u00e1tica<\/strong><br \/>\nO Ensino M\u00e9dio Integral oferece uma estrutura que valoriza a forma\u00e7\u00e3o integral dos estudantes, unindo o desenvolvimento acad\u00eamico \u00e0s habilidades socioemocionais e ao protagonismo juvenil. Nesse modelo, projetos como este encontram um terreno f\u00e9rtil para florescer, incentivando os alunos a assumirem um papel ativo em seu aprendizado. Al\u00e9m de promover a autonomia e o trabalho em equipe, a modalidade estimula a conex\u00e3o entre a teoria e a pr\u00e1tica, tornando a experi\u00eancia educacional mais significativa e alinhada \u00e0s demandas do mundo contempor\u00e2neo. Essas iniciativas fortalecem o engajamento e ajudam os jovens a desenvolverem compet\u00eancias essenciais para a vida acad\u00eamica, profissional e cidad\u00e3.<\/p>\n<p><strong>Sobre o Ensino M\u00e9dio Integral\u00a0<\/strong><\/p>\n<p><em>O Ensino M\u00e9dio Integral \u00e9 uma proposta pedag\u00f3gica multidimensional, moderna, nacional, p\u00fablica e gratuita. A partir de um modelo de ensino que se conecta \u00e0 realidade dos jovens e ao desenvolvimento de suas compet\u00eancias cognitivas e socioemocionais, prop\u00f5e a forma\u00e7\u00e3o integral dos estudantes. Trabalha pilares como projeto de vida, aprendizado na pr\u00e1tica, tutoria, protagonismo juvenil, acolhimento, orienta\u00e7\u00e3o de estudos e eletivas, que promovem a forma\u00e7\u00e3o completa do estudante, junto aos componentes curriculares j\u00e1 previstos na BNCC. Est\u00e1 presente em cerca de 6 mil escolas em todo o pa\u00eds, beneficiando mais de 1 milh\u00e3o de estudantes.\u00a0<\/em><\/p>\n<p><img decoding=\"async\" src=\"http:\/\/portal.cidadenoar.com.br\/wp-content\/uploads\/sites\/22\/2024\/12\/escola-publica-do-maranhao-cria-projeto-para-debater-saude-mental-precarizacao-e-discutir-solucoes-para-o-futuro-do-mercado-de-trabalho.jpg\" alt=\"\" title=\"\"><\/p>\n","protected":false},"excerpt":{"rendered":"<p>Em um mundo cada vez mais globalizado e competitivo, a juventude maranhense est\u00e1 \u00e0 frente, buscando solu\u00e7\u00f5es para os desafios do mercado de trabalho e buscando construir um futuro mais justo e digno. Os desafios do mercado de trabalho ganharam espa\u00e7o para reflex\u00e3o e aprendizado no Instituto Estadual de Educa\u00e7\u00e3o, Ci\u00eancia e Tecnologia do Maranh\u00e3o&#8230;<\/p>\n","protected":false},"author":1,"featured_media":1675,"comment_status":"closed","ping_status":"closed","sticky":false,"template":"","format":"standard","meta":{"footnotes":""},"categories":[1],"tags":[71],"class_list":["post-1635","post","type-post","status-publish","format-standard","has-post-thumbnail","hentry","category-geral","tag-mercado-de-trabalho"],"_links":{"self":[{"href":"https:\/\/cidadenoar.com\/global\/wp-json\/wp\/v2\/posts\/1635","targetHints":{"allow":["GET"]}}],"collection":[{"href":"https:\/\/cidadenoar.com\/global\/wp-json\/wp\/v2\/posts"}],"about":[{"href":"https:\/\/cidadenoar.com\/global\/wp-json\/wp\/v2\/types\/post"}],"author":[{"embeddable":true,"href":"https:\/\/cidadenoar.com\/global\/wp-json\/wp\/v2\/users\/1"}],"replies":[{"embeddable":true,"href":"https:\/\/cidadenoar.com\/global\/wp-json\/wp\/v2\/comments?post=1635"}],"version-history":[{"count":0,"href":"https:\/\/cidadenoar.com\/global\/wp-json\/wp\/v2\/posts\/1635\/revisions"}],"wp:featuredmedia":[{"embeddable":true,"href":"https:\/\/cidadenoar.com\/global\/wp-json\/wp\/v2\/media\/1675"}],"wp:attachment":[{"href":"https:\/\/cidadenoar.com\/global\/wp-json\/wp\/v2\/media?parent=1635"}],"wp:term":[{"taxonomy":"category","embeddable":true,"href":"https:\/\/cidadenoar.com\/global\/wp-json\/wp\/v2\/categories?post=1635"},{"taxonomy":"post_tag","embeddable":true,"href":"https:\/\/cidadenoar.com\/global\/wp-json\/wp\/v2\/tags?post=1635"}],"curies":[{"name":"wp","href":"https:\/\/api.w.org\/{rel}","templated":true}]}}