{"id":1641,"date":"2024-12-25T00:04:09","date_gmt":"2024-12-25T03:04:09","guid":{"rendered":"https:\/\/cidadenoar.com\/noticia\/39077\/conflito-de-geracoes-o-impacto-das-novas-tecnologias-e-o-excesso-de-conteudo-na-relacao-entre-as-idades"},"modified":"2025-07-26T18:17:20","modified_gmt":"2025-07-26T21:17:20","slug":"conflito-de-geracoes-o-impacto-das-novas-tecnologias-e-o-excesso-de-conteudo-na-relacao-entre-as-idades","status":"publish","type":"post","link":"https:\/\/cidadenoar.com\/global\/geral\/conflito-de-geracoes-o-impacto-das-novas-tecnologias-e-o-excesso-de-conteudo-na-relacao-entre-as-idades\/","title":{"rendered":"Conflito de Gera\u00e7\u00f5es: O Impacto das Novas Tecnologias e o Excesso de Conte\u00fado na Rela\u00e7\u00e3o entre as Idades"},"content":{"rendered":"<p><small id=\"v_data\">21\/12\/2024 \u00e0s 01h16min &#8211; Atualizada em 25\/12\/2024 \u00e0s 00h01min<\/small><\/p>\n<h4>Uma das principais raz\u00f5es para o aumento do conflito geracional na contemporaneidade \u00e9 o impacto direto das novas tecnologias no comportamento e nos valores de cada gera\u00e7\u00e3o<\/h4>\n<p>RENATO LISBOA<\/p>\n<p><small class=\"small\">Renato Lisboa<\/small><\/p>\n<div id=\"texto_release_format\">\n<div>\n<p>Durante d\u00e9cadas, o conflito de gera\u00e7\u00f5es tem sido um tema recorrente em diferentes contextos da sociedade. Por\u00e9m, no cen\u00e1rio atual, em que a tecnologia avan\u00e7a em ritmo acelerado e o volume de informa\u00e7\u00f5es dispon\u00edveis atinge n\u00edveis in\u00e9ditos, a varia\u00e7\u00e3o entre diferentes faixas et\u00e1rias se intensifica. Essa lacuna n\u00e3o se limita \u00e0 vida pessoal; ela \u00e9 cada vez mais evidente no ambiente de trabalho, trazendo desafios e oportunidades para l\u00edderes e equipes que buscam harmonia e produtividade.<\/p>\n<p><b>As ra\u00edzes do conflito: Gera\u00e7\u00f5es e a era digital<\/b><br \/>\nUma das principais raz\u00f5es para o aumento do conflito geracional na contemporaneidade \u00e9 o impacto direto das novas tecnologias no comportamento e nos valores de cada gera\u00e7\u00e3o. A chamada <i>Gera\u00e7\u00e3o Z<\/i> (nascida a partir de 1997), por exemplo, cresceu conectada a dispositivos m\u00f3veis e redes sociais, habituada ao consumo instant\u00e2neo de conte\u00fado e \u00e0 multitarefa. Enquanto isso, as gera\u00e7\u00f5es mais velhas, como os <i>Baby Boomers<\/i> e a <i>Gera\u00e7\u00e3o X<\/i>, foram moldadas por um tempo em que o trabalho era mais linear, a comunica\u00e7\u00e3o era feita presencialmente ou por telefone, e o aprendizado vinha de livros e experi\u00eancias pr\u00e1ticas, em vez de tutoriais no YouTube ou posts no Instagram.<br \/>\nEsse descompasso cria, naturalmente, diferen\u00e7as de valores no ambiente profissional. Enquanto os mais jovens priorizam a flexibilidade, a inova\u00e7\u00e3o e o prop\u00f3sito no trabalho, as gera\u00e7\u00f5es mais antigas frequentemente destacam a import\u00e2ncia da disciplina, da experi\u00eancia e da estabilidade. O excesso de conte\u00fado consumido pelas novas gera\u00e7\u00f5es, alimentado pelo fluxo constante de informa\u00e7\u00f5es da internet, pode fortalecer essas diferen\u00e7as ao dificultar o foco em valores tradicionais, muitas vezes vistos como \u201cdatados\u201d pelos mais jovens.<br \/>\n<b>Como identificar conflitos geracionais no trabalho<\/b><br \/>\nReconhecer o conflito de gera\u00e7\u00f5es no ambiente corporativo \u00e9 o primeiro passo para solucion\u00e1-lo. Alguns sinais comuns incluem:<\/div>\n<ul>\n<li><b>Diferen\u00e7as de comunica\u00e7\u00e3o<\/b>: As gera\u00e7\u00f5es mais velhas podem preferir reuni\u00f5es presenciais ou telefonemas, enquanto os jovens optam por mensagens instant\u00e2neas e e-mails curtos. Isso pode causar ru\u00eddos e mal-entendidos.<\/li>\n<li><b>Diverg\u00eancias de prioridades<\/b>: Enquanto um colaborador mais experiente busca seguran\u00e7a em processos consolidados, o mais jovem pode querer padr\u00f5es estranhos e adotar ferramentas ou ideias mais arrojadas.<\/li>\n<li><b>Estere\u00f3tipos e julgamentos<\/b>: Frases como &#8220;os jovens n\u00e3o t\u00eam paci\u00eancia&#8221; ou &#8220;os mais velhos resistem \u00e0 mudan\u00e7a&#8221; alimentam preconceitos e dificultam a colabora\u00e7\u00e3o.<\/li>\n<li><b>Quest\u00f5es sobre a \u00e9tica de trabalho<\/b>: As gera\u00e7\u00f5es podem ter diferentes expectativas sobre hor\u00e1rios, formatos de trabalho (presencial x remoto) e estilos de lideran\u00e7a.<\/li>\n<\/ul>\n<p>Esses conflitos, se n\u00e3o gerenciados, podem evoluir para outras formas de confronto, como desmotiva\u00e7\u00e3o, falta de engajamento e at\u00e9 hostilidade entre colegas.<br \/>\n<b>Como lidar com conflitos geracionais no ambiente corporativo<\/b><br \/>\nPara evitar que as diferen\u00e7as entre gera\u00e7\u00f5es se transformem em um problema maior, \u00e9 essencial que as empresas e seus l\u00edderes adotem estrat\u00e9gias claras de media\u00e7\u00e3o e integra\u00e7\u00e3o. Algumas abordagens incluem:<\/p>\n<ol>\n<li><b>Promova a empatia e o di\u00e1logo<\/b>: Crie espa\u00e7os onde todos possam compartilhar suas perspectivas ajuda a reduzir preconceitos. Reuni\u00f5es colaborativas e din\u00e2micas de integra\u00e7\u00e3o podem ser fundamentais para alinhar expectativas.<\/li>\n<li><b>Adotar uma lideran\u00e7a adaptativa<\/b>: Os l\u00edderes devem considerar as diferen\u00e7as de cada gera\u00e7\u00e3o e adotar estrat\u00e9gias que atendam \u00e0s necessidades de todos. Isso pode incluir flexibilidade para os mais jovens e estabilidade para os mais experientes.<\/li>\n<li><b>Estabelecer mentoria intergeracional<\/b>: Conectar profissionais de diferentes idades para troca de conhecimentos \u00e9 uma pr\u00e1tica que beneficia a todos. Os mais experientes podem compartilhar viv\u00eancias, enquanto os mais jovens ensinam novas tecnologias e tend\u00eancias.<\/li>\n<li><b>Treinamento e capacita\u00e7\u00e3o<\/b>: Investir em workshops e treinamentos sobre intelig\u00eancia emocional e resolu\u00e7\u00e3o de conflitos pode preparar uma equipe para lidar melhor com diferen\u00e7as e alinhar objetivos comuns.<\/li>\n<li><b>Focar no prop\u00f3sito comum<\/b>: Ao fortalecer os objetivos organizacionais e destacar a import\u00e2ncia do trabalho em equipe, as empresas ajudam a reduzir o foco nas diferen\u00e7as e a aumentar a coopera\u00e7\u00e3o entre as gera\u00e7\u00f5es.<\/li>\n<\/ol>\n<p><b>Conflito como oportunidade<\/b><br \/>\nEmbora o conflito de gera\u00e7\u00f5es possa parecer um desafio, ele tamb\u00e9m traz oportunidades valiosas. A diversidade de perspectivas permite que as empresas sejam mais inovadoras e resilientes. Ao equilibrar a experi\u00eancia das gera\u00e7\u00f5es mais velhas com a ousadia e a criatividade dos mais jovens, \u00e9 poss\u00edvel alcan\u00e7ar resultados superiores, que refletem as necessidades de um mercado cada vez mais plural.<br \/>\nAo final, lidar com o conflito de gera\u00e7\u00f5es \u00e9 uma quest\u00e3o de constru\u00e7\u00e3o de pontes. Em vez de permitir que as diferen\u00e7as se tornem barreiras, \u00e9 necess\u00e1rio abra\u00e7\u00e1-las como uma chance de aprendizado m\u00fatuo. E, no mundo atual, em que as mudan\u00e7as s\u00e3o a \u00fanica constante, a uni\u00e3o entre gera\u00e7\u00f5es \u00e9 a chave para o sucesso, tanto no ambiente corporativo quanto na sociedade como um todo.<br \/>\n<b>Navegando pelo futuro juntos<\/b><\/p>\n<p>As diferen\u00e7as geracionais s\u00e3o inevit\u00e1veis em um mundo em constante transforma\u00e7\u00e3o, mas n\u00e3o precisam ser um fator de desuni\u00e3o. Com di\u00e1logo, empatia e estrat\u00e9gias bem definidas, \u00e9 poss\u00edvel transformar esses conflitos em colabora\u00e7\u00e3o e crescimento. Afinal, o verdadeiro progresso s\u00f3 acontece quando as gera\u00e7\u00f5es unem for\u00e7as para enfrentar os desafios do presente e construir o futuro.<\/p>\n<p>*Neuropsicanalista, Socorrista em Sa\u00fade Mental, Jornalista e Advogado. Foi respons\u00e1vel pela maior negocia\u00e7\u00e3o trabalhista administrativa do Brasil.<\/p>\n<p>Not\u00edcia distribu\u00edda pela <a href=\"https:\/\/saladanoticia.com.br\" target=\"_blank\" rel=\"dofollow noopener\">saladanoticia.com.br<\/a>. A Plataforma e Ve\u00edculo n\u00e3o s\u00e3o respons\u00e1veis pelo conte\u00fado publicado, estes s\u00e3o assumidos pelo Autor(a):<br \/>\nRENATO DOS SANTOS LISBOA<br \/>\n<a class=\"__cf_email__\" href=\"https:\/\/cidadenoar.com\/cdn-cgi\/l\/email-protection\" data-cfemail=\"01626e6c64736268606d646568756e73606d6872636e6041666c60686d2f626e6c\">[email\u00a0protected]<\/a><\/p>\n<\/div>\n<p><img decoding=\"async\" src=\"http:\/\/portal.cidadenoar.com.br\/wp-content\/uploads\/sites\/22\/2024\/12\/conflito-de-geracoes-o-impacto-das-novas-tecnologias-e-o-excesso-de-conteudo-na-relacao-entre-as-idades.png\" alt=\"\" title=\"\"><\/p>\n","protected":false},"excerpt":{"rendered":"<p>21\/12\/2024 \u00e0s 01h16min &#8211; Atualizada em 25\/12\/2024 \u00e0s 00h01min Uma das principais raz\u00f5es para o aumento do conflito geracional na contemporaneidade \u00e9 o impacto direto das novas tecnologias no comportamento e nos valores de cada gera\u00e7\u00e3o RENATO LISBOA Renato Lisboa Durante d\u00e9cadas, o conflito de gera\u00e7\u00f5es tem sido um tema recorrente em diferentes contextos da&#8230;<\/p>\n","protected":false},"author":1,"featured_media":1707,"comment_status":"closed","ping_status":"closed","sticky":false,"template":"","format":"standard","meta":{"footnotes":""},"categories":[1],"tags":[71],"class_list":["post-1641","post","type-post","status-publish","format-standard","has-post-thumbnail","hentry","category-geral","tag-mercado-de-trabalho"],"_links":{"self":[{"href":"https:\/\/cidadenoar.com\/global\/wp-json\/wp\/v2\/posts\/1641","targetHints":{"allow":["GET"]}}],"collection":[{"href":"https:\/\/cidadenoar.com\/global\/wp-json\/wp\/v2\/posts"}],"about":[{"href":"https:\/\/cidadenoar.com\/global\/wp-json\/wp\/v2\/types\/post"}],"author":[{"embeddable":true,"href":"https:\/\/cidadenoar.com\/global\/wp-json\/wp\/v2\/users\/1"}],"replies":[{"embeddable":true,"href":"https:\/\/cidadenoar.com\/global\/wp-json\/wp\/v2\/comments?post=1641"}],"version-history":[{"count":0,"href":"https:\/\/cidadenoar.com\/global\/wp-json\/wp\/v2\/posts\/1641\/revisions"}],"wp:featuredmedia":[{"embeddable":true,"href":"https:\/\/cidadenoar.com\/global\/wp-json\/wp\/v2\/media\/1707"}],"wp:attachment":[{"href":"https:\/\/cidadenoar.com\/global\/wp-json\/wp\/v2\/media?parent=1641"}],"wp:term":[{"taxonomy":"category","embeddable":true,"href":"https:\/\/cidadenoar.com\/global\/wp-json\/wp\/v2\/categories?post=1641"},{"taxonomy":"post_tag","embeddable":true,"href":"https:\/\/cidadenoar.com\/global\/wp-json\/wp\/v2\/tags?post=1641"}],"curies":[{"name":"wp","href":"https:\/\/api.w.org\/{rel}","templated":true}]}}