{"id":1644,"date":"2024-12-25T00:04:05","date_gmt":"2024-12-25T03:04:05","guid":{"rendered":"https:\/\/cidadenoar.com\/noticia\/39074\/ibm-brasil-lanca-mais-de-180-vagas-para-programa-de-estagio-em-sao-paulo"},"modified":"2025-07-26T18:17:21","modified_gmt":"2025-07-26T21:17:21","slug":"ibm-brasil-lanca-mais-de-180-vagas-para-programa-de-estagio-em-sao-paulo","status":"publish","type":"post","link":"https:\/\/cidadenoar.com\/global\/geral\/ibm-brasil-lanca-mais-de-180-vagas-para-programa-de-estagio-em-sao-paulo\/","title":{"rendered":"IBM Brasil lan\u00e7a mais de 180 vagas para programa de est\u00e1gio em S\u00e3o Paulo"},"content":{"rendered":"<p><small id=\"v_data\">23\/12\/2024 \u00e0s 09h55min &#8211; Atualizada em 25\/12\/2024 \u00e0s 00h01min<\/small><\/p>\n<h4>Jovens profissionais podem conferir todas as informa\u00e7\u00f5es gratuitamente atrav\u00e9s do aplicativo da Catho<\/h4>\n<p>GIOVANNA ALVES<\/p>\n<div id=\"texto_release_format\">\n<p>A IBM, empresa global de tecnologia e inova\u00e7\u00e3o, abriu mais de 180 vagas para programas de est\u00e1gio no estado de S\u00e3o Paulo, a fim de ampliar a entrada de jovens profissionais no mercado de trabalho. As vagas s\u00e3o para as \u00e1reas de RH, planejamento financeiro, opera\u00e7\u00e3o de vendas e tecnologia, tamb\u00e9m para profissionais com defici\u00eancia. Ainda, a empresa tamb\u00e9m est\u00e1 com duas vagas para desenvolvedor full stack.<\/p>\n<p>Al\u00e9m da bolsa aux\u00edlio, os programas de est\u00e1gio oferecem pacotes de benef\u00edcios que incluem seguro sa\u00fade, assist\u00eancia m\u00e9dica e odontol\u00f3gica, conv\u00eanio farm\u00e1cia, t\u00edquete refei\u00e7\u00e3o e vale transporte.<\/p>\n<p>Para quem possui boas habilidades de comunica\u00e7\u00e3o e trabalho em equipe, vontade de aprender e se desenvolver em um ambiente din\u00e2mico e inovador, pode conferir todas as informa\u00e7\u00f5es por meio do aplicativo da Catho, plataforma gratuita de empregos, acessando o link dispon\u00edvel para download (<a href=\"https:\/\/www.catho.com.br\/landing\/app-catho\" target=\"_blank\" rel=\"noopener\">clique aqui<\/a>), ou direto na <a href=\"https:\/\/www.catho.com.br\/vagas\/ibm-brasil\/\" target=\"_blank\" rel=\"noopener\">plataforma online<\/a>, para se inscrever gratuitamente e ter a chance de fazer parte do maior empregador do setor de tecnologia e consultoria do mundo.<\/p>\n<p>Para mais informa\u00e7\u00f5es, <a href=\"https:\/\/www.catho.com.br\/landing\/app-catho\" target=\"_blank\" rel=\"noopener\">baixe o app gr\u00e1tis<\/a>.<\/p>\n<p>Not\u00edcia distribu\u00edda pela <a href=\"https:\/\/saladanoticia.com.br\" target=\"_blank\" rel=\"dofollow noopener\">saladanoticia.com.br<\/a>. A Plataforma e Ve\u00edculo n\u00e3o s\u00e3o respons\u00e1veis pelo conte\u00fado publicado, estes s\u00e3o assumidos pelo Autor(a):<br \/>\nGIOVANNA REBELO ALVES<br \/>\n<a class=\"__cf_email__\" href=\"https:\/\/cidadenoar.com\/cdn-cgi\/l\/email-protection\" data-cfemail=\"f097999f86919e9e91de829592959c9fb09d97918082958383de939f9dde9282\">[email\u00a0protected]<\/a><\/p>\n<\/div>\n<p><img decoding=\"async\" src=\"http:\/\/portal.cidadenoar.com.br\/wp-content\/uploads\/sites\/22\/2024\/12\/ibm-brasil-lanca-mais-de-180-vagas-para-programa-de-estagio-em-sao-paulo.jpg\" alt=\"\" title=\"\"><\/p>\n","protected":false},"excerpt":{"rendered":"<p>23\/12\/2024 \u00e0s 09h55min &#8211; Atualizada em 25\/12\/2024 \u00e0s 00h01min Jovens profissionais podem conferir todas as informa\u00e7\u00f5es gratuitamente atrav\u00e9s do aplicativo da Catho GIOVANNA ALVES A IBM, empresa global de tecnologia e inova\u00e7\u00e3o, abriu mais de 180 vagas para programas de est\u00e1gio no estado de S\u00e3o Paulo, a fim de ampliar a entrada de jovens profissionais&#8230;<\/p>\n","protected":false},"author":1,"featured_media":1710,"comment_status":"closed","ping_status":"closed","sticky":false,"template":"","format":"standard","meta":{"footnotes":""},"categories":[1],"tags":[71],"class_list":["post-1644","post","type-post","status-publish","format-standard","has-post-thumbnail","hentry","category-geral","tag-mercado-de-trabalho"],"_links":{"self":[{"href":"https:\/\/cidadenoar.com\/global\/wp-json\/wp\/v2\/posts\/1644","targetHints":{"allow":["GET"]}}],"collection":[{"href":"https:\/\/cidadenoar.com\/global\/wp-json\/wp\/v2\/posts"}],"about":[{"href":"https:\/\/cidadenoar.com\/global\/wp-json\/wp\/v2\/types\/post"}],"author":[{"embeddable":true,"href":"https:\/\/cidadenoar.com\/global\/wp-json\/wp\/v2\/users\/1"}],"replies":[{"embeddable":true,"href":"https:\/\/cidadenoar.com\/global\/wp-json\/wp\/v2\/comments?post=1644"}],"version-history":[{"count":0,"href":"https:\/\/cidadenoar.com\/global\/wp-json\/wp\/v2\/posts\/1644\/revisions"}],"wp:featuredmedia":[{"embeddable":true,"href":"https:\/\/cidadenoar.com\/global\/wp-json\/wp\/v2\/media\/1710"}],"wp:attachment":[{"href":"https:\/\/cidadenoar.com\/global\/wp-json\/wp\/v2\/media?parent=1644"}],"wp:term":[{"taxonomy":"category","embeddable":true,"href":"https:\/\/cidadenoar.com\/global\/wp-json\/wp\/v2\/categories?post=1644"},{"taxonomy":"post_tag","embeddable":true,"href":"https:\/\/cidadenoar.com\/global\/wp-json\/wp\/v2\/tags?post=1644"}],"curies":[{"name":"wp","href":"https:\/\/api.w.org\/{rel}","templated":true}]}}