{"id":1740,"date":"2025-01-02T10:19:01","date_gmt":"2025-01-02T13:19:01","guid":{"rendered":"https:\/\/cidadenoar.com\/?p=1740"},"modified":"2025-07-26T18:01:53","modified_gmt":"2025-07-26T21:01:53","slug":"nesta-quarta-feira-1o-de-janeiro-alexandre-xepa-toma-posse-como-prefeito-e-promete-gestao-proxima-e-transparente-em-itapema","status":"publish","type":"post","link":"https:\/\/cidadenoar.com\/global\/brasil\/nesta-quarta-feira-1o-de-janeiro-alexandre-xepa-toma-posse-como-prefeito-e-promete-gestao-proxima-e-transparente-em-itapema\/","title":{"rendered":"Nesta quarta-feira, 1\u00ba de janeiro, Alexandre Xepa toma posse como prefeito e promete gest\u00e3o pr\u00f3xima e transparente em Itapema"},"content":{"rendered":"\n<p><\/p>\n\n\n\n<p>Nesta quarta-feira, 1\u00ba de janeiro, Alexandre Xepa (PL) foi oficialmente empossado como <a href=\"https:\/\/itapema.sc.gov.br\" data-type=\"link\" data-id=\"https:\/\/itapema.sc.gov.br\" target=\"_blank\" rel=\"noopener\">prefeito de Itapema<\/a>, junto ao vice-prefeito Eurico Osmari (Republicanos) e aos 13 vereadores eleitos para a legislatura 2025-2028. A cerim\u00f4nia, realizada no plen\u00e1rio da C\u00e2mara Municipal, marcou o in\u00edcio de uma nova fase pol\u00edtica e administrativa para o munic\u00edpio.<\/p>\n\n\n\n<p>Durante a solenidade, os eleitos assinaram o termo de posse e refor\u00e7aram o compromisso de trabalhar com responsabilidade e transpar\u00eancia.<\/p>\n\n\n\n<p>Ap\u00f3s a cerim\u00f4nia na C\u00e2mara, foi realizado um ato simb\u00f3lico no Pa\u00e7o Municipal, onde a prefeita Nilza Simas transmitiu oficialmente o cargo ao novo prefeito, entregando as chaves da Prefeitura. No evento, Xepa apresentou o secretariado que ir\u00e1 compor sua gest\u00e3o, destacando o papel estrat\u00e9gico de cada pasta no avan\u00e7o das pol\u00edticas p\u00fablicas e no atendimento \u00e0s demandas da popula\u00e7\u00e3o. A ocasi\u00e3o reuniu moradores, lideran\u00e7as locais e a imprensa.<\/p>\n\n\n\n<p><strong>Compromisso com <a href=\"http:\/\/itapema.cidadenoar.com\" data-type=\"link\" data-id=\"itapema.cidadenoar.com\">Itapema<\/a><\/strong><\/p>\n\n\n\n<p>Em seu discurso, Alexandre Xepa falou sobre a emo\u00e7\u00e3o de assumir a prefeitura e o compromisso de realizar um governo pr\u00f3ximo da popula\u00e7\u00e3o. \u201cHoje \u00e9 um momento de muita emo\u00e7\u00e3o: um vendedor de picol\u00e9 se torna prefeito de uma das melhores cidades do Brasil. Minha trajet\u00f3ria sempre foi marcada pela honestidade, trabalho e respeito ao nosso povo, e \u00e9 assim que continuarei \u00e0 frente da prefeitura. Quero agradecer a todos que confiaram em mim e na nossa equipe. Vamos honrar essa confian\u00e7a com muito trabalho e fazer de Itapema a melhor cidade do Brasil,\u201d destacou.<\/p>\n\n\n\n<p>O prefeito eleito tamb\u00e9m ressaltou a import\u00e2ncia de uma gest\u00e3o eficiente e comprometida, destacando a implementa\u00e7\u00e3o de uma reforma administrativa, al\u00e9m da cria\u00e7\u00e3o de pol\u00edticas p\u00fablicas voltadas \u00e0 habita\u00e7\u00e3o e \u00e0s pessoas idosas. Ele refor\u00e7ou ainda o compromisso com o di\u00e1logo aberto com a popula\u00e7\u00e3o, um pilar essencial para sua gest\u00e3o.<\/p>\n\n\n\n<p><strong>Primeiros passos<\/strong><\/p>\n\n\n\n<p>A nova gest\u00e3o inicia oficialmente os trabalhos nesta quinta-feira, 2 de janeiro com uma reuni\u00e3o de colegiado. Entre as prioridades iniciais est\u00e3o o planejamento estrat\u00e9gico para a alta temporada, buscando atender \u00e0s principais demandas da cidade com efici\u00eancia e agilidade.<\/p>\n\n\n\n<p>\u2014\u2014\u2014-<\/p>\n\n\n\n<p><strong>Colegiado<\/strong><\/p>\n\n\n\n<p>Alvadi Fernando Henrique &#8211; Procuradoria Geral<\/p>\n\n\n\n<p>Caroline Poerner &#8211; Comunica\u00e7\u00e3o e Marketing<\/p>\n\n\n\n<p>Daniel de Amorim &#8211; Planejamento<\/p>\n\n\n\n<p>Ten. Cel. \u00c9der Jaciel &nbsp;&#8211; Articula\u00e7\u00e3o e Combate \u00e0 corrup\u00e7\u00e3o<\/p>\n\n\n\n<p>Fabr\u00edcio Lazzari \u201cFaf\u00e1\u201d &#8211; Sa\u00fade<\/p>\n\n\n\n<p>Gabriela Fernandes Nascimento &#8211; Pol\u00edticas da Pessoa Idosa<\/p>\n\n\n\n<p>\u00cdris Bispo da Silva &nbsp;&#8211; Assist\u00eancia Social<\/p>\n\n\n\n<p>Jean Idimar da Silva &#8211; Obras<\/p>\n\n\n\n<p>Luciana Saramento &#8211; FAACI<\/p>\n\n\n\n<p>Marcelo Correia &#8211; Governo e Infraestrutura<\/p>\n\n\n\n<p>Nego Joe &#8211; Cultura<\/p>\n\n\n\n<p>Nicolau Domingos da Silva Neto &#8211; Desenvolvimento Econ\u00f4mico e Habita\u00e7\u00e3o<\/p>\n\n\n\n<p>Pati Marin &#8211; Turismo<\/p>\n\n\n\n<p>Paulo Roberto Camargo &#8211; Esporte<\/p>\n\n\n\n<p>Raphael Voltolini &#8211; Administra\u00e7\u00e3o<\/p>\n\n\n\n<p>Valdir Nesi Filho &#8211; Educa\u00e7\u00e3o<\/p>\n\n\n\n<p><\/p>\n","protected":false},"excerpt":{"rendered":"<p>Nesta quarta-feira, 1\u00ba de janeiro, Alexandre Xepa (PL) foi oficialmente empossado como prefeito de Itapema, junto ao vice-prefeito Eurico Osmari (Republicanos) e aos 13 vereadores eleitos para a legislatura 2025-2028. A cerim\u00f4nia, realizada no plen\u00e1rio da C\u00e2mara Municipal, marcou o in\u00edcio de uma nova fase pol\u00edtica e administrativa para o munic\u00edpio. Durante a solenidade, os&#8230;<\/p>\n","protected":false},"author":1,"featured_media":1741,"comment_status":"open","ping_status":"open","sticky":false,"template":"","format":"standard","meta":{"footnotes":""},"categories":[11],"tags":[57,74,73],"class_list":["post-1740","post","type-post","status-publish","format-standard","has-post-thumbnail","hentry","category-brasil","tag-itapema-sc","tag-prefeito","tag-prefeitura"],"_links":{"self":[{"href":"https:\/\/cidadenoar.com\/global\/wp-json\/wp\/v2\/posts\/1740","targetHints":{"allow":["GET"]}}],"collection":[{"href":"https:\/\/cidadenoar.com\/global\/wp-json\/wp\/v2\/posts"}],"about":[{"href":"https:\/\/cidadenoar.com\/global\/wp-json\/wp\/v2\/types\/post"}],"author":[{"embeddable":true,"href":"https:\/\/cidadenoar.com\/global\/wp-json\/wp\/v2\/users\/1"}],"replies":[{"embeddable":true,"href":"https:\/\/cidadenoar.com\/global\/wp-json\/wp\/v2\/comments?post=1740"}],"version-history":[{"count":0,"href":"https:\/\/cidadenoar.com\/global\/wp-json\/wp\/v2\/posts\/1740\/revisions"}],"wp:featuredmedia":[{"embeddable":true,"href":"https:\/\/cidadenoar.com\/global\/wp-json\/wp\/v2\/media\/1741"}],"wp:attachment":[{"href":"https:\/\/cidadenoar.com\/global\/wp-json\/wp\/v2\/media?parent=1740"}],"wp:term":[{"taxonomy":"category","embeddable":true,"href":"https:\/\/cidadenoar.com\/global\/wp-json\/wp\/v2\/categories?post=1740"},{"taxonomy":"post_tag","embeddable":true,"href":"https:\/\/cidadenoar.com\/global\/wp-json\/wp\/v2\/tags?post=1740"}],"curies":[{"name":"wp","href":"https:\/\/api.w.org\/{rel}","templated":true}]}}