{"id":1743,"date":"2025-01-04T10:22:13","date_gmt":"2025-01-04T13:22:13","guid":{"rendered":"https:\/\/cidadenoar.com\/?p=1743"},"modified":"2025-07-26T17:57:00","modified_gmt":"2025-07-26T20:57:00","slug":"itapema-reforca-saude-na-temporada-2025","status":"publish","type":"post","link":"https:\/\/cidadenoar.com\/global\/cultura-lazer\/itapema-reforca-saude-na-temporada-2025\/","title":{"rendered":"Itapema refor\u00e7a sa\u00fade na temporada 2025"},"content":{"rendered":"\n<p>Itapema, um dos destinos tur\u00edsticos mais visitados de Santa Catarina, acaba de ganhar um importante refor\u00e7o na \u00e1rea da sa\u00fade para atender \u00e0 alta demanda da temporada de ver\u00e3o. Nesta segunda-feira (6), come\u00e7a a operar o Pronto Atendimento (PA) no Centro de Refer\u00eancia de Especialidades (<a href=\"http:\/\/itapema.sc.gov.br\" data-type=\"link\" data-id=\"itapema.sc.gov.br\" target=\"_blank\" rel=\"noopener\">CERES)<\/a> II, localizado no Bairro Morretes, na Rua 424, n\u00ba 1249.<\/p>\n\n\n\n<p>O novo servi\u00e7o foi estruturado para atender tanto os moradores quanto os turistas que visitam a cidade durante os meses de maior movimenta\u00e7\u00e3o. Com funcionamento das 7h \u00e0 meia-noite, o PA conta com uma equipe completa, oferecendo atendimento \u00e1gil e humanizado.<\/p>\n\n\n\n<h3 class=\"wp-block-heading\"><strong>Planejamento estrat\u00e9gico para o ver\u00e3o<\/strong><\/h3>\n\n\n\n<p>O ver\u00e3o \u00e9 o per\u00edodo de maior fluxo de pessoas em Itapema, que recebe milhares de visitantes atra\u00eddos por suas praias, clima agrad\u00e1vel e infraestrutura <a href=\"http:\/\/itapema.cidadenoar.com.br\" data-type=\"link\" data-id=\"itapema.cidadenoar.com.br\">tur\u00edstica<\/a>. Esse aumento populacional sazonal impacta diretamente os servi\u00e7os p\u00fablicos, em especial o sistema de sa\u00fade. Pensando nisso, a Prefeitura de Itapema adotou medidas emergenciais para ampliar a capacidade de atendimento m\u00e9dico na cidade.<\/p>\n\n\n\n<p>A abertura do PA no CERES II \u00e9 uma dessas a\u00e7\u00f5es estrat\u00e9gicas. O objetivo principal \u00e9 reduzir a sobrecarga da Unidade de Pronto Atendimento (UPA) 24h, localizada em outro ponto da cidade, e garantir que tanto os moradores quanto os turistas tenham acesso a servi\u00e7os m\u00e9dicos de qualidade durante a temporada.<\/p>\n\n\n\n<p>Segundo o Secret\u00e1rio de Sa\u00fade, Fabr\u00edcio Lazzari, o novo espa\u00e7o foi preparado para atender uma ampla demanda com efici\u00eancia. \u201cEstamos prontos para receber pacientes do Bairro Morretes e de toda a regi\u00e3o. A estrutura foi montada pensando em oferecer mais acesso \u00e0 sa\u00fade, especialmente neste per\u00edodo de maior procura. Nosso foco \u00e9 garantir que todos, moradores e turistas, possam contar com um atendimento eficiente e seguro\u201d, afirmou o secret\u00e1rio.<\/p>\n\n\n\n<h3 class=\"wp-block-heading\"><strong>Prefeitura refor\u00e7a compromisso com a sa\u00fade p\u00fablica<\/strong><\/h3>\n\n\n\n<p>A gest\u00e3o municipal de Itapema tem dado aten\u00e7\u00e3o especial \u00e0 sa\u00fade p\u00fablica, especialmente diante dos desafios impostos pela alta temporada. O prefeito Alexandre Xepa destacou o esfor\u00e7o conjunto da administra\u00e7\u00e3o para garantir que a cidade esteja preparada para atender a popula\u00e7\u00e3o fixa e flutuante.<\/p>\n\n\n\n<p>\u201cIniciamos o governo com o desafio de atender \u00e0 alta demanda caracter\u00edstica do ver\u00e3o, mas estamos determinados a garantir um atendimento humanizado e de qualidade. O Pronto Atendimento no CERES II \u00e9 mais uma prova do nosso compromisso em cuidar da sa\u00fade de quem vive aqui e de quem nos visita. Essa amplia\u00e7\u00e3o \u00e9 um passo importante para melhorar o acesso aos servi\u00e7os m\u00e9dicos em um momento t\u00e3o cr\u00edtico\u201d, declarou o prefeito.<\/p>\n\n\n\n<p>A estrutura do CERES II foi adaptada para atender casos de baixa e m\u00e9dia complexidade, com salas de triagem, consult\u00f3rios e \u00e1rea de atendimento equipada. Com isso, a unidade se torna uma op\u00e7\u00e3o eficiente e acess\u00edvel para quem busca assist\u00eancia m\u00e9dica imediata.<\/p>\n\n\n\n<h3 class=\"wp-block-heading\"><strong>Impacto no turismo e na experi\u00eancia dos visitantes<\/strong><\/h3>\n\n\n\n<p>A abertura do PA no CERES II n\u00e3o \u00e9 importante apenas para os moradores, mas tamb\u00e9m para os turistas que escolhem Itapema como destino de f\u00e9rias. Com praias populares, como Meia Praia e Praia Central, a cidade recebe milhares de visitantes que esperam desfrutar de momentos de lazer e descanso.<\/p>\n\n\n\n<p>Ter acesso a servi\u00e7os de sa\u00fade de qualidade \u00e9 um diferencial que pode impactar positivamente a experi\u00eancia tur\u00edstica. Situa\u00e7\u00f5es inesperadas, como pequenos acidentes ou problemas de sa\u00fade, s\u00e3o comuns durante as viagens, e a presen\u00e7a de um pronto atendimento pr\u00f3ximo e acess\u00edvel garante mais seguran\u00e7a e tranquilidade para os visitantes.<\/p>\n\n\n\n<p>Al\u00e9m disso, o refor\u00e7o no atendimento m\u00e9dico contribui para a imagem de Itapema como uma cidade que se preocupa com o bem-estar de seus moradores e turistas. Esse cuidado fortalece o turismo local, posicionando o munic\u00edpio como um destino preparado para receber visitantes com infraestrutura e servi\u00e7os essenciais de qualidade.<\/p>\n\n\n\n<figure class=\"wp-block-image size-large\"><img fetchpriority=\"high\" decoding=\"async\" width=\"1024\" height=\"568\" src=\"http:\/\/cidadenoar.com\/wp-content\/uploads\/sites\/22\/2025\/01\/image-1024x568.png\" alt=\"\" class=\"wp-image-1744\" title=\"\" srcset=\"https:\/\/cidadenoar.com\/global\/wp-content\/uploads\/sites\/22\/2025\/01\/image-1024x568.png 1024w, https:\/\/cidadenoar.com\/global\/wp-content\/uploads\/sites\/22\/2025\/01\/image-300x166.png 300w, https:\/\/cidadenoar.com\/global\/wp-content\/uploads\/sites\/22\/2025\/01\/image-768x426.png 768w, https:\/\/cidadenoar.com\/global\/wp-content\/uploads\/sites\/22\/2025\/01\/image.png 1356w\" sizes=\"(max-width: 1024px) 100vw, 1024px\" \/><figcaption class=\"wp-element-caption\"><strong>Pronto Atendimento CERES II<\/strong> Itapema-SC<\/figcaption><\/figure>\n\n\n\n<h3 class=\"wp-block-heading\"><strong>Turismo respons\u00e1vel e planejamento urbano<\/strong><\/h3>\n\n\n\n<p>A gest\u00e3o municipal tem trabalhado para alinhar o crescimento tur\u00edstico com o fortalecimento da infraestrutura urbana. O turismo respons\u00e1vel \u00e9 uma prioridade, e a\u00e7\u00f5es como a abertura do PA no CERES II mostram como \u00e9 poss\u00edvel equilibrar o aumento do fluxo de visitantes com a preserva\u00e7\u00e3o da qualidade de vida da popula\u00e7\u00e3o local.<\/p>\n\n\n\n<p>Com a nova unidade em funcionamento, Itapema reafirma seu compromisso de oferecer servi\u00e7os de sa\u00fade eficientes e humanizados, essenciais tanto para os moradores quanto para os turistas. Essa medida demonstra que a cidade est\u00e1 preparada para lidar com os desafios da alta temporada, consolidando-se como um dos destinos mais bem estruturados de Santa Catarina.<\/p>\n","protected":false},"excerpt":{"rendered":"<p>Estrutura foi montada para refor\u00e7ar o atendimento de sa\u00fade para alta temporada<\/p>\n","protected":false},"author":1,"featured_media":1745,"comment_status":"open","ping_status":"open","sticky":false,"template":"","format":"standard","meta":{"footnotes":""},"categories":[360],"tags":[57,23],"class_list":["post-1743","post","type-post","status-publish","format-standard","has-post-thumbnail","hentry","category-cultura-lazer","tag-itapema-sc","tag-saude"],"_links":{"self":[{"href":"https:\/\/cidadenoar.com\/global\/wp-json\/wp\/v2\/posts\/1743","targetHints":{"allow":["GET"]}}],"collection":[{"href":"https:\/\/cidadenoar.com\/global\/wp-json\/wp\/v2\/posts"}],"about":[{"href":"https:\/\/cidadenoar.com\/global\/wp-json\/wp\/v2\/types\/post"}],"author":[{"embeddable":true,"href":"https:\/\/cidadenoar.com\/global\/wp-json\/wp\/v2\/users\/1"}],"replies":[{"embeddable":true,"href":"https:\/\/cidadenoar.com\/global\/wp-json\/wp\/v2\/comments?post=1743"}],"version-history":[{"count":0,"href":"https:\/\/cidadenoar.com\/global\/wp-json\/wp\/v2\/posts\/1743\/revisions"}],"wp:featuredmedia":[{"embeddable":true,"href":"https:\/\/cidadenoar.com\/global\/wp-json\/wp\/v2\/media\/1745"}],"wp:attachment":[{"href":"https:\/\/cidadenoar.com\/global\/wp-json\/wp\/v2\/media?parent=1743"}],"wp:term":[{"taxonomy":"category","embeddable":true,"href":"https:\/\/cidadenoar.com\/global\/wp-json\/wp\/v2\/categories?post=1743"},{"taxonomy":"post_tag","embeddable":true,"href":"https:\/\/cidadenoar.com\/global\/wp-json\/wp\/v2\/tags?post=1743"}],"curies":[{"name":"wp","href":"https:\/\/api.w.org\/{rel}","templated":true}]}}