{"id":1856,"date":"2025-01-13T08:35:12","date_gmt":"2025-01-13T11:35:12","guid":{"rendered":"https:\/\/cidadenoar.com\/?p=1856"},"modified":"2025-07-26T17:42:58","modified_gmt":"2025-07-26T20:42:58","slug":"alles-park-transforma-calor-em-diversao-e-aventura","status":"publish","type":"post","link":"https:\/\/cidadenoar.com\/global\/cultura-lazer\/alles-park-transforma-calor-em-diversao-e-aventura\/","title":{"rendered":"Alles Park transforma calor em divers\u00e3o e aventura"},"content":{"rendered":"\n<p>M\u00eas de janeiro especial no parque tem\u00e1tico com atra\u00e7\u00f5es especial e participa\u00e7\u00e3o na Festa Pomerana<\/p>\n\n\n\n<p>A temporada de ver\u00e3o no Alles Park, em Pomerode, tem se consolidado como o destino ideal para quem deseja escapar do calor e mergulhar em um mundo de divers\u00e3o. Com atra\u00e7\u00f5es que combinam neve, interatividade e muita aventura, o parque transforma as f\u00e9rias em uma experi\u00eancia m\u00e1gica, cheia de surpresas para toda a fam\u00edlia.<\/p>\n\n\n\n<p>At\u00e9 o dia 27 de janeiro, o parque estar\u00e1 aberto todos os dias, aproveitando o grande fluxo de turistas que visitam <a href=\"https:\/\/sc.cidadenoar.com.br\">Santa Catarina<\/a> e incluem Pomerode em sua rota de passeios. Em meio \u00e0s altas temperaturas, a Vila da Neve se destaca como a grande atra\u00e7\u00e3o, com temperaturas que chegam a 10 graus abaixo de zero, proporcionando uma pausa refrescante e momentos inesquec\u00edveis.<\/p>\n\n\n\n<p>Outro ponto alto \u00e9 o chafariz interativo Wasserwelt, que faz a alegria das crian\u00e7as \u2013 e at\u00e9 dos adultos \u2013 com uma brincadeira no t\u00fanel de \u00e1guas.<\/p>\n\n\n\n<p><strong>Recep\u00e7\u00e3o animada: dan\u00e7a, divers\u00e3o e o coelhinho Flocke<\/strong><\/p>\n\n\n\n<p>Quem chega ao Alles Park logo na abertura, \u00e0s 9h30, \u00e9 recebido de forma especial pelos colaboradores do parque. Com muita anima\u00e7\u00e3o, eles apresentam a divertida m\u00fasica <em>Fliegerlied<\/em>, ensinam os visitantes a dan\u00e7ar junto e explicam o funcionamento das atra\u00e7\u00f5es. A maneira divertida de dar as boas-vindas cria uma conex\u00e3o \u00fanica com o p\u00fablico logo no in\u00edcio do passeio.<\/p>\n\n\n\n<p>Outro destaque dessa recep\u00e7\u00e3o \u00e9 o carism\u00e1tico coelhinho Flocke, mascote do Alles Park. Ele tem encantado os visitantes com sua alegria e est\u00e1 sempre pronto para interagir, tirar fotos e compartilhar os momentos divertidos.<\/p>\n\n\n\n<p>Nos fins de semana, o clima de divers\u00e3o ganha um toque especial com apresenta\u00e7\u00f5es de bandas t\u00edpicas alem\u00e3s e pop rock. A m\u00fasica toma conta do Coreto, na \u00e1rea externa do parque, em frente aos restaurantes, convidando os visitantes a dan\u00e7arem.<\/p>\n\n\n\n<p>J\u00e1 para aqueles momentos de pausa entre uma atra\u00e7\u00e3o e outra, o Alles Park conta com uma variedade de op\u00e7\u00f5es gastron\u00f4micas. Os restaurantes do parque oferecem pratos e lanches, al\u00e9m de sorvetes, chope artesanal e chocolates \u2013 perfeitos para completar o dia cheio de divers\u00e3o.<\/p>\n\n\n\n<p><strong>Alles Park na Festa Pomerana<\/strong><\/p>\n\n\n\n<p>O Alles Park que preserva a cultura e as tradi\u00e7\u00f5es germ\u00e2nicas, participa esse ano da 40\u00aa Festa Pomerana, evento que celebra o anivers\u00e1rio de 66 anos de emancipa\u00e7\u00e3o de Pomerode. Este ano o parque tem\u00e1tico estar\u00e1 nos desfiles pelas ruas da <a href=\"https:\/\/cidadenoar.com\/cidades\">cidade<\/a>, junto com os mais de 40 grupos e carros aleg\u00f3ricos. O parque participar\u00e1 do desfile de abertura da festa, dia 15 \u00e0s 19h e nos dias 18 e 25 de janeiro, \u00e0s 18h.\u00a0<\/p>\n\n\n\n<p>Os colaboradores do Alles Park levar\u00e3o a alegria para o centro da cidade com seu tradicional trenzinho e junto com a Rota Ra\u00edzes Germ\u00e2nicas, formada por pessoas apaixonadas por preservar e transmitir as tradi\u00e7\u00f5es das fam\u00edlias pomerodenses. Composta por 15 associados e nove estabelecimentos ativos, o grupo promove experi\u00eancias aut\u00eanticas, como visitas a locais hist\u00f3ricos, museus, trilhas naturais e espa\u00e7os que resgatam os h\u00e1bitos e viv\u00eancias dos imigrantes.&nbsp;<\/p>\n\n\n\n<p>Al\u00e9m disso, o Alles Park ter\u00e1 um estande no evento para interagir com os visitantes e apresentar suas atra\u00e7\u00f5es, refor\u00e7ando sua posi\u00e7\u00e3o como um dos melhores parques do Brasil \u2013 reconhecido, pelo terceiro ano consecutivo, no Pr\u00eamio Melhores Destinos.<\/p>\n\n\n\n<p><strong>Passaporte Alles Park<\/strong><\/p>\n\n\n\n<p>E para quem deseja prolongar a magia do parque al\u00e9m do ver\u00e3o, o Alles Park oferece o Passaporte Anual com acesso ilimitado ao parque durante um ano inteiro. O portador poder\u00e1 aproveitar em cada visita, as atra\u00e7\u00f5es do parque tem\u00e1tico, que incluem a Vila da Neve, Karussel, Roda Gigante, Spielplatz, Fliegl, Espelho Espelho Meu, Bumper Wagen, Tesouros de Alles Dorf, Zonzo, Park Turm e G\u00eaiser.<\/p>\n\n\n\n<p>Os moradores de Pomerode que optarem pelo passaporte anual receber\u00e3o um desconto especial. A compra pode ser realizada tanto nas bilheterias do parque quanto no site oficial, <a href=\"http:\/\/www.allespark.com.br\/\" target=\"_blank\" rel=\"noopener\">www.allespark.com.br<\/a>, onde tem mais informa\u00e7\u00f5es sobre os valores dos ingressos e os hor\u00e1rios de funcionamento do parque.<\/p>\n\n\n\n<p><\/p>\n","protected":false},"excerpt":{"rendered":"<p>Sabine Weiler<br \/>\nA temporada de ver\u00e3o no Alles Park, em Pomerode, tem se consolidado como o destino ideal para quem deseja escapar do calor e mergulhar em um mundo de divers\u00e3o. Com atra\u00e7\u00f5es que combinam neve, interatividade e muita aventura, o parque transforma as f\u00e9rias em uma experi\u00eancia m\u00e1gica, cheia de surpresas para toda a fam\u00edlia.<\/p>\n","protected":false},"author":1,"featured_media":1857,"comment_status":"open","ping_status":"open","sticky":false,"template":"","format":"standard","meta":{"footnotes":""},"categories":[360],"tags":[89,27],"class_list":["post-1856","post","type-post","status-publish","format-standard","has-post-thumbnail","hentry","category-cultura-lazer","tag-canta-catarina","tag-diversao"],"_links":{"self":[{"href":"https:\/\/cidadenoar.com\/global\/wp-json\/wp\/v2\/posts\/1856","targetHints":{"allow":["GET"]}}],"collection":[{"href":"https:\/\/cidadenoar.com\/global\/wp-json\/wp\/v2\/posts"}],"about":[{"href":"https:\/\/cidadenoar.com\/global\/wp-json\/wp\/v2\/types\/post"}],"author":[{"embeddable":true,"href":"https:\/\/cidadenoar.com\/global\/wp-json\/wp\/v2\/users\/1"}],"replies":[{"embeddable":true,"href":"https:\/\/cidadenoar.com\/global\/wp-json\/wp\/v2\/comments?post=1856"}],"version-history":[{"count":0,"href":"https:\/\/cidadenoar.com\/global\/wp-json\/wp\/v2\/posts\/1856\/revisions"}],"wp:featuredmedia":[{"embeddable":true,"href":"https:\/\/cidadenoar.com\/global\/wp-json\/wp\/v2\/media\/1857"}],"wp:attachment":[{"href":"https:\/\/cidadenoar.com\/global\/wp-json\/wp\/v2\/media?parent=1856"}],"wp:term":[{"taxonomy":"category","embeddable":true,"href":"https:\/\/cidadenoar.com\/global\/wp-json\/wp\/v2\/categories?post=1856"},{"taxonomy":"post_tag","embeddable":true,"href":"https:\/\/cidadenoar.com\/global\/wp-json\/wp\/v2\/tags?post=1856"}],"curies":[{"name":"wp","href":"https:\/\/api.w.org\/{rel}","templated":true}]}}