{"id":1866,"date":"2025-01-17T11:30:30","date_gmt":"2025-01-17T14:30:30","guid":{"rendered":"https:\/\/cidadenoar.com\/?p=1866"},"modified":"2025-07-26T17:49:35","modified_gmt":"2025-07-26T20:49:35","slug":"interdicao-preventiva-no-morro-dos-cavalos-br-101-a-partir-das-11h-de-hoje-17","status":"publish","type":"post","link":"https:\/\/cidadenoar.com\/global\/politica\/interdicao-preventiva-no-morro-dos-cavalos-br-101-a-partir-das-11h-de-hoje-17\/","title":{"rendered":"Interdi\u00e7\u00e3o Preventiva no Morro dos Cavalos (BR 101) a Partir das 11h de Hoje (17)"},"content":{"rendered":"\n<p>A regi\u00e3o do Morro dos Cavalos, localizada na BR-101 em Palho\u00e7a, registrou nas \u00faltimas 24 horas um acumulado de mais de 170mm de chuva, o que resultou na decis\u00e3o de interdi\u00e7\u00e3o preventiva da rodovia. A medida, adotada pela Arteris Litoral Sul, visa garantir a seguran\u00e7a dos usu\u00e1rios da via e ser\u00e1 implementada a partir das 11h desta sexta-feira (17).<\/p>\n\n\n\n<p>O bloqueio ocorrer\u00e1 em ambos os sentidos da rodovia. No sentido Sul (Porto Alegre), o fechamento ser\u00e1 no km 228, e no sentido Norte (Curitiba), no km 236. A concession\u00e1ria recomenda que os motoristas reprogramem suas viagens para evitar congestionamentos, j\u00e1 que a libera\u00e7\u00e3o da via depender\u00e1 da melhoria das condi\u00e7\u00f5es clim\u00e1ticas.<\/p>\n\n\n\n<p>Equipes da Arteris Litoral Sul continuam monitorando a situa\u00e7\u00e3o e, assim que as condi\u00e7\u00f5es forem consideradas seguras, a rodovia ser\u00e1 liberada.<\/p>\n\n\n\n<p>A concession\u00e1ria alerta que as condi\u00e7\u00f5es de tr\u00e1fego em toda a \u00e1rea administrada pela Arteris Litoral Sul podem ser acompanhadas em tempo real pelo Twitter @Arteris_ALS. Para mais informa\u00e7\u00f5es ou solicita\u00e7\u00f5es de servi\u00e7os, os usu\u00e1rios podem ligar para 0800 725 1771, dispon\u00edvel 24 horas por dia.<\/p>\n","protected":false},"excerpt":{"rendered":"<p>Interdi\u00e7\u00e3o Preventiva no Morro dos Cavalos (BR 101) a Partir das 11h de Hoje (17)<\/p>\n","protected":false},"author":1,"featured_media":1867,"comment_status":"open","ping_status":"open","sticky":false,"template":"","format":"standard","meta":{"footnotes":""},"categories":[374],"tags":[90,92,91,35],"class_list":["post-1866","post","type-post","status-publish","format-standard","has-post-thumbnail","hentry","category-politica","tag-br101","tag-florianopolis-sc","tag-palhoca-sc","tag-seguranca"],"_links":{"self":[{"href":"https:\/\/cidadenoar.com\/global\/wp-json\/wp\/v2\/posts\/1866","targetHints":{"allow":["GET"]}}],"collection":[{"href":"https:\/\/cidadenoar.com\/global\/wp-json\/wp\/v2\/posts"}],"about":[{"href":"https:\/\/cidadenoar.com\/global\/wp-json\/wp\/v2\/types\/post"}],"author":[{"embeddable":true,"href":"https:\/\/cidadenoar.com\/global\/wp-json\/wp\/v2\/users\/1"}],"replies":[{"embeddable":true,"href":"https:\/\/cidadenoar.com\/global\/wp-json\/wp\/v2\/comments?post=1866"}],"version-history":[{"count":0,"href":"https:\/\/cidadenoar.com\/global\/wp-json\/wp\/v2\/posts\/1866\/revisions"}],"wp:featuredmedia":[{"embeddable":true,"href":"https:\/\/cidadenoar.com\/global\/wp-json\/wp\/v2\/media\/1867"}],"wp:attachment":[{"href":"https:\/\/cidadenoar.com\/global\/wp-json\/wp\/v2\/media?parent=1866"}],"wp:term":[{"taxonomy":"category","embeddable":true,"href":"https:\/\/cidadenoar.com\/global\/wp-json\/wp\/v2\/categories?post=1866"},{"taxonomy":"post_tag","embeddable":true,"href":"https:\/\/cidadenoar.com\/global\/wp-json\/wp\/v2\/tags?post=1866"}],"curies":[{"name":"wp","href":"https:\/\/api.w.org\/{rel}","templated":true}]}}