{"id":1869,"date":"2025-01-17T20:26:52","date_gmt":"2025-01-17T23:26:52","guid":{"rendered":"https:\/\/cidadenoar.com\/?p=1869"},"modified":"2025-07-26T17:49:33","modified_gmt":"2025-07-26T20:49:33","slug":"governador-jorginho-mello-acompanha-de-perto-os-estragos-causados-pelas-chuvas-em-itapema-e-reforca-apoio-a-reconstrucao","status":"publish","type":"post","link":"https:\/\/cidadenoar.com\/global\/politica\/governador-jorginho-mello-acompanha-de-perto-os-estragos-causados-pelas-chuvas-em-itapema-e-reforca-apoio-a-reconstrucao\/","title":{"rendered":"Governador Jorginho Mello acompanha de perto os estragos causados pelas chuvas em Itapema e refor\u00e7a apoio \u00e0 reconstru\u00e7\u00e3o"},"content":{"rendered":"\n<p>Na tarde desta sexta-feira (17), o governador Jorginho Mello, acompanhado pelo secret\u00e1rio de Estado da Defesa Civil, coronel Fabiano de Souza, esteve em <a href=\"http:\/\/itapema.cidadenoar.com.br\">Itapema<\/a> para avaliar os danos causados pelas intensas chuvas que atingiram a regi\u00e3o. Em menos de 24 horas, o munic\u00edpio registrou 99,9 mm de precipita\u00e7\u00e3o, resultando em alagamentos, desabrigados e s\u00e9rios danos \u00e0 infraestrutura local.<\/p>\n\n\n\n<p>A comitiva visitou locais cr\u00edticos, incluindo as pontes danificadas nas ruas 708 e 714, no bairro V\u00e1rzea e a Rua 460, na regi\u00e3o do Rio da Fita. Al\u00e9m disso, estiveram no abrigo instalado no sal\u00e3o da Igreja Cristo Rei, onde fam\u00edlias desalojadas recebem assist\u00eancia, e na Praia da Ilhota, outra \u00e1rea impactada.<\/p>\n\n\n\n<p>&#8220;Foi um volume de \u00e1gua muito grande, quase o equivalente a dois meses de chuva. Estamos em contato com os prefeitos desde a primeira hora, para que a Defesa Civil estadual possa contribuir neste momento dif\u00edcil. Seguimos atentos \u00e0s pr\u00f3ximas horas, pois nossa maior preocupa\u00e7\u00e3o agora \u00e9 com o risco de deslizamentos, j\u00e1 que o solo est\u00e1 muito encharcado&#8221; afirmou.<\/p>\n\n\n\n<p>Durante a madrugada, a Defesa Civil estadual j\u00e1 havia enviado kits dormit\u00f3rio para auxiliar os desabrigados, e toda estrutura necess\u00e1ria para o pronto apoio emergencial. O governador comprometeu-se a priorizar a recupera\u00e7\u00e3o das pontes e demais infraestruturas afetadas, destacando a import\u00e2ncia de a\u00e7\u00f5es r\u00e1pidas para restabelecer a normalidade na cidade.<\/p>\n\n\n\n<p>O prefeito Alexandre Xepa agradeceu o apoio do governo estadual e refor\u00e7ou a necessidade de a\u00e7\u00f5es imediatas: &#8220;Poder contar com o apoio t\u00e3o importante do governador Jorginho e do Estado neste momento faz toda a diferen\u00e7a. Estamos trabalhando para recuperar nossa cidade o mais r\u00e1pido poss\u00edvel e minimizar o impacto na vida dos moradores.&#8221;<\/p>\n\n\n\n<p><strong>Balan\u00e7o dos estragos<\/strong><\/p>\n\n\n\n<p>De acordo com o levantamento da Defesa Civil, cerca de 1.500 resid\u00eancias foram atingidas pelas chuvas, deixando mais de 250 pessoas desabrigadas e precisando de assist\u00eancia emergencial. Tr\u00eas pontes foram totalmente destru\u00eddas, afetando a mobilidade da popula\u00e7\u00e3o. No momento, apenas os bairros <a href=\"https:\/\/cidadenoar.com\/?s=morretes\">Morretes <\/a>e Jardim Praia Mar ainda apresentam pontos de alagamento.<\/p>\n","protected":false},"excerpt":{"rendered":"<p>Na tarde desta sexta-feira (17), o governador Jorginho Mello, acompanhado pelo secret\u00e1rio de Estado da Defesa Civil, coronel Fabiano de Souza, esteve em Itapema para avaliar os danos causados pelas intensas chuvas que atingiram a regi\u00e3o. Em menos de 24 horas, o munic\u00edpio registrou 99,9 mm de precipita\u00e7\u00e3o, resultando em alagamentos, desabrigados e s\u00e9rios danos&#8230;<\/p>\n","protected":false},"author":1,"featured_media":1870,"comment_status":"open","ping_status":"open","sticky":false,"template":"","format":"standard","meta":{"footnotes":""},"categories":[374],"tags":[93,94,35],"class_list":["post-1869","post","type-post","status-publish","format-standard","has-post-thumbnail","hentry","category-politica","tag-chuvas","tag-estragos","tag-seguranca"],"_links":{"self":[{"href":"https:\/\/cidadenoar.com\/global\/wp-json\/wp\/v2\/posts\/1869","targetHints":{"allow":["GET"]}}],"collection":[{"href":"https:\/\/cidadenoar.com\/global\/wp-json\/wp\/v2\/posts"}],"about":[{"href":"https:\/\/cidadenoar.com\/global\/wp-json\/wp\/v2\/types\/post"}],"author":[{"embeddable":true,"href":"https:\/\/cidadenoar.com\/global\/wp-json\/wp\/v2\/users\/1"}],"replies":[{"embeddable":true,"href":"https:\/\/cidadenoar.com\/global\/wp-json\/wp\/v2\/comments?post=1869"}],"version-history":[{"count":0,"href":"https:\/\/cidadenoar.com\/global\/wp-json\/wp\/v2\/posts\/1869\/revisions"}],"wp:featuredmedia":[{"embeddable":true,"href":"https:\/\/cidadenoar.com\/global\/wp-json\/wp\/v2\/media\/1870"}],"wp:attachment":[{"href":"https:\/\/cidadenoar.com\/global\/wp-json\/wp\/v2\/media?parent=1869"}],"wp:term":[{"taxonomy":"category","embeddable":true,"href":"https:\/\/cidadenoar.com\/global\/wp-json\/wp\/v2\/categories?post=1869"},{"taxonomy":"post_tag","embeddable":true,"href":"https:\/\/cidadenoar.com\/global\/wp-json\/wp\/v2\/tags?post=1869"}],"curies":[{"name":"wp","href":"https:\/\/api.w.org\/{rel}","templated":true}]}}