{"id":1958,"date":"2025-02-21T21:58:44","date_gmt":"2025-02-22T00:58:44","guid":{"rendered":"https:\/\/cidadenoar.com\/?p=1958"},"modified":"2025-07-26T17:42:57","modified_gmt":"2025-07-26T20:42:57","slug":"semana-da-cerveja-brasileira-sera-lancada-nessa-segunda-feira-24-em-bc","status":"publish","type":"post","link":"https:\/\/cidadenoar.com\/global\/cultura-lazer\/semana-da-cerveja-brasileira-sera-lancada-nessa-segunda-feira-24-em-bc\/","title":{"rendered":"Semana da Cerveja Brasileira ser\u00e1 lan\u00e7ada, nessa segunda-feira, 24, em BC"},"content":{"rendered":"\n<p>Todos os caminhos levam a Balne\u00e1rio Cambori\u00fa os apaixonados por cerveja de qualidade, entre os dias 06 e 15 de mar\u00e7o. Um dos maiores eventos do setor, a Semana da Cerveja Brasileira vai receber mais de 100 cervejarias, jurados de 27 pa\u00edses e a expectativa de cerca de 20 mil participantes nesse grande evento cervejeiro. Mais de 200 pessoas, entre autoridades, convidados e imprensa v\u00e3o receber em primeira m\u00e3o as novidades do evento, na pr\u00f3xima segunda-feira, dia 24h, no Ocean Place.<\/p>\n\n\n\n<p><br>\u201cCom a vasta experi\u00eancia que temos na organiza\u00e7\u00e3o de eventos desse segmento e conhecermos tanto o potencial das cervejarias quanto da regi\u00e3o litor\u00e2nea \u00e9 que acreditamos no sucesso. Todo mundo gosta de Balne\u00e1rio Cambori\u00fa e aprecia uma cerveja de qualidade\u201d, declara o presidente da Semana Brasileira da Cerveja, Develon da Rocha.<\/p>\n\n\n\n<p><br>A Semana da Cerveja Brasileira envolve diversos eventos acontecendo de forma paralela. Est\u00e3o previstos hall da fama, concurso, festival e um congresso internacional de cerveja. Rocha explica que Balne\u00e1rio Cambori\u00fa foi a cidade escolhida devido ao seu enorme potencial de crescimento. \u201cToda a regi\u00e3o litor\u00e2nea est\u00e1 registrando um aumento no n\u00famero de estabelecimentos que oferecem r\u00f3tulos artesanais e de cervejas importadas, o que atrai tanto turistas quanto moradores que buscam diversificar suas experi\u00eancias gastron\u00f4micas. O movimento em dire\u00e7\u00e3o \u00e0 valoriza\u00e7\u00e3o da cerveja artesanal \u00e9 uma resposta \u00e0 crescente demanda por produtos locais e diferenciados, somados \u00e0 cultura \u00fanica da cidade\u201d, comenta.<br>Al\u00e9m de uma enorme diversidade de cervejas, o evento, que vai acontecer no Expocentro, tamb\u00e9m re\u00fane uma gastronomia especial e que harmoniza com os diferentes r\u00f3tulos da bebida. Al\u00e9m disso, bandas renomadas, tanto locais quanto nacionais, fazem parte da programa\u00e7\u00e3o. \u201cLogo a programa\u00e7\u00e3o estar\u00e1 fechada e vamos divulgar os nomes das bandas\u201d, avisa Rocha.<\/p>\n\n\n\n<p><br>Ingressos antecipados j\u00e1 podem ser adquiridos no site: www.sympla.com.br\/produtor\/festivalbrasileirodacerveja.<\/p>\n","protected":false},"excerpt":{"rendered":"<p>Todos os caminhos levam a Balne\u00e1rio Cambori\u00fa os apaixonados por cerveja de qualidade, entre os dias 06 e 15 de mar\u00e7o. Um dos maiores eventos do setor, a Semana da Cerveja Brasileira vai receber mais de 100 cervejarias, jurados de 27 pa\u00edses e a expectativa de cerca de 20 mil participantes nesse grande evento cervejeiro&#8230;.<\/p>\n","protected":false},"author":1,"featured_media":1959,"comment_status":"open","ping_status":"open","sticky":false,"template":"","format":"standard","meta":{"footnotes":""},"categories":[360],"tags":[27],"class_list":["post-1958","post","type-post","status-publish","format-standard","has-post-thumbnail","hentry","category-cultura-lazer","tag-diversao"],"_links":{"self":[{"href":"https:\/\/cidadenoar.com\/global\/wp-json\/wp\/v2\/posts\/1958","targetHints":{"allow":["GET"]}}],"collection":[{"href":"https:\/\/cidadenoar.com\/global\/wp-json\/wp\/v2\/posts"}],"about":[{"href":"https:\/\/cidadenoar.com\/global\/wp-json\/wp\/v2\/types\/post"}],"author":[{"embeddable":true,"href":"https:\/\/cidadenoar.com\/global\/wp-json\/wp\/v2\/users\/1"}],"replies":[{"embeddable":true,"href":"https:\/\/cidadenoar.com\/global\/wp-json\/wp\/v2\/comments?post=1958"}],"version-history":[{"count":0,"href":"https:\/\/cidadenoar.com\/global\/wp-json\/wp\/v2\/posts\/1958\/revisions"}],"wp:featuredmedia":[{"embeddable":true,"href":"https:\/\/cidadenoar.com\/global\/wp-json\/wp\/v2\/media\/1959"}],"wp:attachment":[{"href":"https:\/\/cidadenoar.com\/global\/wp-json\/wp\/v2\/media?parent=1958"}],"wp:term":[{"taxonomy":"category","embeddable":true,"href":"https:\/\/cidadenoar.com\/global\/wp-json\/wp\/v2\/categories?post=1958"},{"taxonomy":"post_tag","embeddable":true,"href":"https:\/\/cidadenoar.com\/global\/wp-json\/wp\/v2\/tags?post=1958"}],"curies":[{"name":"wp","href":"https:\/\/api.w.org\/{rel}","templated":true}]}}