{"id":2011,"date":"2025-03-03T22:29:49","date_gmt":"2025-03-04T01:29:49","guid":{"rendered":"https:\/\/cidadenoar.com\/?p=2011"},"modified":"2025-07-26T18:01:11","modified_gmt":"2025-07-26T21:01:11","slug":"teoria-do-negocio-juridico-uma-analise-abrangente","status":"publish","type":"post","link":"https:\/\/cidadenoar.com\/global\/politica\/teoria-do-negocio-juridico-uma-analise-abrangente\/","title":{"rendered":"Teoria do Neg\u00f3cio Jur\u00eddico: Uma An\u00e1lise Abrangente"},"content":{"rendered":"\n<p><strong>Sobre a Autora: Bruna Sobczack<\/strong><br>Bacharela em Direito, p\u00f3s-graduanda em Direito Notarial, Registral, Negocial e Imobili\u00e1rio, com especializa\u00e7\u00e3o tamb\u00e9m em Planejamento e Restitui\u00e7\u00e3o Tribut\u00e1ria. Colunista do <em>Portal Cidade no Ar<\/em>, onde escreve sobre temas jur\u00eddicos e cont\u00e1beis com uma abordagem clara e acess\u00edvel. Atualmente cursa Ci\u00eancias Cont\u00e1beis, integrando conhecimentos das \u00e1reas jur\u00eddica e fiscal. Aprovada nos concursos para Procuradora dos Munic\u00edpios de Guabiruba\/SC e Brusque\/SC, e em 1\u00ba lugar no concurso da CELESC. Tamb\u00e9m foi aprovada no concurso para Professora de Direito do Munic\u00edpio de Bombinhas\/SC.<\/p>\n\n\n\n<p>\ud83d\udccc Acompanhe seus conte\u00fados em: <a class=\"\" href=\"http:\/\/www.brunasobczack.com.br\" target=\"_blank\" rel=\"noopener\">www.brunasobczack.com.br<\/a><\/p>\n\n\n\n<p><\/p>\n\n\n\n<p><\/p>\n\n\n\n<h3 class=\"wp-block-heading\"><\/h3>\n\n\n\n<p>O neg\u00f3cio jur\u00eddico assume um papel central no Direito Civil, com implica\u00e7\u00f5es significativas nas rela\u00e7\u00f5es interpessoais e no funcionamento do mercado. Este artigo tem como objetivo aprofundar os aspetos essenciais do neg\u00f3cio jur\u00eddico, desde a sua conceitua\u00e7\u00e3o e classifica\u00e7\u00e3o at\u00e9 aos seus elementos constitutivos, planos de exist\u00eancia, validade e efic\u00e1cia, bem como a sua interpreta\u00e7\u00e3o. Pretende-se, assim, oferecer uma vis\u00e3o abrangente e detalhada, acess\u00edvel ao p\u00fablico em geral, mas com a profundidade necess\u00e1ria para uma compreens\u00e3o mais completa deste instituto jur\u00eddico fundamental.<\/p>\n\n\n\n<p><strong>Fato Jur\u00eddico e Neg\u00f3cio Jur\u00eddico<\/strong><\/p>\n\n\n\n<p>Para uma correta compreens\u00e3o do neg\u00f3cio jur\u00eddico, \u00e9 essencial distingui-lo do <strong>fato jur\u00eddico<\/strong>. O fato jur\u00eddico \u00e9 definido como qualquer evento ou acontecimento que, direta ou indiretamente, acarreta algum tipo de consequ\u00eancia jur\u00eddica, provocando a aquisi\u00e7\u00e3o, modifica\u00e7\u00e3o ou extin\u00e7\u00e3o de um direito subjetivo.<\/p>\n\n\n\n<p>Os fatos jur\u00eddicos podem ser classificados em duas categorias principais:<\/p>\n\n\n\n<ul class=\"wp-block-list\">\n<li><strong>Fatos jur\u00eddicos em sentido estrito (ou fatos naturais):<\/strong> S\u00e3o eventos naturais, como o cair da chuva ou a queda de uma \u00e1rvore, que produzem efeitos jur\u00eddicos.<\/li>\n\n\n\n<li><strong>Atos jur\u00eddicos (ou fatos humanos):<\/strong> S\u00e3o eventos resultantes da conduta humana, como a constru\u00e7\u00e3o de uma casa ou a celebra\u00e7\u00e3o de um contrato.<\/li>\n<\/ul>\n\n\n\n<p>O <strong>neg\u00f3cio jur\u00eddico<\/strong>, objeto central deste artigo, enquadra-se na categoria dos atos jur\u00eddicos l\u00edcitos. \u00c9 caracterizado como uma declara\u00e7\u00e3o de vontade destinada a produzir efeitos jur\u00eddicos, ou seja, a criar, modificar, transferir, conservar ou extinguir direitos.<\/p>\n\n\n\n<p><strong>Elementos Essenciais do Neg\u00f3cio Jur\u00eddico<\/strong><\/p>\n\n\n\n<p>Para que um neg\u00f3cio jur\u00eddico seja considerado v\u00e1lido e apto a produzir os efeitos desejados, \u00e9 necess\u00e1rio que observe determinados requisitos, conforme estabelecido no artigo 104 do C\u00f3digo Civil Brasileiro:<\/p>\n\n\n\n<ul class=\"wp-block-list\">\n<li><strong>Agente Capaz:<\/strong> O neg\u00f3cio jur\u00eddico deve ser realizado por um agente capaz, ou seja, uma pessoa com <strong>idade igual ou superior a 18 anos<\/strong>. A lei prev\u00ea algumas exce\u00e7\u00f5es, como a emancipa\u00e7\u00e3o, em que menores de 18 anos podem adquirir a capacidade plena para a pr\u00e1tica de atos da vida civil. Caso o agente seja incapaz, o neg\u00f3cio jur\u00eddico dever\u00e1 ser realizado por representa\u00e7\u00e3o (no caso de incapacidade absoluta) ou assistido (no caso de incapacidade relativa).<\/li>\n\n\n\n<li><strong>Objeto L\u00edcito, Poss\u00edvel, Determinado ou Determin\u00e1vel:<\/strong> O objeto do neg\u00f3cio jur\u00eddico deve ser l\u00edcito, ou seja, <strong>n\u00e3o pode contrariar a lei, a ordem p\u00fablica ou os bons costumes.<\/strong> Al\u00e9m disso, deve ser poss\u00edvel, tanto f\u00edsica quanto juridicamente, e determinado (especificado) ou, ao menos, determin\u00e1vel (suscet\u00edvel de especifica\u00e7\u00e3o).<\/li>\n\n\n\n<li><strong>Forma Prescrita ou N\u00e3o Defesa em Lei:<\/strong> A forma do neg\u00f3cio jur\u00eddico \u00e9, em regra, livre, ou seja, <strong>n\u00e3o depende de uma solenidade espec\u00edfica<\/strong>. No entanto, a lei pode exigir uma forma especial para a validade de determinados neg\u00f3cios jur\u00eddicos, como a escritura p\u00fablica para a compra e venda de im\u00f3veis com valor superior a 30 sal\u00e1rios m\u00ednimos.<\/li>\n<\/ul>\n\n\n\n<p><strong>Vontade e Declara\u00e7\u00e3o<\/strong><\/p>\n\n\n\n<p>A <strong>vontade<\/strong> \u00e9 um elemento basilar do neg\u00f3cio jur\u00eddico, sendo a mola propulsora que impulsiona a sua cria\u00e7\u00e3o. No entanto, para que a vontade produza efeitos no mundo jur\u00eddico, n\u00e3o basta a mera inten\u00e7\u00e3o; \u00e9 imprescind\u00edvel que seja <strong>declarada<\/strong>, ou seja, que se manifeste de forma exteriorizada.<\/p>\n\n\n\n<p>O C\u00f3digo Civil de 2002, no seu artigo 112, valoriza a <strong>inten\u00e7\u00e3o das partes<\/strong> em rela\u00e7\u00e3o ao sentido literal da linguagem utilizada na declara\u00e7\u00e3o de vontade. Isso significa que, na interpreta\u00e7\u00e3o do neg\u00f3cio jur\u00eddico, o int\u00e9rprete deve buscar a real inten\u00e7\u00e3o dos declarantes, mesmo que esta n\u00e3o esteja expressa de forma clara e inequ\u00edvoca no instrumento negocial.<\/p>\n\n\n\n<p>A declara\u00e7\u00e3o da vontade pode ser expressa (verbal, escrita ou gestual) ou t\u00e1cita (resultante de um comportamento que indica a inten\u00e7\u00e3o de contratar). Em certas situa\u00e7\u00f5es, o sil\u00eancio pode ser interpretado como manifesta\u00e7\u00e3o de vontade, desde que a lei, as circunst\u00e2ncias ou os usos o autorizem.<\/p>\n\n\n\n<p><strong>Classifica\u00e7\u00e3o dos Neg\u00f3cios Jur\u00eddicos<\/strong><\/p>\n\n\n\n<p>Os neg\u00f3cios jur\u00eddicos podem ser classificados de acordo com diferentes crit\u00e9rios:<\/p>\n\n\n\n<p><strong>Quanto \u00e0 Manifesta\u00e7\u00e3o da Vontade:<\/strong><\/p>\n\n\n\n<ul class=\"wp-block-list\">\n<li><strong>Unilateral:<\/strong> A vontade emana de uma \u00fanica parte, como no caso do testamento ou da ren\u00fancia a uma heran\u00e7a.<\/li>\n\n\n\n<li><strong>Bilateral:<\/strong> Resulta do encontro de duas ou mais vontades contrapostas, como no contrato de compra e venda.<\/li>\n\n\n\n<li><strong>Complexo:<\/strong> Resulta da converg\u00eancia de diversas vontades em um mesmo sentido, como na constitui\u00e7\u00e3o de uma sociedade.<\/li>\n<\/ul>\n\n\n\n<p><strong>Quanto \u00e0 Vincula\u00e7\u00e3o:<\/strong><\/p>\n\n\n\n<ul class=\"wp-block-list\">\n<li><strong>Causais:<\/strong> A sua validade depende da exist\u00eancia de uma causa, como nos contratos em geral.<\/li>\n\n\n\n<li><strong>Abstratos:<\/strong> A sua validade \u00e9 independente da causa que lhes deu origem, como nos t\u00edtulos de cr\u00e9dito.<\/li>\n<\/ul>\n\n\n\n<p><strong>Quanto ao Objeto:<\/strong><\/p>\n\n\n\n<ul class=\"wp-block-list\">\n<li><strong>Onerosos:<\/strong> Ambas as partes auferem vantagens e assumem obriga\u00e7\u00f5es, como na compra e venda.<\/li>\n\n\n\n<li><strong>Gratuitos:<\/strong> Apenas uma das partes aufere vantagens, como na doa\u00e7\u00e3o pura.<\/li>\n\n\n\n<li><strong>Comutativos:<\/strong> As presta\u00e7\u00f5es s\u00e3o certas e determinadas desde o in\u00edcio, como na compra e venda de um im\u00f3vel.<\/li>\n\n\n\n<li><strong>Aleat\u00f3rios:<\/strong> A presta\u00e7\u00e3o de uma ou de ambas as partes depende de um evento futuro e incerto, como no contrato de seguro.<\/li>\n<\/ul>\n\n\n\n<p><strong>Quanto ao Tempo em que Devem Produzir Efeitos:<\/strong><\/p>\n\n\n\n<ul class=\"wp-block-list\">\n<li><em><strong>Causa mortis<\/strong><\/em>: Produzem efeitos apenas ap\u00f3s a morte do declarante, como o testamento.<\/li>\n\n\n\n<li><em><strong>Inter vivos<\/strong><\/em>: Produzem efeitos durante a vida do declarante, como o contrato de loca\u00e7\u00e3o.<\/li>\n<\/ul>\n\n\n\n<p><strong>Quanto \u00e0 Formalidade:<\/strong><\/p>\n\n\n\n<ul class=\"wp-block-list\">\n<li><strong>Solenes (ou formais):<\/strong> A lei exige uma forma espec\u00edfica para a sua validade, como o casamento.<\/li>\n<\/ul>\n\n\n\n<p><strong>N\u00e3o solenes (ou informais):<\/strong> A lei n\u00e3o exige uma forma espec\u00edfica, como a compra e venda de bens m\u00f3veis de pequeno valor.<\/p>\n\n\n\n<p><strong>Efic\u00e1cia do Neg\u00f3cio Jur\u00eddico<\/strong><\/p>\n\n\n\n<p>A efic\u00e1cia do neg\u00f3cio jur\u00eddico reporta-se \u00e0 produ\u00e7\u00e3o dos <strong>efeitos concretos<\/strong> que as partes pretendem alcan\u00e7ar com a sua celebra\u00e7\u00e3o. A efic\u00e1cia pode ser influenciada por determinados elementos, denominados <strong>elementos acidentais<\/strong>, que modulam os seus efeitos:<\/p>\n\n\n\n<ul class=\"wp-block-list\">\n<li><strong>Condi\u00e7\u00e3o:<\/strong> \u00c9 um evento futuro e incerto que subordina a efic\u00e1cia do neg\u00f3cio jur\u00eddico. A condi\u00e7\u00e3o pode ser suspensiva (quando o neg\u00f3cio s\u00f3 produzir\u00e1 efeitos se o evento se concretizar) ou resolutiva (quando o neg\u00f3cio produz efeitos desde logo, mas deixar\u00e1 de produzi-los se o evento se concretizar).<\/li>\n\n\n\n<li><strong>Termo:<\/strong> \u00c9 um evento futuro e certo que determina o in\u00edcio (termo inicial) ou o fim (termo final) da efic\u00e1cia do neg\u00f3cio jur\u00eddico.<\/li>\n\n\n\n<li><strong>Encargo:<\/strong> \u00c9 uma obriga\u00e7\u00e3o imposta ao benefici\u00e1rio em neg\u00f3cios jur\u00eddicos gratuitos, como a doa\u00e7\u00e3o de um terreno com a obriga\u00e7\u00e3o de construir uma escola.<\/li>\n<\/ul>\n\n\n\n<p><strong>Interpreta\u00e7\u00e3o do Neg\u00f3cio Jur\u00eddico<\/strong><\/p>\n\n\n\n<p>A interpreta\u00e7\u00e3o do neg\u00f3cio jur\u00eddico \u00e9 a atividade que visa <strong>determinar o sentido e o alcance da declara\u00e7\u00e3o de vontade<\/strong>. O objetivo principal da interpreta\u00e7\u00e3o \u00e9 <strong>compreender a inten\u00e7\u00e3o<\/strong> das partes no momento da celebra\u00e7\u00e3o do neg\u00f3cio.<\/p>\n\n\n\n<p>O C\u00f3digo Civil, no seu artigo 112, estabelece que, na interpreta\u00e7\u00e3o dos neg\u00f3cios jur\u00eddicos, se deve atender mais \u00e0 inten\u00e7\u00e3o das partes do que ao sentido literal da linguagem. Al\u00e9m disso, o artigo 113 determina que os neg\u00f3cios jur\u00eddicos devem ser interpretados conforme a boa-f\u00e9 e os usos do lugar da sua celebra\u00e7\u00e3o.<\/p>\n\n\n\n<p>Na interpreta\u00e7\u00e3o, \u00e9 fundamental considerar.<\/p>\n\n\n\n<p>A boa-f\u00e9 objetiva.<\/p>\n\n\n\n<p>Os costumes do local da celebra\u00e7\u00e3o.<\/p>\n\n\n\n<p>A fun\u00e7\u00e3o social do contrato.<\/p>\n\n\n\n<p><\/p>\n\n\n\n<p><strong>Conclus\u00e3o<\/strong><\/p>\n\n\n\n<p>O neg\u00f3cio jur\u00eddico \u00e9 um instrumento fundamental para a autonomia privada e para a organiza\u00e7\u00e3o das rela\u00e7\u00f5es jur\u00eddicas. O conhecimento aprofundado dos seus elementos, caracter\u00edsticas e princ\u00edpios \u00e9 essencial para todos os cidad\u00e3os, bem como para os profissionais do Direito, Economia e \u00e1reas afins.<\/p>\n\n\n\n<p><\/p>\n\n\n\n<p><strong>Refer\u00eancias:<\/strong><\/p>\n\n\n\n<p>Brasil. C\u00f3digo Civil Brasileiro. Lei 10.406, de 10 de janeiro de 2002.<\/p>\n\n\n\n<p>Gon\u00e7alves, Carlos Roberto. Direito Civil Brasileiro: parte geral. vol. 1, 8\u00aa ed. S\u00e3o Paulo: Saraiva, 2010.<\/p>\n\n\n\n<p>Monteiro, Washington de Barros. Curso de Direito Civil: parte geral. vol 1. 39\u00aa ed., S\u00e3o Paulo: Saraiva, 2003.<\/p>\n\n\n\n<p>Pereira, Caio M\u00e1rio da Silva. Institui\u00e7\u00f5es de Direito Civil. vol. 1, 21\u00aa ed., Rio de Janeiro: Forense, 2005.<\/p>\n\n\n\n<p>Reale, Miguel. Li\u00e7\u00f5es preliminares de direito. 8\u00aa ed. S\u00e3o Paulo: Saraiva. 1981.<\/p>\n\n\n\n<p>Tartuce, Fl\u00e1vio. Direito Civil: lei de introdu\u00e7\u00e3o e parte geral. vol. 1, 8\u00aa ed., S\u00e3o Paulo: Editora M\u00e9todo, 2012.<\/p>\n\n\n\n<p>Venosa, S\u00edlvio de S\u00e1vio. Direito Civil. vol. 1, 3\u00aa ed. S\u00e3o Paulo: Atlas, 2003.<\/p>\n\n\n\n<p>Wald, Arnoldo. Direito Civil: introdu\u00e7\u00e3o e parte geral. vol. 1. 10\u00aa ed. S\u00e3o Paulo: Saraiva, 2003.<\/p>\n\n\n\n<p><strong>Sobre o autor:<\/strong><\/p>\n\n\n\n<p><strong>Bruna Sobczack<\/strong><\/p>\n\n\n\n<p>Bacharel em Direito | P\u00f3s-Graduanda em Direito Notarial, Registral, Negocial e Imobili\u00e1rio | Cursando Ci\u00eancias Cont\u00e1beis | Aprovada no Concurso para Procurador em Guabiruba\/SC e Brusque\/SC, Professor de Direito em Bombinhas\/SC, Celesc (1\u00ba lugar) | Participante do Programa Academia Notarial no Tabelionato de Notas e Protesto de Porto Belo\/SC.<\/p>\n\n\n\n<p><a href=\"https:\/\/www.linkedin.com\/in\/brunasobczack\" target=\"_blank\" rel=\"noreferrer noopener\">https:\/\/www.linkedin.com\/in\/brunasobczack<\/a><\/p>\n\n\n\n<p><a href=\"https:\/\/www.instagram.com\/brunasobczack\" target=\"_blank\" rel=\"noopener\"> https:\/\/www.instagram.com\/brunasobczack<\/a><\/p>\n\n\n\n<p><\/p>\n","protected":false},"excerpt":{"rendered":"<p>Sobre a Autora: Bruna SobczackBacharela em Direito, p\u00f3s-graduanda em Direito Notarial, Registral, Negocial e Imobili\u00e1rio, com especializa\u00e7\u00e3o tamb\u00e9m em Planejamento e Restitui\u00e7\u00e3o Tribut\u00e1ria. Colunista do Portal Cidade no Ar, onde escreve sobre temas jur\u00eddicos e cont\u00e1beis com uma abordagem clara e acess\u00edvel. Atualmente cursa Ci\u00eancias Cont\u00e1beis, integrando conhecimentos das \u00e1reas jur\u00eddica e fiscal. Aprovada nos&#8230;<\/p>\n","protected":false},"author":22,"featured_media":2007,"comment_status":"open","ping_status":"open","sticky":false,"template":"","format":"standard","meta":{"footnotes":""},"categories":[374],"tags":[31],"class_list":["post-2011","post","type-post","status-publish","format-standard","has-post-thumbnail","hentry","category-politica","tag-educacao"],"_links":{"self":[{"href":"https:\/\/cidadenoar.com\/global\/wp-json\/wp\/v2\/posts\/2011","targetHints":{"allow":["GET"]}}],"collection":[{"href":"https:\/\/cidadenoar.com\/global\/wp-json\/wp\/v2\/posts"}],"about":[{"href":"https:\/\/cidadenoar.com\/global\/wp-json\/wp\/v2\/types\/post"}],"author":[{"embeddable":true,"href":"https:\/\/cidadenoar.com\/global\/wp-json\/wp\/v2\/users\/22"}],"replies":[{"embeddable":true,"href":"https:\/\/cidadenoar.com\/global\/wp-json\/wp\/v2\/comments?post=2011"}],"version-history":[{"count":0,"href":"https:\/\/cidadenoar.com\/global\/wp-json\/wp\/v2\/posts\/2011\/revisions"}],"wp:featuredmedia":[{"embeddable":true,"href":"https:\/\/cidadenoar.com\/global\/wp-json\/wp\/v2\/media\/2007"}],"wp:attachment":[{"href":"https:\/\/cidadenoar.com\/global\/wp-json\/wp\/v2\/media?parent=2011"}],"wp:term":[{"taxonomy":"category","embeddable":true,"href":"https:\/\/cidadenoar.com\/global\/wp-json\/wp\/v2\/categories?post=2011"},{"taxonomy":"post_tag","embeddable":true,"href":"https:\/\/cidadenoar.com\/global\/wp-json\/wp\/v2\/tags?post=2011"}],"curies":[{"name":"wp","href":"https:\/\/api.w.org\/{rel}","templated":true}]}}