{"id":2040,"date":"2025-03-09T13:02:41","date_gmt":"2025-03-09T16:02:41","guid":{"rendered":"https:\/\/cidadenoar.com\/?p=2040"},"modified":"2025-07-26T17:45:41","modified_gmt":"2025-07-26T20:45:41","slug":"as-pessoas-juridicas-de-direito-privado-no-codigo-civil-brasileiro","status":"publish","type":"post","link":"https:\/\/cidadenoar.com\/global\/economia-negocios\/as-pessoas-juridicas-de-direito-privado-no-codigo-civil-brasileiro\/","title":{"rendered":"As Pessoas Jur\u00eddicas de Direito Privado no C\u00f3digo Civil Brasileiro: As Pessoas Jur\u00eddicas de Direito Privado no C\u00f3digo Civil Brasileiro: Estrutura, Constitui\u00e7\u00e3o e Import\u00e2ncia Jur\u00eddica"},"content":{"rendered":"\n<p><strong>Sobre a Autora: Bruna Sobczack<\/strong><br>Bacharela em Direito, p\u00f3s-graduanda em Direito Notarial, Registral, Negocial e Imobili\u00e1rio, com especializa\u00e7\u00e3o tamb\u00e9m em Planejamento e Restitui\u00e7\u00e3o Tribut\u00e1ria. Colunista do <em>Portal Cidade no Ar<\/em>, onde escreve sobre temas jur\u00eddicos e cont\u00e1beis com uma abordagem clara e acess\u00edvel. Atualmente cursa Ci\u00eancias Cont\u00e1beis, integrando conhecimentos das \u00e1reas jur\u00eddica e fiscal. Aprovada nos concursos para Procuradora dos Munic\u00edpios de Guabiruba\/SC e Brusque\/SC, e em 1\u00ba lugar no concurso da CELESC. Tamb\u00e9m foi aprovada no concurso para Professora de Direito do Munic\u00edpio de Bombinhas\/SC.<\/p>\n\n\n\n<p>\ud83d\udccc Acompanhe seus conte\u00fados em: <a class=\"\" href=\"http:\/\/www.brunasobczack.com.br\" target=\"_blank\" rel=\"noopener\">www.brunasobczack.com.br<\/a><\/p>\n\n\n\n<p><\/p>\n\n\n\n<p><\/p>\n\n\n\n<p><strong>Resumo:<\/strong><\/p>\n\n\n\n<p>O presente artigo tem como objetivo analisar as pessoas <a href=\"https:\/\/cidadenoar.com\/2025\/03\/03\/teoria-do-negocio-juridico-uma-analise-abrangente\/\" data-type=\"post\" data-id=\"2011\">jur\u00eddicas <\/a>de direito privado previstas no C\u00f3digo Civil brasileiro, detalhando suas formas de constitui\u00e7\u00e3o, caracter\u00edsticas jur\u00eddicas e relev\u00e2ncia no ordenamento jur\u00eddico nacional. A pesquisa aborda as associa\u00e7\u00f5es, sociedades, funda\u00e7\u00f5es, organiza\u00e7\u00f5es religiosas, partidos pol\u00edticos e empreendimentos de economia solid\u00e1ria, explorando suas especificidades legais com exemplos reais. A metodologia utilizada baseou-se em revis\u00e3o bibliogr\u00e1fica, com enfoque em doutrinas jur\u00eddicas, legisla\u00e7\u00f5es e artigos <a href=\"http:\/\/cidadenoar.com\">especializados<\/a>.<\/p>\n\n\n\n<p><strong>1. Introdu\u00e7\u00e3o<\/strong><\/p>\n\n\n\n<p>As pessoas jur\u00eddicas de direito privado desempenham um papel fundamental na estrutura jur\u00eddica e econ\u00f4mica do Brasil. Reguladas pelo C\u00f3digo Civil, essas entidades possibilitam a organiza\u00e7\u00e3o de atividades econ\u00f4micas, sociais, religiosas, pol\u00edticas e culturais, proporcionando seguran\u00e7a jur\u00eddica \u00e0s rela\u00e7\u00f5es estabelecidas. A personalidade jur\u00eddica, obtida a partir de procedimentos espec\u00edficos de constitui\u00e7\u00e3o, confere direitos e obriga\u00e7\u00f5es pr\u00f3prias, distintas das de seus membros. Neste contexto, o presente artigo busca explorar as caracter\u00edsticas, formas de constitui\u00e7\u00e3o e a relev\u00e2ncia das pessoas jur\u00eddicas de direito privado, conforme disp\u00f5e o <strong>art. 44 do C\u00f3digo Civil<\/strong>, utilizando exemplos reais para ilustrar a aplica\u00e7\u00e3o pr\u00e1tica desses conceitos.<\/p>\n\n\n\n<p><strong>2. As Pessoas Jur\u00eddicas de Direito Privado e Suas Formas de Constitui\u00e7\u00e3o<\/strong><\/p>\n\n\n\n<p>O <strong>art. 44 do C\u00f3digo Civil brasileiro<\/strong> enumera seis esp\u00e9cies de pessoas jur\u00eddicas de direito privado: <strong>associa\u00e7\u00f5es, sociedades, funda\u00e7\u00f5es, organiza\u00e7\u00f5es religiosas, partidos pol\u00edticos e empreendimentos de economia solid\u00e1ria<\/strong>. A seguir, detalhamos suas formas de constitui\u00e7\u00e3o com exemplos pr\u00e1ticos.<\/p>\n\n\n\n<p><strong>2.1 Associa\u00e7\u00f5es<\/strong><\/p>\n\n\n\n<ul class=\"wp-block-list\">\n<li><strong>Constitui\u00e7\u00e3o:<\/strong> Formam-se pela uni\u00e3o de pessoas que se organizam para fins <strong>n\u00e3o econ\u00f4micos<\/strong>. Exigem a aprova\u00e7\u00e3o de um <strong>estatuto<\/strong> em assembleia e registro em <strong>Cart\u00f3rio de Registro Civil das Pessoas Jur\u00eddicas<\/strong>.<\/li>\n\n\n\n<li><strong>Exemplo Real:<\/strong> <strong>Associa\u00e7\u00e3o Brasileira de Prote\u00e7\u00e3o aos Animais (ABPA)<\/strong>, que promove a\u00e7\u00f5es de prote\u00e7\u00e3o animal sem fins lucrativos.<\/li>\n<\/ul>\n\n\n\n<p><strong>2.2 Sociedades<\/strong><\/p>\n\n\n\n<ul class=\"wp-block-list\">\n<li><strong>Constitui\u00e7\u00e3o:<\/strong> Destinam-se \u00e0 explora\u00e7\u00e3o de atividades econ\u00f4micas com <strong>fins lucrativos<\/strong>. Exigem um <strong>contrato social<\/strong> ou <strong>estatuto<\/strong>, registrado na <strong>Junta Comercial<\/strong> (para sociedades empres\u00e1rias) ou em <strong>Cart\u00f3rio de Registro Civil das Pessoas Jur\u00eddicas<\/strong> (para sociedades simples).<\/li>\n\n\n\n<li><strong>Exemplo Real:<\/strong> <strong>Ambev S.A.<\/strong>, sociedade an\u00f4nima registrada na Junta Comercial, que atua no setor de bebidas com fins lucrativos.<\/li>\n<\/ul>\n\n\n\n<p><strong>2.3 Funda\u00e7\u00f5es<\/strong><\/p>\n\n\n\n<ul class=\"wp-block-list\">\n<li><strong>Constitui\u00e7\u00e3o:<\/strong> Formam-se pela <strong>afeta\u00e7\u00e3o de um patrim\u00f4nio<\/strong> para fins religiosos, morais, culturais ou de assist\u00eancia. Exigem um <strong>estatuto<\/strong> aprovado pelo <strong>Minist\u00e9rio P\u00fablico<\/strong> e registro em <strong>Cart\u00f3rio de Registro Civil das Pessoas Jur\u00eddicas<\/strong>.<\/li>\n\n\n\n<li><strong>Exemplo Real:<\/strong> <strong>Funda\u00e7\u00e3o Bradesco<\/strong>, que oferece educa\u00e7\u00e3o gratuita e projetos sociais, sendo mantida por recursos de uma institui\u00e7\u00e3o financeira.<\/li>\n<\/ul>\n\n\n\n<p><strong>2.4 Organiza\u00e7\u00f5es Religiosas<\/strong><\/p>\n\n\n\n<ul class=\"wp-block-list\">\n<li><strong>Constitui\u00e7\u00e3o:<\/strong> Formam-se para a pr\u00e1tica e a difus\u00e3o de cren\u00e7as e cultos religiosos. Exigem um <strong>estatuto<\/strong> e registro em <strong>Cart\u00f3rio de Registro Civil das Pessoas Jur\u00eddicas<\/strong>.<\/li>\n\n\n\n<li><strong>Exemplo Real:<\/strong> <strong>Igreja Cat\u00f3lica Apost\u00f3lica Romana<\/strong>, registrada como organiza\u00e7\u00e3o religiosa e com imunidade tribut\u00e1ria sobre suas atividades essenciais.<\/li>\n<\/ul>\n\n\n\n<p><strong>2.5 Partidos Pol\u00edticos<\/strong><\/p>\n\n\n\n<ul class=\"wp-block-list\">\n<li><strong>Constitui\u00e7\u00e3o:<\/strong> Devem ser formados com um <strong>estatuto<\/strong> registrado em <strong>Cart\u00f3rio de Registro Civil das Pessoas Jur\u00eddicas<\/strong> e, posteriormente, no <strong>Tribunal Superior Eleitoral (TSE)<\/strong>.<\/li>\n\n\n\n<li><strong>Exemplo Real:<\/strong> <strong>Partido dos Trabalhadores (PT)<\/strong> e <strong>Partido Liberal (PL),<\/strong> devidamente registrados no TSE e atuante nas elei\u00e7\u00f5es brasileiras.<\/li>\n<\/ul>\n\n\n\n<p><strong>2.6 Empreendimentos de Economia Solid\u00e1ria<\/strong><\/p>\n\n\n\n<ul class=\"wp-block-list\">\n<li><strong>Constitui\u00e7\u00e3o:<\/strong> Caracterizam-se pela gest\u00e3o democr\u00e1tica, pela coopera\u00e7\u00e3o entre os membros e pela reparti\u00e7\u00e3o justa dos resultados. Exigem um <strong>estatuto<\/strong> ou <strong>contrato social<\/strong>, registrado em <strong>Cart\u00f3rio de Registro Civil das Pessoas Jur\u00eddicas<\/strong> ou na <strong>Junta Comercial<\/strong>, conforme o caso.<\/li>\n\n\n\n<li><strong>Exemplo Real:<\/strong> <strong>Cooperativa de Cr\u00e9dito Sicredi<\/strong>, que atua no modelo de economia solid\u00e1ria, com gest\u00e3o democr\u00e1tica e divis\u00e3o proporcional dos resultados.<\/li>\n<\/ul>\n\n\n\n<p><strong>3. A Import\u00e2ncia das Pessoas Jur\u00eddicas de Direito Privado<\/strong><\/p>\n\n\n\n<p>As pessoas jur\u00eddicas de direito privado s\u00e3o essenciais para a organiza\u00e7\u00e3o da sociedade civil e da economia brasileira. Elas permitem a realiza\u00e7\u00e3o de atividades econ\u00f4micas, sociais, religiosas, culturais e pol\u00edticas de forma estruturada e com seguran\u00e7a jur\u00eddica. Al\u00e9m disso, contribuem para a gera\u00e7\u00e3o de empregos, a presta\u00e7\u00e3o de servi\u00e7os essenciais e a amplia\u00e7\u00e3o dos direitos de participa\u00e7\u00e3o social.<\/p>\n\n\n\n<p><strong>4. Conclus\u00e3o<\/strong><\/p>\n\n\n\n<p>As pessoas jur\u00eddicas de direito privado, conforme previstas no C\u00f3digo Civil brasileiro, desempenham um papel fundamental na estrutura\u00e7\u00e3o das atividades econ\u00f4micas, sociais e pol\u00edticas do pa\u00eds. A diversidade de formas jur\u00eddicas dispon\u00edveis permite que diferentes interesses sejam atendidos, desde iniciativas econ\u00f4micas lucrativas at\u00e9 atividades sem fins econ\u00f4micos, como associa\u00e7\u00f5es e funda\u00e7\u00f5es. A clareza nos processos de constitui\u00e7\u00e3o e a seguran\u00e7a jur\u00eddica proporcionada pela legisla\u00e7\u00e3o garantem a efetividade dessas entidades no cen\u00e1rio nacional.<\/p>\n\n\n\n<p><strong>Refer\u00eancias:<\/strong><\/p>\n\n\n\n<ul class=\"wp-block-list\">\n<li>BRASIL. <strong>Lei n\u00ba 10.406, de 10 de janeiro de 2002.<\/strong> Institui o C\u00f3digo Civil. Dispon\u00edvel em: <a href=\"http:\/\/www.planalto.gov.br\/\" target=\"_blank\" rel=\"noopener\"><\/a><a href=\"http:\/\/www.planalto.gov.br\" target=\"_blank\" rel=\"noopener\">http:\/\/www.planalto.gov.br<\/a>. Acesso em: 09 mar. 2025.<\/li>\n\n\n\n<li>BRASIL. <strong>Lei n\u00ba 14.905, de 28 de junho de 2024.<\/strong> Altera dispositivos do C\u00f3digo Civil. Dispon\u00edvel em: <a href=\"http:\/\/www.planalto.gov.br\/\" target=\"_blank\" rel=\"noopener\"><\/a><a href=\"http:\/\/www.planalto.gov.br\" target=\"_blank\" rel=\"noopener\">http:\/\/www.planalto.gov.br<\/a>. Acesso em: 09 mar. 2025.<\/li>\n\n\n\n<li>VENOSA, S\u00edlvio de Salvo. <strong>Direito Civil: Parte Geral.<\/strong> 16. ed. S\u00e3o Paulo: Atlas, 2022.<\/li>\n\n\n\n<li>GON\u00c7ALVES, Carlos Roberto. <strong>Direito Civil Brasileiro.<\/strong> 20. ed. S\u00e3o Paulo: Saraiva, 2023.<\/li>\n\n\n\n<li>TEPEDINO, Gustavo. <strong>Temas de Direito Civil.<\/strong> 5. ed. Rio de Janeiro: Renovar, 2023.<\/li>\n<\/ul>\n\n\n\n<p><\/p>\n\n\n\n<p>Sobre o autor:<\/p>\n\n\n\n<h2 class=\"wp-block-heading\">BRUNA SOBCZACK<\/h2>\n\n\n\n<p>Bacharel em Direito | P\u00f3s-Graduanda em Direito Notarial, Registral, Negocial e Imobili\u00e1rio | Cursando Ci\u00eancias Cont\u00e1beis | Aprovada no Concurso para Procurador (Guabiruba\/SC e Brusque\/SC). Professor de Direito (Bombinhas\/SC). Centrais El\u00e9tricas de Santa Catarina (CELESC) em 1\u00ba Lugar | Participante do Programa Academia Notarial de Porto Belo.<\/p>\n\n\n\n<p><a href=\"https:\/\/www.instagram.com\/brunasobczack\/\" target=\"_blank\" rel=\"noopener\">Instagram<\/a><\/p>\n\n\n\n<p><a href=\"https:\/\/www.linkedin.com\/in\/brunasobczack\/\" target=\"_blank\" rel=\"noopener\">LinkedIn<\/a><\/p>\n","protected":false},"excerpt":{"rendered":"<p>Sobre a Autora: Bruna SobczackBacharela em Direito, p\u00f3s-graduanda em Direito Notarial, Registral, Negocial e Imobili\u00e1rio, com especializa\u00e7\u00e3o tamb\u00e9m em Planejamento e Restitui\u00e7\u00e3o Tribut\u00e1ria. Colunista do Portal Cidade no Ar, onde escreve sobre temas jur\u00eddicos e cont\u00e1beis com uma abordagem clara e acess\u00edvel. Atualmente cursa Ci\u00eancias Cont\u00e1beis, integrando conhecimentos das \u00e1reas jur\u00eddica e fiscal. Aprovada nos&#8230;<\/p>\n","protected":false},"author":22,"featured_media":2029,"comment_status":"open","ping_status":"open","sticky":false,"template":"","format":"standard","meta":{"footnotes":""},"categories":[289],"tags":[98,99,102],"class_list":["post-2040","post","type-post","status-publish","format-standard","has-post-thumbnail","hentry","category-economia-negocios","tag-artigocientifico","tag-direitobrasileiro","tag-direitoempresarial"],"_links":{"self":[{"href":"https:\/\/cidadenoar.com\/global\/wp-json\/wp\/v2\/posts\/2040","targetHints":{"allow":["GET"]}}],"collection":[{"href":"https:\/\/cidadenoar.com\/global\/wp-json\/wp\/v2\/posts"}],"about":[{"href":"https:\/\/cidadenoar.com\/global\/wp-json\/wp\/v2\/types\/post"}],"author":[{"embeddable":true,"href":"https:\/\/cidadenoar.com\/global\/wp-json\/wp\/v2\/users\/22"}],"replies":[{"embeddable":true,"href":"https:\/\/cidadenoar.com\/global\/wp-json\/wp\/v2\/comments?post=2040"}],"version-history":[{"count":0,"href":"https:\/\/cidadenoar.com\/global\/wp-json\/wp\/v2\/posts\/2040\/revisions"}],"wp:featuredmedia":[{"embeddable":true,"href":"https:\/\/cidadenoar.com\/global\/wp-json\/wp\/v2\/media\/2029"}],"wp:attachment":[{"href":"https:\/\/cidadenoar.com\/global\/wp-json\/wp\/v2\/media?parent=2040"}],"wp:term":[{"taxonomy":"category","embeddable":true,"href":"https:\/\/cidadenoar.com\/global\/wp-json\/wp\/v2\/categories?post=2040"},{"taxonomy":"post_tag","embeddable":true,"href":"https:\/\/cidadenoar.com\/global\/wp-json\/wp\/v2\/tags?post=2040"}],"curies":[{"name":"wp","href":"https:\/\/api.w.org\/{rel}","templated":true}]}}