{"id":2051,"date":"2025-03-11T16:38:40","date_gmt":"2025-03-11T19:38:40","guid":{"rendered":"https:\/\/cidadenoar.com\/?p=2051"},"modified":"2025-07-26T18:16:34","modified_gmt":"2025-07-26T21:16:34","slug":"ninguem-sente-sua-dor-como-voce-andre-luiz-santiago-eleuterio","status":"publish","type":"post","link":"https:\/\/cidadenoar.com\/global\/geral\/ninguem-sente-sua-dor-como-voce-andre-luiz-santiago-eleuterio\/","title":{"rendered":"Ningu\u00e9m sente sua dor como voc\u00ea \u2013 Andr\u00e9 Luiz Santiago Eleut\u00e9rio"},"content":{"rendered":"\n<p>Vivemos em um mundo onde as pessoas falam demais e escutam de menos. Todo mundo tem uma opini\u00e3o sobre tudo, at\u00e9 sobre sentimentos que n\u00e3o s\u00e3o seus. Se voc\u00ea diz que est\u00e1 cansado, sempre aparece algu\u00e9m para dizer que conhece algu\u00e9m mais cansado. Se voc\u00ea est\u00e1 triste, dizem que tem gente em situa\u00e7\u00e3o pior. Se algo te machuca, falam que \u00e9 exagero. Mas o que poucos entendem \u00e9 que ningu\u00e9m, absolutamente ningu\u00e9m, sente as coisas da mesma forma.<\/p>\n\n\n\n<p>Cada pessoa tem sua hist\u00f3ria, suas marcas, suas dores escondidas. E \u00e9 f\u00e1cil julgar quando se olha de fora, sem carregar o peso do outro. S\u00f3 quem sente na pele sabe o tamanho da dor. S\u00f3 quem vive na pr\u00f3pria mente entende o que est\u00e1 passando.<\/p>\n\n\n\n<p>Quantas vezes voc\u00ea j\u00e1 se sentiu culpado por estar esgotado? Por n\u00e3o conseguir explicar o que sente? Por ter que esconder suas emo\u00e7\u00f5es porque as pessoas simplesmente n\u00e3o entendem? Esse cansa\u00e7o que n\u00e3o se resolve com uma boa noite de sono, essa ang\u00fastia que n\u00e3o passa s\u00f3 porque algu\u00e9m mandou voc\u00ea \u201cpensar positivo\u201d. Porque tem dores que n\u00e3o s\u00e3o vis\u00edveis, mas s\u00e3o reais.<\/p>\n\n\n\n<p><strong>A dor que n\u00e3o se v\u00ea<\/strong><\/p>\n\n\n\n<p>O maior erro das pessoas \u00e9 achar que s\u00f3 aquilo que pode ser visto \u00e9 leg\u00edtimo. Se algu\u00e9m quebra um bra\u00e7o, ningu\u00e9m questiona a dor. Mas se algu\u00e9m diz que est\u00e1 emocionalmente esgotado, vem logo um \u201cisso \u00e9 falta do que fazer\u201d ou \u201c\u00e9 s\u00f3 parar de pensar nisso\u201d. Como se fosse simples desligar a mente, como se fosse f\u00e1cil ignorar o que machuca por dentro.<\/p>\n\n\n\n<p>A dor emocional n\u00e3o tem atestado m\u00e9dico. N\u00e3o tem faixa, gesso ou cicatriz aparente. Mas, \u00e0s vezes, d\u00f3i mais do que qualquer ferida f\u00edsica. D\u00f3i quando voc\u00ea se sente sozinho no meio da multid\u00e3o. D\u00f3i quando voc\u00ea percebe que ningu\u00e9m realmente entende o que se passa dentro de voc\u00ea. D\u00f3i quando voc\u00ea tenta explicar e as pessoas minimizam, como se seus sentimentos fossem um capricho, e n\u00e3o algo real.<\/p>\n\n\n\n<p>E o pior \u00e9 que, quando isso acontece muitas vezes, voc\u00ea come\u00e7a a duvidar de si mesmo. \u201cSer\u00e1 que estou exagerando?\u201d \u201cSer\u00e1 que eu deveria estar lidando melhor com isso?\u201d \u201cSer\u00e1 que meu cansa\u00e7o \u00e9 pregui\u00e7a?\u201d Mas n\u00e3o, n\u00e3o \u00e9 exagero. N\u00e3o \u00e9 drama. E muito menos fraqueza.<\/p>\n\n\n\n<p><strong>O peso de ser forte o tempo todo<\/strong><\/p>\n\n\n\n<p>Vivemos em um mundo que cobra for\u00e7a o tempo todo. \u201cEngole o choro.\u201d \u201cSegue em frente.\u201d \u201cSeja forte.\u201d Mas ningu\u00e9m ensina a lidar com as dores que ficam por dentro.<\/p>\n\n\n\n<p>O problema \u00e9 que ser forte o tempo todo cansa. Cansa fingir que est\u00e1 tudo bem. Cansa sorrir quando por dentro tudo parece desmoronar. Cansa carregar um peso que ningu\u00e9m mais v\u00ea. E ningu\u00e9m tem o direito de julgar o seu cansa\u00e7o.<\/p>\n\n\n\n<p>Tem dias em que tudo o que a gente precisa \u00e9 de um pouco de sil\u00eancio, um pouco de paz, um abra\u00e7o sem perguntas. Mas, em vez disso, recebemos cobran\u00e7as. \u201cPor que voc\u00ea est\u00e1 assim?\u201d \u201cNossa, voc\u00ea anda t\u00e3o diferente.\u201d \u201cVoc\u00ea precisa reagir.\u201d Como se fosse uma escolha. Como se fosse simples.<\/p>\n\n\n\n<p><strong>O direito de sentir<\/strong><\/p>\n\n\n\n<p>A verdade \u00e9 que ningu\u00e9m deveria precisar pedir permiss\u00e3o para sentir. Voc\u00ea tem o direito de estar cansado. Tem o direito de se sentir sobrecarregado. Tem o direito de ter dias ruins sem precisar se justificar.<\/p>\n\n\n\n<p>Se o seu cora\u00e7\u00e3o est\u00e1 pesado, voc\u00ea n\u00e3o precisa fingir que est\u00e1 leve. Se a vida parece demais para voc\u00ea em certos momentos, isso n\u00e3o significa que voc\u00ea seja fraco. Significa apenas que voc\u00ea \u00e9 humano. E ser humano \u00e9 sentir, \u00e9 ter momentos bons e ruins, \u00e9 n\u00e3o estar sempre no controle.<\/p>\n\n\n\n<p><strong>A import\u00e2ncia da empatia<\/strong><\/p>\n\n\n\n<p>Se ningu\u00e9m sente as coisas da mesma maneira, ent\u00e3o o m\u00ednimo que podemos fazer \u00e9 respeitar a dor dos outros. N\u00e3o precisamos entender completamente para oferecer apoio. Podemos simplesmente ouvir sem julgar, acolher sem minimizar.<\/p>\n\n\n\n<p>Empatia n\u00e3o \u00e9 dar conselhos prontos. N\u00e3o \u00e9 dizer \u201ceu sei como voc\u00ea se sente\u201d, porque ningu\u00e9m sabe exatamente como o outro se sente. Empatia \u00e9 estar presente, \u00e9 oferecer um espa\u00e7o seguro onde a pessoa pode simplesmente existir, sem precisar se defender ou se justificar.<\/p>\n\n\n\n<p>\u00c0s vezes, tudo o que algu\u00e9m precisa para seguir em frente \u00e9 de um pouco de compreens\u00e3o. De algu\u00e9m que diga: \u201cEu n\u00e3o sei exatamente o que voc\u00ea est\u00e1 passando, mas estou aqui para o que precisar.\u201d E isso, por si s\u00f3, j\u00e1 faz toda a diferen\u00e7a.<\/p>\n\n\n\n<p><strong>Voc\u00ea n\u00e3o est\u00e1 sozinho<\/strong><\/p>\n\n\n\n<p>Se hoje voc\u00ea sente que ningu\u00e9m te entende, que ningu\u00e9m reconhece sua dor, lembre-se: voc\u00ea n\u00e3o est\u00e1 sozinho. Existem pessoas que se importam, mesmo que n\u00e3o saibam como demonstrar. Existem momentos ruins, mas eles passam. Existem dias dif\u00edceis, mas voc\u00ea j\u00e1 sobreviveu a muitos deles.<\/p>\n\n\n\n<p>Voc\u00ea n\u00e3o precisa provar nada para ningu\u00e9m. N\u00e3o precisa justificar o que sente. N\u00e3o precisa carregar esse peso sozinho. Sua dor \u00e9 sua, mas voc\u00ea n\u00e3o precisa enfrent\u00e1-la sem apoio.<\/p>\n\n\n\n<p>E quando algu\u00e9m tentar minimizar o que voc\u00ea sente, lembre-se: ningu\u00e9m sente sua dor como voc\u00ea. Ningu\u00e9m vive sua vida no seu lugar. E isso significa que ningu\u00e9m tem o direito de dizer como voc\u00ea deveria se sentir.<\/p>\n\n\n\n<p>Ent\u00e3o, sinta. Seja verdadeiro consigo mesmo. E nunca deixe que a falta de compreens\u00e3o dos outros diminua o que voc\u00ea vive dentro de si.<\/p>\n\n\n\n<p>Este texto foi escrito pelo jornalista Andr\u00e9 Luiz Santiago Eleut\u00e9rio.<\/p>\n","protected":false},"excerpt":{"rendered":"<p>Vivemos em um mundo onde as pessoas falam demais e escutam de menos. Todo mundo tem uma opini\u00e3o sobre tudo, at\u00e9 sobre sentimentos que n\u00e3o s\u00e3o seus. Se voc\u00ea diz que est\u00e1 cansado, sempre aparece algu\u00e9m para dizer que conhece algu\u00e9m mais cansado. Se voc\u00ea est\u00e1 triste, dizem que tem gente em situa\u00e7\u00e3o pior. Se&#8230;<\/p>\n","protected":false},"author":20,"featured_media":2052,"comment_status":"open","ping_status":"open","sticky":false,"template":"","format":"standard","meta":{"footnotes":""},"categories":[1],"tags":[],"class_list":["post-2051","post","type-post","status-publish","format-standard","has-post-thumbnail","hentry","category-geral"],"_links":{"self":[{"href":"https:\/\/cidadenoar.com\/global\/wp-json\/wp\/v2\/posts\/2051","targetHints":{"allow":["GET"]}}],"collection":[{"href":"https:\/\/cidadenoar.com\/global\/wp-json\/wp\/v2\/posts"}],"about":[{"href":"https:\/\/cidadenoar.com\/global\/wp-json\/wp\/v2\/types\/post"}],"author":[{"embeddable":true,"href":"https:\/\/cidadenoar.com\/global\/wp-json\/wp\/v2\/users\/20"}],"replies":[{"embeddable":true,"href":"https:\/\/cidadenoar.com\/global\/wp-json\/wp\/v2\/comments?post=2051"}],"version-history":[{"count":0,"href":"https:\/\/cidadenoar.com\/global\/wp-json\/wp\/v2\/posts\/2051\/revisions"}],"wp:featuredmedia":[{"embeddable":true,"href":"https:\/\/cidadenoar.com\/global\/wp-json\/wp\/v2\/media\/2052"}],"wp:attachment":[{"href":"https:\/\/cidadenoar.com\/global\/wp-json\/wp\/v2\/media?parent=2051"}],"wp:term":[{"taxonomy":"category","embeddable":true,"href":"https:\/\/cidadenoar.com\/global\/wp-json\/wp\/v2\/categories?post=2051"},{"taxonomy":"post_tag","embeddable":true,"href":"https:\/\/cidadenoar.com\/global\/wp-json\/wp\/v2\/tags?post=2051"}],"curies":[{"name":"wp","href":"https:\/\/api.w.org\/{rel}","templated":true}]}}