{"id":2142,"date":"2025-03-17T01:29:59","date_gmt":"2025-03-17T04:29:59","guid":{"rendered":"https:\/\/cidadenoar.com\/?p=2142"},"modified":"2025-07-26T18:16:25","modified_gmt":"2025-07-26T21:16:25","slug":"agencia-de-florianopolis-anuncia-rebranding-e-se-prepara-para-um-novo-ciclo-de-crescimento","status":"publish","type":"post","link":"https:\/\/cidadenoar.com\/global\/geral\/agencia-de-florianopolis-anuncia-rebranding-e-se-prepara-para-um-novo-ciclo-de-crescimento\/","title":{"rendered":"Ag\u00eancia de Florian\u00f3polis anuncia rebranding e se prepara para um novo ciclo de crescimento"},"content":{"rendered":"\n<h3 class=\"wp-block-heading\"><em>Em 2024, a\u00a0MM\u00a0Conte\u00fado\u00a0Criativo\u00a0registrou um incremento de 22,6% no faturamento; em 2025, a empresa fundada 100% por mulheres quer se posicionar ao lado de gigantes do mercado\u00a0<\/em><\/h3>\n\n\n\n<p>A&nbsp;<a href=\"http:\/\/instagram.com\/mmconteudocriativo\" target=\"_blank\" rel=\"noreferrer noopener\">MM&nbsp;Conte\u00fado&nbsp;Criativo<\/a>, ag\u00eancia de Florian\u00f3polis especializada em solu\u00e7\u00f5es criativas para empresas e profissionais, acaba de anunciar um rebranding estrat\u00e9gico que marca uma nova fase em sua trajet\u00f3ria. Comandada pela s\u00f3cias&nbsp;<a href=\"https:\/\/www.instagram.com\/manuellamoreira\/\" target=\"_blank\" rel=\"noreferrer noopener\">Manuella Moreira<\/a>&nbsp;(fundadora) e&nbsp;<a href=\"https:\/\/www.instagram.com\/gabrielahumeres\/\" target=\"_blank\" rel=\"noreferrer noopener\">Gabriela Humeres<\/a>, a ag\u00eancia vem se consolidando como uma das refer\u00eancias em comunica\u00e7\u00e3o criativa e marketing digital com uma vasta cartela de clientes e solu\u00e7\u00f5es disruptivas. No \u00faltimo ano, a&nbsp;MM&nbsp;registrou um faturamento 22,6% maior do que no ano anterior, comprovando a sua trajet\u00f3ria de crescimento acelerado. Agora, a&nbsp;MM&nbsp;d\u00e1 mais um passo decisivo para fortalecer a sua posi\u00e7\u00e3o no mercado e trazer um novo olhar para a empresa: \u201cmais maduro\u201d, segundo as empres\u00e1rias.<\/p>\n\n\n\n<p>&#8220;Esse crescimento acelerado, que \u00e9 resultado de um planejamento estrat\u00e9gico que estamos executando h\u00e1 alguns anos, nos colocou em um novo patamar e evidenciou a necessidade de avaliarmos nosso posicionamento como marca.&nbsp;<strong>O rebranding acompanha o amadurecimento da empresa, alinhando nossa identidade visual \u00e0 nossa evolu\u00e7\u00e3o enquanto ag\u00eancia e enquanto profissionais de marketing.<\/strong>&nbsp;Estamos prontas para um novo ciclo, mais sofisticadas, ainda mais ousadas e mais do que nunca devidamente estruturadas&#8221;, afirma Manuella, CEO da&nbsp;MM&nbsp;Conte\u00fado&nbsp;Criativo.<\/p>\n\n\n\n<p><strong>Nova identidade visual<\/strong><\/p>\n\n\n<div class=\"wp-block-image\">\n<figure class=\"aligncenter size-large is-resized\"><img fetchpriority=\"high\" decoding=\"async\" width=\"1024\" height=\"577\" src=\"https:\/\/cidadenoar.com\/wp-content\/uploads\/sites\/22\/2025\/03\/Antes-x-Depois-1024x577.png\" alt=\"\" class=\"wp-image-2143\" style=\"width:522px;height:auto\" title=\"\" srcset=\"https:\/\/cidadenoar.com\/global\/wp-content\/uploads\/sites\/22\/2025\/03\/Antes-x-Depois-1024x577.png 1024w, https:\/\/cidadenoar.com\/global\/wp-content\/uploads\/sites\/22\/2025\/03\/Antes-x-Depois-300x169.png 300w, https:\/\/cidadenoar.com\/global\/wp-content\/uploads\/sites\/22\/2025\/03\/Antes-x-Depois-768x432.png 768w, https:\/\/cidadenoar.com\/global\/wp-content\/uploads\/sites\/22\/2025\/03\/Antes-x-Depois-1536x865.png 1536w, https:\/\/cidadenoar.com\/global\/wp-content\/uploads\/sites\/22\/2025\/03\/Antes-x-Depois.png 1920w\" sizes=\"(max-width: 1024px) 100vw, 1024px\" \/><\/figure>\n<\/div>\n\n\n<p>Com uma gama de servi\u00e7os que inclui branding, styling, social media, produ\u00e7\u00e3o de&nbsp;conte\u00fado, tr\u00e1fego pago, consultoria, assessoria de influenciadores, v\u00eddeos para redes sociais e eventos, a&nbsp;MM&nbsp;se destacou nos \u00faltimos anos pela sua abordagem inovadora e estrat\u00e9gica. Em 2025, a ag\u00eancia planeja se destacar especialmente nos pacotes de v\u00eddeos para redes sociais, al\u00e9m de fortalecer a atua\u00e7\u00e3o na \u00e1rea de eventos, oferecendo consultoria completa \u2014 do conceito&nbsp;criativo&nbsp;ao RSVP e sele\u00e7\u00e3o de influenciadores.<\/p>\n\n\n\n<p>Formada por uma equipe 100% feminina, a ag\u00eancia construiu uma identidade s\u00f3lida, fundamentada na busca constante por solu\u00e7\u00f5es criativas de alto impacto. Um dos cases de sucesso recentes foi a conquista de 50 mil seguidores para a conta de um cliente em 2024, demonstrando a efic\u00e1cia das estrat\u00e9gias aplicadas.<\/p>\n\n\n\n<p>O rebranding reflete n\u00e3o apenas uma mudan\u00e7a est\u00e9tica, mas tamb\u00e9m uma transforma\u00e7\u00e3o no tom de voz da marca. A nova identidade visual traz cores vibrantes como roxo e azul, tipografia mais expressiva e a comunica\u00e7\u00e3o assume um tom mais direto e provocativo. &#8220;Queremos nos posicionar ao lado de grandes marcas, com uma comunica\u00e7\u00e3o que seja ao mesmo tempo forte e estrat\u00e9gica. O novo visual e o novo tom de voz s\u00e3o uma extens\u00e3o desse objetivo&#8221;, destaca Manuella.<\/p>\n\n\n\n<p><strong>Nova etapa de crescimento<\/strong><\/p>\n\n\n\n<p>Nascida em Santa Catarina, a&nbsp;MM&nbsp;Conte\u00fado&nbsp;Criativo&nbsp;j\u00e1 expandiu suas fronteiras, atuando em diversos estados brasileiros, como S\u00e3o Paulo e Minas Gerais, e at\u00e9 no Paraguai. A ag\u00eancia tem se consolidado como uma parceira de confian\u00e7a para empresas que buscam estrat\u00e9gias criativas e eficazes, n\u00e3o s\u00f3 para aumentar (e melhorar) sua presen\u00e7a digital, mas para gerar impacto real no mercado.<\/p>\n\n\n\n<p>\u201cO rebranding n\u00e3o representa uma ruptura, mas sim uma evolu\u00e7\u00e3o natural da ag\u00eancia que, desde o seu in\u00edcio, tem se destacado pela sua capacidade de inova\u00e7\u00e3o e adapta\u00e7\u00e3o. Com uma equipe talentosa e apaixonada pelo que faz, n\u00f3s seguimos com a nossa miss\u00e3o de oferecer solu\u00e7\u00f5es criativas e de alto impacto para empresas de todos os tamanhos, sem abandonar a nossa ess\u00eancia e a nossa comunidade, onde a gente tem esse compromisso feminino com a nossa veia educativa, trazendo cursos e conte\u00fados educativos voltados para meninas e mulheres que querem crescer em seus neg\u00f3cios\u201d, destaca Manuella Moreira.&nbsp;<\/p>\n\n\n\n<p>Mais informa\u00e7\u00f5es sobre a&nbsp;MM&nbsp;Conte\u00fado&nbsp;Criativo&nbsp;acesse o site&nbsp;<a href=\"http:\/\/mmconteudocriativo.com.br\/\" target=\"_blank\" rel=\"noreferrer noopener\">mmconteudocriativo.com.br<\/a>&nbsp;e o perfil no&nbsp;<em>Instagram<\/em>&nbsp;<a href=\"https:\/\/www.instagram.com\/mmconteudocriativo\/\" target=\"_blank\" rel=\"noreferrer noopener\">@mmconteudocriativo<\/a>.<\/p>\n","protected":false},"excerpt":{"rendered":"<p>Em 2024, a MM Conte\u00fado Criativo registrou um incremento de 22,6% no faturamento; em 2025, a empresa fundada 100% por mulheres quer se posicionar ao lado de gigantes do mercado <\/p>\n","protected":false},"author":23,"featured_media":2144,"comment_status":"open","ping_status":"open","sticky":false,"template":"","format":"standard","meta":{"footnotes":""},"categories":[1],"tags":[],"class_list":["post-2142","post","type-post","status-publish","format-standard","has-post-thumbnail","hentry","category-geral"],"_links":{"self":[{"href":"https:\/\/cidadenoar.com\/global\/wp-json\/wp\/v2\/posts\/2142","targetHints":{"allow":["GET"]}}],"collection":[{"href":"https:\/\/cidadenoar.com\/global\/wp-json\/wp\/v2\/posts"}],"about":[{"href":"https:\/\/cidadenoar.com\/global\/wp-json\/wp\/v2\/types\/post"}],"author":[{"embeddable":true,"href":"https:\/\/cidadenoar.com\/global\/wp-json\/wp\/v2\/users\/23"}],"replies":[{"embeddable":true,"href":"https:\/\/cidadenoar.com\/global\/wp-json\/wp\/v2\/comments?post=2142"}],"version-history":[{"count":0,"href":"https:\/\/cidadenoar.com\/global\/wp-json\/wp\/v2\/posts\/2142\/revisions"}],"wp:featuredmedia":[{"embeddable":true,"href":"https:\/\/cidadenoar.com\/global\/wp-json\/wp\/v2\/media\/2144"}],"wp:attachment":[{"href":"https:\/\/cidadenoar.com\/global\/wp-json\/wp\/v2\/media?parent=2142"}],"wp:term":[{"taxonomy":"category","embeddable":true,"href":"https:\/\/cidadenoar.com\/global\/wp-json\/wp\/v2\/categories?post=2142"},{"taxonomy":"post_tag","embeddable":true,"href":"https:\/\/cidadenoar.com\/global\/wp-json\/wp\/v2\/tags?post=2142"}],"curies":[{"name":"wp","href":"https:\/\/api.w.org\/{rel}","templated":true}]}}