{"id":2158,"date":"2025-03-17T23:06:46","date_gmt":"2025-03-18T02:06:46","guid":{"rendered":"https:\/\/cidadenoar.com\/?p=2158"},"modified":"2025-03-17T23:06:49","modified_gmt":"2025-03-18T02:06:49","slug":"apos-dois-mandatos-na-acm-ademar-paes-junior-e-candidato-a-presidencia-da-unimed-grande-florianopolis","status":"publish","type":"post","link":"https:\/\/cidadenoar.com\/global\/saude-bem%e2%80%91estar\/apos-dois-mandatos-na-acm-ademar-paes-junior-e-candidato-a-presidencia-da-unimed-grande-florianopolis\/","title":{"rendered":"Ap\u00f3s dois mandatos na ACM, Ademar Paes Junior \u00e9 candidato \u00e0 presid\u00eancia da Unimed Grande Florian\u00f3polis"},"content":{"rendered":"\n<h3 class=\"wp-block-heading\"><em>As elei\u00e7\u00f5es na entidade ser\u00e3o realizadas no dia 25 deste m\u00eas por sistema remoto e v\u00e3o mobilizar 1,9 mil m\u00e9dicos que atuam na regi\u00e3o; \u201ctecnologia ser\u00e1 aliada na nossa gest\u00e3o\u201d, aponta<\/em><\/h3>\n\n\n\n<p>Ex-presidente da Associa\u00e7\u00e3o Catarinense de Medicina por dois mandatos, o m\u00e9dico Ademar Paes Junior anunciou a candidatura \u00e0 presid\u00eancia da Unimed Grande Florian\u00f3polis. As elei\u00e7\u00f5es que v\u00e3o renovar a Diretoria e o Conselho ocorrem no dia 25 deste m\u00eas e devem mobilizar 1,9 mil m\u00e9dicos na regi\u00e3o da Grande Florian\u00f3polis.<\/p>\n\n\n\n<p>\u201cJ\u00e1 contribu\u00ed com a nossa Unimed, participando do Conselho Fiscal e da Comiss\u00e3o que revisou o Estatuto, ent\u00e3o conhe\u00e7o bem os desafios da nossa rotina e o quanto \u00e9 importante ter uma cooperativa que realmente escute seus m\u00e9dicos. Um exemplo \u00e9 a reativa\u00e7\u00e3o dos comit\u00eas de especialidades, iniciativa importante que se perdeu. A Unimed Grande Florian\u00f3polis enfrenta desafios que afetam diretamente a todos n\u00f3s\u201d, diz Ademar.<\/p>\n\n\n\n<p><strong>Honor\u00e1rios &nbsp;<\/strong><br>Fortalecer o di\u00e1logo com os cooperados e aumentar os honor\u00e1rios m\u00e9dicos s\u00e3o duas das principais propostas de gest\u00e3o. \u201c\u00c9 o m\u00e9dico que conhece profundamente o dia a dia da profiss\u00e3o. A cooperativa precisa trabalhar e agir alinhada aos cooperados, sempre com muita transpar\u00eancia e di\u00e1logo. S\u00f3 desta forma conseguiremos alcan\u00e7ar o equil\u00edbrio, elevar os honor\u00e1rios e ampliar o ticket m\u00e9dio dos clientes. Na nossa gest\u00e3o, a tecnologia ser\u00e1 uma grande aliada para aumentar a efici\u00eancia\u201d, defende.&nbsp;<\/p>\n\n\n\n<p><strong>Sobre Ademar Paes Junior<\/strong><br>Ademar \u00e9 m\u00e9dico radiologista, Conselheiro da ABRAMED (Associa\u00e7\u00e3o Brasileira de Medicina Diagn\u00f3stica), empres\u00e1rio do setor de tecnologia, Coordenador da Vertical Sa\u00fade da Academia FIESC de Neg\u00f3cios e vice-presidente do Sapiens Parque. \u00c0 frente da ACM, Ademar Paes Junior foi um dos l\u00edderes do movimento Alian\u00e7a pela Vida, que uniu setor privado e poder p\u00fablico em a\u00e7\u00f5es de combate \u00e0 pandemia do coronav\u00edrus e de prote\u00e7\u00e3o da vida das pessoas e dos profissionais de sa\u00fade. Em reconhecimento, recebeu em 2023 a Medalha Em\u00edlio Blum, entregue pela ACIF.<\/p>\n","protected":false},"excerpt":{"rendered":"<p>As elei\u00e7\u00f5es na entidade ser\u00e3o realizadas no dia 25 deste m\u00eas por sistema remoto e v\u00e3o mobilizar 1,9 mil m\u00e9dicos que atuam na regi\u00e3o; \u201ctecnologia ser\u00e1 aliada na nossa gest\u00e3o\u201d, aponta Ex-presidente da Associa\u00e7\u00e3o Catarinense de Medicina por dois mandatos, o m\u00e9dico Ademar Paes Junior anunciou a candidatura \u00e0 presid\u00eancia da Unimed Grande Florian\u00f3polis. As&#8230;<\/p>\n","protected":false},"author":23,"featured_media":2159,"comment_status":"open","ping_status":"open","sticky":false,"template":"","format":"standard","meta":{"footnotes":""},"categories":[19],"tags":[],"class_list":["post-2158","post","type-post","status-publish","format-standard","has-post-thumbnail","hentry","category-saude-bemestar"],"_links":{"self":[{"href":"https:\/\/cidadenoar.com\/global\/wp-json\/wp\/v2\/posts\/2158","targetHints":{"allow":["GET"]}}],"collection":[{"href":"https:\/\/cidadenoar.com\/global\/wp-json\/wp\/v2\/posts"}],"about":[{"href":"https:\/\/cidadenoar.com\/global\/wp-json\/wp\/v2\/types\/post"}],"author":[{"embeddable":true,"href":"https:\/\/cidadenoar.com\/global\/wp-json\/wp\/v2\/users\/23"}],"replies":[{"embeddable":true,"href":"https:\/\/cidadenoar.com\/global\/wp-json\/wp\/v2\/comments?post=2158"}],"version-history":[{"count":0,"href":"https:\/\/cidadenoar.com\/global\/wp-json\/wp\/v2\/posts\/2158\/revisions"}],"wp:featuredmedia":[{"embeddable":true,"href":"https:\/\/cidadenoar.com\/global\/wp-json\/wp\/v2\/media\/2159"}],"wp:attachment":[{"href":"https:\/\/cidadenoar.com\/global\/wp-json\/wp\/v2\/media?parent=2158"}],"wp:term":[{"taxonomy":"category","embeddable":true,"href":"https:\/\/cidadenoar.com\/global\/wp-json\/wp\/v2\/categories?post=2158"},{"taxonomy":"post_tag","embeddable":true,"href":"https:\/\/cidadenoar.com\/global\/wp-json\/wp\/v2\/tags?post=2158"}],"curies":[{"name":"wp","href":"https:\/\/api.w.org\/{rel}","templated":true}]}}