{"id":2161,"date":"2025-03-19T14:23:06","date_gmt":"2025-03-19T17:23:06","guid":{"rendered":"https:\/\/cidadenoar.com\/?p=2161"},"modified":"2025-07-26T18:16:23","modified_gmt":"2025-07-26T21:16:23","slug":"dr-hugo-leonardo-sousa-mari-explica-os-pros-e-contras-da-harmonizacao","status":"publish","type":"post","link":"https:\/\/cidadenoar.com\/global\/geral\/dr-hugo-leonardo-sousa-mari-explica-os-pros-e-contras-da-harmonizacao\/","title":{"rendered":"Dr. Hugo Leonardo Sousa Mari explica os pr\u00f3s e contras da harmoniza\u00e7\u00e3o"},"content":{"rendered":"\n<p>A harmoniza\u00e7\u00e3o facial se tornou um dos procedimentos est\u00e9ticos mais comentados dos \u00faltimos anos. Influenciadores e celebridades popularizaram a t\u00e9cnica, e muitas pessoas passaram a enxergar esse recurso como uma solu\u00e7\u00e3o r\u00e1pida para melhorar a apar\u00eancia. Mas ser\u00e1 que todos compreendem os benef\u00edcios, os riscos e os cuidados necess\u00e1rios?<\/p>\n\n\n\n<p>Para esclarecer essas quest\u00f5es de forma simples e direta, conversamos com o Dr. Hugo Mari, cirurgi\u00e3o-dentista especializado em harmoniza\u00e7\u00e3o facial, que explica tudo o que voc\u00ea precisa saber antes de decidir por esse procedimento.<\/p>\n\n\n\n<p><strong>Dr. Hugo Mari, o que realmente \u00e9 a harmoniza\u00e7\u00e3o facial?<\/strong><\/p>\n\n\n\n<p>Dr. Hugo Mari: Harmoniza\u00e7\u00e3o facial n\u00e3o \u00e9 sin\u00f4nimo de mudan\u00e7a radical. \u00c9 um conjunto de procedimentos que ajustam propor\u00e7\u00f5es, suavizam marcas de express\u00e3o e equilibram tra\u00e7os do rosto. Usamos preenchedores, bioestimuladores e outras t\u00e9cnicas para valorizar a estrutura facial, sempre respeitando a naturalidade.<\/p>\n\n\n\n<p><strong>Quais os principais benef\u00edcios para quem faz?<\/strong><\/p>\n\n\n\n<p>Dr. Hugo Mari: O primeiro impacto \u00e9 na autoestima. Pequenos ajustes podem suavizar express\u00f5es cansadas e melhorar a harmonia do rosto, trazendo um ar mais jovem e descansado. Al\u00e9m disso, como o procedimento n\u00e3o \u00e9 cir\u00fargico, o tempo de recupera\u00e7\u00e3o \u00e9 curto e os efeitos podem ser ajustados conforme necess\u00e1rio.<\/p>\n\n\n\n<p><strong>E os riscos?<\/strong><\/p>\n\n\n\n<p>Dr. Hugo Mari: O maior perigo \u00e9 procurar profissionais sem a devida capacita\u00e7\u00e3o. Aplica\u00e7\u00f5es erradas podem levar a assimetrias, infec\u00e7\u00f5es ou, em casos graves, necrose devido \u00e0 obstru\u00e7\u00e3o vascular. Outro risco est\u00e1 no excesso de produto, que pode deixar o rosto artificial e sem express\u00e3o.<\/p>\n\n\n\n<p><strong>Existe um limite para a harmoniza\u00e7\u00e3o facial?<\/strong><\/p>\n\n\n\n<p>Dr. Hugo Mari: Sim. E esse \u00e9 um ponto que todo paciente precisa entender. O objetivo \u00e9 real\u00e7ar a beleza natural, n\u00e3o criar um novo rosto. Quando bem feita, a harmoniza\u00e7\u00e3o mant\u00e9m a identidade da pessoa, sem exageros ou padr\u00f5es artificiais.<\/p>\n\n\n\n<p><strong>Como escolher um bom profissional para evitar arrependimentos?<\/strong><\/p>\n\n\n\n<p>Dr. Hugo Mari: \u00c9 fundamental procurar especialistas qualificados, com conhecimento profundo da anatomia facial. Al\u00e9m disso, o profissional deve entender suas expectativas e ser sincero sobre o que pode ou n\u00e3o ser feito no seu rosto.<\/p>\n\n\n\n<p><strong>Quais os principais cuidados antes e depois do procedimento?<\/strong><\/p>\n\n\n\n<p>Dr. Hugo Mari: Antes da aplica\u00e7\u00e3o, \u00e9 essencial uma consulta detalhada para avaliar a necessidade do procedimento e definir um plano personalizado.<\/p>\n\n\n\n<p>Depois, os principais cuidados incluem evitar massagens na \u00e1rea tratada, suspender exerc\u00edcios f\u00edsicos intensos nas primeiras 48 horas e seguir todas as recomenda\u00e7\u00f5es do profissional. O incha\u00e7o inicial \u00e9 normal e o efeito real s\u00f3 aparece ap\u00f3s algumas semanas.<\/p>\n\n\n\n<p><strong>Existe um perfil ideal para fazer harmoniza\u00e7\u00e3o?<\/strong><\/p>\n\n\n\n<p>Dr. Hugo Mari: N\u00e3o h\u00e1 um \u00fanico perfil. Pessoas que percebem assimetria facial, sinais de envelhecimento ou perda de volume podem se beneficiar. O segredo \u00e9 respeitar os limites individuais e buscar um resultado que valorize, e n\u00e3o transforme completamente, o rosto.<\/p>\n\n\n\n<p><strong>A harmoniza\u00e7\u00e3o facial \u00e9 permanente?<\/strong><\/p>\n\n\n\n<p>Dr. Hugo Mari: N\u00e3o. Os materiais usados, como \u00e1cido hialur\u00f4nico e bioestimuladores de col\u00e1geno, s\u00e3o absorvidos pelo organismo ao longo do tempo. A dura\u00e7\u00e3o varia entre 6 meses e 2 anos, dependendo do metabolismo e dos cuidados do paciente.<\/p>\n\n\n\n<p><strong>A idade influencia na decis\u00e3o de fazer o procedimento?<\/strong><\/p>\n\n\n\n<p>Dr. Hugo Mari: A partir dos 25 anos, muitas pessoas j\u00e1 come\u00e7am a notar mudan\u00e7as no rosto e procuram o procedimento como forma de preven\u00e7\u00e3o. Mas cada caso \u00e9 \u00fanico. O importante \u00e9 que a decis\u00e3o seja feita por vontade pr\u00f3pria, e n\u00e3o por press\u00e3o est\u00e9tica.<\/p>\n\n\n\n<p><strong>Como saber se a harmoniza\u00e7\u00e3o facial \u00e9 a escolha certa para mim?<\/strong><\/p>\n\n\n\n<p>Dr. Hugo Mari: Se existe algo no rosto que incomoda e pode ser ajustado sem exageros, a harmoniza\u00e7\u00e3o pode ser uma boa op\u00e7\u00e3o. Mas a decis\u00e3o deve ser consciente. \u00c9 importante entender que esse n\u00e3o \u00e9 um procedimento que precisa ser feito a qualquer custo. N\u00e3o se deve buscar um padr\u00e3o imposto pela internet, e sim um equil\u00edbrio que respeite a sua identidade.<\/p>\n\n\n\n<p>A harmoniza\u00e7\u00e3o facial pode ser uma ferramenta poderosa para quem deseja real\u00e7ar a pr\u00f3pria beleza. Mas, como qualquer procedimento est\u00e9tico, exige cautela, planejamento e um olhar criterioso.<\/p>\n\n\n\n<p>O segredo da boa harmoniza\u00e7\u00e3o n\u00e3o est\u00e1 na mudan\u00e7a radical, mas no respeito \u00e0s fei\u00e7\u00f5es \u00fanicas de cada rosto. E, no fim, a pergunta mais importante n\u00e3o \u00e9 \u201ccomo eu quero que as pessoas me vejam?\u201d, mas sim \u201ccomo eu quero me sentir quando me olhar no espelho?\u201d.<\/p>\n","protected":false},"excerpt":{"rendered":"<p>A harmoniza\u00e7\u00e3o facial se tornou um dos procedimentos est\u00e9ticos mais comentados dos \u00faltimos anos. Influenciadores e celebridades popularizaram a t\u00e9cnica, e muitas pessoas passaram a enxergar esse recurso como uma solu\u00e7\u00e3o r\u00e1pida para melhorar a apar\u00eancia. Mas ser\u00e1 que todos compreendem os benef\u00edcios, os riscos e os cuidados necess\u00e1rios? Para esclarecer essas quest\u00f5es de forma&#8230;<\/p>\n","protected":false},"author":20,"featured_media":2162,"comment_status":"open","ping_status":"open","sticky":false,"template":"","format":"standard","meta":{"footnotes":""},"categories":[1],"tags":[],"class_list":["post-2161","post","type-post","status-publish","format-standard","has-post-thumbnail","hentry","category-geral"],"_links":{"self":[{"href":"https:\/\/cidadenoar.com\/global\/wp-json\/wp\/v2\/posts\/2161","targetHints":{"allow":["GET"]}}],"collection":[{"href":"https:\/\/cidadenoar.com\/global\/wp-json\/wp\/v2\/posts"}],"about":[{"href":"https:\/\/cidadenoar.com\/global\/wp-json\/wp\/v2\/types\/post"}],"author":[{"embeddable":true,"href":"https:\/\/cidadenoar.com\/global\/wp-json\/wp\/v2\/users\/20"}],"replies":[{"embeddable":true,"href":"https:\/\/cidadenoar.com\/global\/wp-json\/wp\/v2\/comments?post=2161"}],"version-history":[{"count":0,"href":"https:\/\/cidadenoar.com\/global\/wp-json\/wp\/v2\/posts\/2161\/revisions"}],"wp:featuredmedia":[{"embeddable":true,"href":"https:\/\/cidadenoar.com\/global\/wp-json\/wp\/v2\/media\/2162"}],"wp:attachment":[{"href":"https:\/\/cidadenoar.com\/global\/wp-json\/wp\/v2\/media?parent=2161"}],"wp:term":[{"taxonomy":"category","embeddable":true,"href":"https:\/\/cidadenoar.com\/global\/wp-json\/wp\/v2\/categories?post=2161"},{"taxonomy":"post_tag","embeddable":true,"href":"https:\/\/cidadenoar.com\/global\/wp-json\/wp\/v2\/tags?post=2161"}],"curies":[{"name":"wp","href":"https:\/\/api.w.org\/{rel}","templated":true}]}}