{"id":2164,"date":"2025-03-19T18:53:12","date_gmt":"2025-03-19T21:53:12","guid":{"rendered":"https:\/\/cidadenoar.com\/?p=2164"},"modified":"2025-07-26T18:01:51","modified_gmt":"2025-07-26T21:01:51","slug":"no-dia-mundial-da-agua-fort-atacadista-apoia-primeira-etapa-do-projeto-limpeza-dos-mares-2025","status":"publish","type":"post","link":"https:\/\/cidadenoar.com\/global\/brasil\/no-dia-mundial-da-agua-fort-atacadista-apoia-primeira-etapa-do-projeto-limpeza-dos-mares-2025\/","title":{"rendered":"No Dia Mundial da \u00c1gua, Fort Atacadista apoia primeira etapa do projeto Limpeza dos Mares 2025"},"content":{"rendered":"\n<p>O Fort Atacadista, rede de atacarejo do Grupo Pereira e patrocinador mantenedor oficial do projeto <strong>Limpeza dos Mares <\/strong>h\u00e1 7 anos, apoiar\u00e1 a primeira etapa de 2025, com um mutir\u00e3o de limpeza confirmado para este s\u00e1bado, 22 de mar\u00e7o, na Praia do Campeche, em Florian\u00f3polis. A data \u00e9 v\u00e9spera do anivers\u00e1rio de Florian\u00f3polis, que no domingo completa 352 anos. A a\u00e7\u00e3o, que ser\u00e1 realizada das 9h \u00e0s 12h, tem como objetivo reunir volunt\u00e1rios para mais uma importante mobiliza\u00e7\u00e3o em prol da preserva\u00e7\u00e3o ambiental. Interessados podem se voluntariar atrav\u00e9s do link: <a href=\"https:\/\/www.limpezadosmares.com\/participe\" target=\"_blank\" rel=\"noreferrer noopener\">https:\/\/www.limpezadosmares.com\/participe<\/a>.<\/p>\n\n\n<div class=\"wp-block-image\">\n<figure class=\"aligncenter size-large is-resized\"><img fetchpriority=\"high\" decoding=\"async\" width=\"1024\" height=\"1024\" src=\"https:\/\/cidadenoar.com\/wp-content\/uploads\/sites\/22\/2025\/03\/WhatsApp-Image-2025-03-11-at-10.40.13-1024x1024.jpeg\" alt=\"\" class=\"wp-image-2165\" style=\"width:auto;height:450px\" title=\"\" srcset=\"https:\/\/cidadenoar.com\/global\/wp-content\/uploads\/sites\/22\/2025\/03\/WhatsApp-Image-2025-03-11-at-10.40.13-1024x1024.jpeg 1024w, https:\/\/cidadenoar.com\/global\/wp-content\/uploads\/sites\/22\/2025\/03\/WhatsApp-Image-2025-03-11-at-10.40.13-300x300.jpeg 300w, https:\/\/cidadenoar.com\/global\/wp-content\/uploads\/sites\/22\/2025\/03\/WhatsApp-Image-2025-03-11-at-10.40.13-150x150.jpeg 150w, https:\/\/cidadenoar.com\/global\/wp-content\/uploads\/sites\/22\/2025\/03\/WhatsApp-Image-2025-03-11-at-10.40.13-768x768.jpeg 768w, https:\/\/cidadenoar.com\/global\/wp-content\/uploads\/sites\/22\/2025\/03\/WhatsApp-Image-2025-03-11-at-10.40.13.jpeg 1080w\" sizes=\"(max-width: 1024px) 100vw, 1024px\" \/><\/figure>\n<\/div>\n\n\n<p>Com quase 190 toneladas de lixo retiradas das praias catarinenses, o Limpeza dos Mares, uma iniciativa promovida pela Associa\u00e7\u00e3o N\u00e1utica Brasileira (Acatmar) em conjunto com outras entidades, se destaca como uma das maiores iniciativas de conscientiza\u00e7\u00e3o ambiental do estado &#8211; e um <em>case<\/em> que j\u00e1 ganhou proje\u00e7\u00e3o nacional e internacional. Esta etapa, marcada para a praia do Campeche, tem um significado especial para o Fort Atacadista, que possui uma presen\u00e7a s\u00f3lida na regi\u00e3o Sul da Ilha, tendo inaugurado sua primeira loja na comunidade em 2018, o Fort Campeche, e recentemente expandiu suas opera\u00e7\u00f5es com a inaugura\u00e7\u00e3o de uma unidade no bairro vizinho, Rio Tavares.<\/p>\n\n\n\n<p>Em declara\u00e7\u00e3o, Lucas Pereira, diretor do Fort Atacadista, ressaltou a relev\u00e2ncia do projeto:<\/p>\n\n\n\n<p><em>&#8220;O Limpeza dos Mares \u00e9 um orgulho para n\u00f3s do Fort Atacadista. J\u00e1 retiramos quase 190 toneladas de lixo das praias catarinenses, e esta edi\u00e7\u00e3o, em comemora\u00e7\u00e3o aos 352 anos de Florian\u00f3polis, tem um significado ainda mais especial. Florian\u00f3polis \u00e9 uma das principais cidades do Fort Atacadista, onde desenvolvemos projetos importantes como o Carnaval, o Natal e a Camerata Florian\u00f3polis. Nossa hist\u00f3ria com o Sul da Ilha, que come\u00e7ou com a loja do Campeche e recentemente ganhou um novo cap\u00edtulo com a loja do Rio Tavares, \u00e9 muito especial. Somos gratos pela forma como a regi\u00e3o sempre nos acolheu, e apoiarmos uma iniciativa t\u00e3o bonita \u00e9 uma maneira de retribuirmos esse carinho.&#8221;<\/em><\/p>\n\n\n\n<p>A a\u00e7\u00e3o deste fim de semana \u00e9 mais uma etapa da mobiliza\u00e7\u00e3o que visa conscientizar sobre a import\u00e2ncia da preserva\u00e7\u00e3o ambiental e os impactos do lixo nas praias e mares. Al\u00e9m disso, o projeto busca envolver a comunidade local em pr\u00e1ticas sustent\u00e1veis que possam ser incorporadas ao cotidiano.<\/p>\n\n\n\n<p>Mais informa\u00e7\u00f5es sobre o projeto, hist\u00f3rico, agenda e como participar desta edi\u00e7\u00e3o est\u00e3o dispon\u00edveis no site oficial do projeto: <a href=\"http:\/\/www.limpezadosmares.com\/\" target=\"_blank\" rel=\"noreferrer noopener\">www.limpezadosmares.com<\/a>.<\/p>\n\n\n\n<p><\/p>\n","protected":false},"excerpt":{"rendered":"<p>Iniciativa ser\u00e1 realizada na Praia do Campeche neste s\u00e1bado, dia 22 de mar\u00e7o, em comemora\u00e7\u00e3o ao anivers\u00e1rio de 352 anos de Florian\u00f3polis<\/p>\n","protected":false},"author":23,"featured_media":2166,"comment_status":"open","ping_status":"open","sticky":false,"template":"","format":"standard","meta":{"footnotes":""},"categories":[11],"tags":[75,112,116,115],"class_list":["post-2164","post","type-post","status-publish","format-standard","has-post-thumbnail","hentry","category-brasil","tag-florianopolis","tag-fort-atacadista","tag-limpeza-dos-mares","tag-meio-ambiente"],"_links":{"self":[{"href":"https:\/\/cidadenoar.com\/global\/wp-json\/wp\/v2\/posts\/2164","targetHints":{"allow":["GET"]}}],"collection":[{"href":"https:\/\/cidadenoar.com\/global\/wp-json\/wp\/v2\/posts"}],"about":[{"href":"https:\/\/cidadenoar.com\/global\/wp-json\/wp\/v2\/types\/post"}],"author":[{"embeddable":true,"href":"https:\/\/cidadenoar.com\/global\/wp-json\/wp\/v2\/users\/23"}],"replies":[{"embeddable":true,"href":"https:\/\/cidadenoar.com\/global\/wp-json\/wp\/v2\/comments?post=2164"}],"version-history":[{"count":0,"href":"https:\/\/cidadenoar.com\/global\/wp-json\/wp\/v2\/posts\/2164\/revisions"}],"wp:featuredmedia":[{"embeddable":true,"href":"https:\/\/cidadenoar.com\/global\/wp-json\/wp\/v2\/media\/2166"}],"wp:attachment":[{"href":"https:\/\/cidadenoar.com\/global\/wp-json\/wp\/v2\/media?parent=2164"}],"wp:term":[{"taxonomy":"category","embeddable":true,"href":"https:\/\/cidadenoar.com\/global\/wp-json\/wp\/v2\/categories?post=2164"},{"taxonomy":"post_tag","embeddable":true,"href":"https:\/\/cidadenoar.com\/global\/wp-json\/wp\/v2\/tags?post=2164"}],"curies":[{"name":"wp","href":"https:\/\/api.w.org\/{rel}","templated":true}]}}