{"id":2170,"date":"2025-03-19T19:34:49","date_gmt":"2025-03-19T22:34:49","guid":{"rendered":"https:\/\/cidadenoar.com\/?p=2170"},"modified":"2025-07-26T18:16:22","modified_gmt":"2025-07-26T21:16:22","slug":"aci-realiza-a-entrega-do-seu-premio-anual-de-jornalismo-na-proxima-segunda-feira-24-na-alesc","status":"publish","type":"post","link":"https:\/\/cidadenoar.com\/global\/geral\/aci-realiza-a-entrega-do-seu-premio-anual-de-jornalismo-na-proxima-segunda-feira-24-na-alesc\/","title":{"rendered":"ACI realiza a entrega do seu pr\u00eamio anual de Jornalismo na pr\u00f3xima segunda-feira (24), na Alesc"},"content":{"rendered":"\n<h3 class=\"wp-block-heading\"><em>Para esta edi\u00e7\u00e3o, a Associa\u00e7\u00e3o Catarinense de Imprensa, em parceria com a OCESC, homenageia a rep\u00f3rter S\u00f4nia Bridi; R$ 92 mil em pr\u00eamios ser\u00e3o distribu\u00eddos para sete diferentes categorias<\/em><\/h3>\n\n\n\n<p>Uma das jornalistas mais reconhecidas do pa\u00eds, a catarinense S\u00f4nia Bridi, ser\u00e1 homenageada na cerim\u00f4nia de entrega do 4\u00b0 Pr\u00eamio ACI OCESC, na pr\u00f3xima segunda-feira, dia 24 de mar\u00e7o, na Assembleia Legislativa de Santa Catarina, em Florian\u00f3polis. O evento ter\u00e1 transmiss\u00e3o ao vivo pela TVAL e vai premiar os vencedores, em sete diferentes categorias, com R$ 92 mil ao todo. As inscri\u00e7\u00f5es para prestigiar a premia\u00e7\u00e3o s\u00e3o gratuitas e limitadas, atrav\u00e9s do&nbsp;<a href=\"https:\/\/www.sympla.com.br\/evento\/entrega-do-4-premio-aci-ocesc-de-jornalismo\/2840082+2\" target=\"_blank\" rel=\"noreferrer noopener\">Sympla<\/a>.<\/p>\n\n\n\n<p>Catarinense de Ca\u00e7ador, S\u00f4nia se mudou para Florian\u00f3polis aos 17 anos inicialmente para estudar Filosofia na UFSC. Depois trocou para o curso de Jornalismo na mesma universidade e iniciou sua carreira como redatora na R\u00e1dio Barriga Verde. Em 1985, ingressou na RBS TV. Em 1989, fez sua primeira mat\u00e9ria para o &#8216;Jornal Nacional&#8217;, sobre a explora\u00e7\u00e3o de crian\u00e7as carvoeiras no interior de Santa Catarina. Em 1991, passou a integrar a equipe da Rede Globo.<\/p>\n\n\n\n<p>O&nbsp;<a href=\"https:\/\/www.sympla.com.br\/evento\/entrega-do-4-premio-aci-ocesc-de-jornalismo\/2840082+2\" target=\"_blank\" rel=\"noreferrer noopener\">4\u00ba Pr\u00eamio ACI OCESC de Jornalismo<\/a>&nbsp;vai reconhecer os melhores trabalhos em sete categorias: Texto, V\u00eddeo, \u00c1udio, Fotojornalismo, Webjornalismo, Jornalismo Universit\u00e1rio e Cooperativismo. Os 21 finalistas foram anunciados em dezembro ap\u00f3s avalia\u00e7\u00e3o criteriosa realizada por uma banca de jurados de prest\u00edgio nacional. A comiss\u00e3o tem a coordena\u00e7\u00e3o de J\u00falia Pitthan, junto com os jornalistas Edgar Gon\u00e7alves, Rosemeri Laurindo e Jo\u00e3o Pedro Alves.<\/p>\n\n\n\n<p>Para participar do evento, que marca a celebra\u00e7\u00e3o da produ\u00e7\u00e3o jornal\u00edstica catarinense atrav\u00e9s da iniciativa da Associa\u00e7\u00e3o Catarinense de Imprensa, com o apoio do Sistema OCESC, basta realizar a inscri\u00e7\u00e3o gratuita atrav\u00e9s da p\u00e1gina da premia\u00e7\u00e3o no Sympla:&nbsp;<a href=\"https:\/\/www.sympla.com.br\/evento\/entrega-do-4-premio-aci-ocesc-de-jornalismo\/2840082+2\" target=\"_blank\" rel=\"noreferrer noopener\">Link<\/a><\/p>\n\n\n<div class=\"wp-block-image\">\n<figure class=\"aligncenter size-full is-resized\"><img fetchpriority=\"high\" decoding=\"async\" width=\"800\" height=\"1000\" src=\"https:\/\/cidadenoar.com\/wp-content\/uploads\/sites\/22\/2025\/03\/unnamed-16.jpg\" alt=\"\" class=\"wp-image-2171\" style=\"width:auto;height:450px\" title=\"\" srcset=\"https:\/\/cidadenoar.com\/global\/wp-content\/uploads\/sites\/22\/2025\/03\/unnamed-16.jpg 800w, https:\/\/cidadenoar.com\/global\/wp-content\/uploads\/sites\/22\/2025\/03\/unnamed-16-240x300.jpg 240w, https:\/\/cidadenoar.com\/global\/wp-content\/uploads\/sites\/22\/2025\/03\/unnamed-16-768x960.jpg 768w\" sizes=\"(max-width: 800px) 100vw, 800px\" \/><\/figure>\n<\/div>\n\n\n<p><strong>Conhe\u00e7a, abaixo, os finalistas (em ordem alfab\u00e9tica)<\/strong><\/p>\n\n\n\n<p><strong>FINALISTAS 4\u00ba PR\u00caMIO ACI OCESC<\/strong><\/p>\n\n\n\n<p><strong>Categoria \u00c1UDIO<\/strong><\/p>\n\n\n\n<p>Juciele Marta Baldissarelli<\/p>\n\n\n\n<p>\u201cCom a palavra, aquelas que fazem a economia acontecer\u201d<\/p>\n\n\n\n<p>R\u00e1dio Ca\u00e7anjur\u00ea \u2013 RBV R\u00e1dios<\/p>\n\n\n\n<p>Marcos Meller<\/p>\n\n\n\n<p>\u201cBora ajudar: projetos que pulam os muros da academia\u201d<\/p>\n\n\n\n<p>R\u00e1dio Peperi<\/p>\n\n\n\n<p>Stefani Ceolla e Caroline Passos &nbsp; &nbsp;<\/p>\n\n\n\n<p>\u201cLiteratura Submersa\u201d &nbsp; &nbsp; &nbsp; &nbsp; &nbsp;<\/p>\n\n\n\n<p>Posf\u00e1cio Podcast<\/p>\n\n\n\n<p><strong>Categoria COOPERATIVISMO<\/strong><\/p>\n\n\n\n<p>Edy Serpa, Rodrigo Nen\u00ea, Marcelo Feble e Luan Vosnhak<\/p>\n\n\n\n<p>\u201cAgro Sa\u00fade e Coopera\u00e7\u00e3o \u2013 Safra de Arroz 2024\u201d<\/p>\n\n\n\n<p>NDTV FLORIAN\u00d3POLIS<\/p>\n\n\n\n<p>Marcos Meller<\/p>\n\n\n\n<p>\u201cMais de 4 milh\u00f5es em coopera\u00e7\u00e3o: as hist\u00f3rias que os n\u00fameros n\u00e3o mostram\u201d<\/p>\n\n\n\n<p>R\u00e1dio Peperi<\/p>\n\n\n\n<p>Thais Lentz, Vitor Miranda, &nbsp;Rodrigo Nen\u00ea Pereira e Edy Wilson Serpa<\/p>\n\n\n\n<p>\u201cAgro Sa\u00fade e Coopera\u00e7\u00e3o \u2013 Cooperativismo de Consumo\u201d &nbsp; &nbsp; &nbsp; &nbsp;<\/p>\n\n\n\n<p>NDTV Record Florian\u00f3polis<\/p>\n\n\n\n<p><strong>Categoria FOTOJORNALISMO<\/strong><\/p>\n\n\n\n<p>Patrick Pereira Rodrigues &nbsp; &nbsp;<\/p>\n\n\n\n<p>\u201cMuito gado\u201d &nbsp;<\/p>\n\n\n\n<p>Jornal de Santa Catarina<\/p>\n\n\n\n<p>Ricardo Wolffenbuttel<\/p>\n\n\n\n<p>\u201cResgate da Alegria\u201d<\/p>\n\n\n\n<p>Secretaria de Estado da Comunica\u00e7\u00e3o de SC<\/p>\n\n\n\n<p>Tiago Ghizoni<\/p>\n\n\n\n<p>\u201cGrandes Turistas \u2013 Avistamento de Baleias em Florian\u00f3polis\u201d<\/p>\n\n\n\n<p>NSC Total<\/p>\n\n\n\n<p><strong>Categoria JORNALISMO UNIVERSIT\u00c1RIO<\/strong><\/p>\n\n\n\n<p>Gabriele de Oliveira da Silva<\/p>\n\n\n\n<p>\u201cPelo fim do direito de matar: Viol\u00eancia e letalidade policial em Florian\u00f3polis\u201d &nbsp; &nbsp; &nbsp;UFSC<\/p>\n\n\n\n<p>Lara Donnola Rodrigues &nbsp; &nbsp; &nbsp;<\/p>\n\n\n\n<p>\u201cFala Delas: um podcast sobre viol\u00eancia de g\u00eanero\u201d &nbsp; &nbsp; &nbsp; &nbsp; &nbsp;<\/p>\n\n\n\n<p>IELUSC<\/p>\n\n\n\n<p>William Canan da Costa &nbsp; &nbsp; &nbsp;<\/p>\n\n\n\n<p>\u201cEntre Vias: Um programa de TV sobre ruas\u201d &nbsp; &nbsp; &nbsp; &nbsp;<\/p>\n\n\n\n<p>UFSC<\/p>\n\n\n\n<p><strong>Categoria WEBJORNALISMO<\/strong><\/p>\n\n\n\n<p>Ana Schoeller e Diorgenes Pandini<\/p>\n\n\n\n<p>\u201cEncarcerados de si mesmos: a luta psiqui\u00e1trica pela recupera\u00e7\u00e3o no Hospital de Cust\u00f3dia de Florian\u00f3polis\u201d<\/p>\n\n\n\n<p>Upiara.net<\/p>\n\n\n\n<p>Bianca Bertoli, Patrick Rodrigues, Ciliane Pereira, Ben Ami Scopinho, Augusto Ittner e Hudson Souza<\/p>\n\n\n\n<p>\u201cE n\u00f3s com isso?: como mudan\u00e7as clim\u00e1ticas impactam a vida dos catarinenses\u201d &nbsp; &nbsp; &nbsp; &nbsp;<\/p>\n\n\n\n<p>NSC Total<\/p>\n\n\n\n<p>Mariana Barcellos, Kassia Salles, Andrea Luz, Lucas Amorelli, Ben Ami Scopinho e Ciliane Gularte<\/p>\n\n\n\n<p>\u201cFurac\u00e3o Catarina: 20 anos depois\u201d<\/p>\n\n\n\n<p>NSC Total<\/p>\n\n\n\n<p><strong>Categoria TEXTO<\/strong><\/p>\n\n\n\n<p>Gabriela Ferrarez Figueiredo, Lucas Fantinatti de Lima, Leonardo Munhoz e<\/p>\n\n\n\n<p>Gil Jesus<\/p>\n\n\n\n<p>\u201cDe Balne\u00e1rio Cambori\u00fa a Bigua\u00e7u: interna\u00e7\u00f5es \u00e0 for\u00e7a limpam as ruas \u2018\u00e0 sombra dos arranha-c\u00e9us\u2019\u201d<\/p>\n\n\n\n<p>ND Mais<\/p>\n\n\n\n<p>Luiz Gustavo dos Anjos Gallas &nbsp; &nbsp; &nbsp; &nbsp;<\/p>\n\n\n\n<p>Somos Seneg\u00e3o: uma hist\u00f3ria de futebol e antirracismo em Joinville &nbsp; &nbsp; &nbsp;<\/p>\n\n\n\n<p>Revista Francisca<\/p>\n\n\n\n<p>Talita Catie, Augusto Ittner, Ciliane Pereira,Patrick Rodrigues e Lucas Amorelli<\/p>\n\n\n\n<p>Posso ser eu?<\/p>\n\n\n\n<p>Jornal de Santa Catarina<\/p>\n\n\n\n<p><strong>Categoria V\u00cdDEO<\/strong><\/p>\n\n\n\n<p>Edy Serpa, Tatiana Corr\u00eaa, Rodrigo Nen\u00ea, Vitor Miranda, Marin\u00eas Barboza<br>\u201cAgro, Sa\u00fade e Coopera\u00e7\u00e3o \u2013 Empreendedorismo Rural\u201d &nbsp;<br>NDTV Florian\u00f3polis<\/p>\n\n\n\n<p>Jean Raupp, Mateus Castro, Renato Soder, J\u00falio Quadrado, Lucca Fucci, Guilherme Henrique, Maur\u00edcio Veloso, M\u00e1rio C\u00e9sar Gomes, Elaine Simiano<br>\u201cMentes Empreendedoras\u201d<br>Globo<\/p>\n\n\n\n<p>Jos\u00e9 Carlos Carmo Filho, Ricardo Von Dorff, Guilherme Henrique, Luiz Cl\u00e1udio Quiosque, Sandro Queiroz, Marrey J\u00fanior, Val\u00e9rio Dantas, Everton Altafim, J\u00falia Salam\u00e9, Larissa Freitas, Katia Shigeno<br>\u201cProdu\u00e7\u00e3o de Marrecos em Santa Catarina\u201d<br>TV Globo \u2013 Globo Rural<\/p>\n","protected":false},"excerpt":{"rendered":"<p>Para esta edi\u00e7\u00e3o, a Associa\u00e7\u00e3o Catarinense de Imprensa, em parceria com a OCESC, homenageia a rep\u00f3rter S\u00f4nia Bridi; R$ 92 mil em pr\u00eamios ser\u00e3o distribu\u00eddos para sete diferentes categorias<\/p>\n","protected":false},"author":23,"featured_media":2173,"comment_status":"open","ping_status":"open","sticky":false,"template":"","format":"standard","meta":{"footnotes":""},"categories":[1],"tags":[],"class_list":["post-2170","post","type-post","status-publish","format-standard","has-post-thumbnail","hentry","category-geral"],"_links":{"self":[{"href":"https:\/\/cidadenoar.com\/global\/wp-json\/wp\/v2\/posts\/2170","targetHints":{"allow":["GET"]}}],"collection":[{"href":"https:\/\/cidadenoar.com\/global\/wp-json\/wp\/v2\/posts"}],"about":[{"href":"https:\/\/cidadenoar.com\/global\/wp-json\/wp\/v2\/types\/post"}],"author":[{"embeddable":true,"href":"https:\/\/cidadenoar.com\/global\/wp-json\/wp\/v2\/users\/23"}],"replies":[{"embeddable":true,"href":"https:\/\/cidadenoar.com\/global\/wp-json\/wp\/v2\/comments?post=2170"}],"version-history":[{"count":0,"href":"https:\/\/cidadenoar.com\/global\/wp-json\/wp\/v2\/posts\/2170\/revisions"}],"wp:featuredmedia":[{"embeddable":true,"href":"https:\/\/cidadenoar.com\/global\/wp-json\/wp\/v2\/media\/2173"}],"wp:attachment":[{"href":"https:\/\/cidadenoar.com\/global\/wp-json\/wp\/v2\/media?parent=2170"}],"wp:term":[{"taxonomy":"category","embeddable":true,"href":"https:\/\/cidadenoar.com\/global\/wp-json\/wp\/v2\/categories?post=2170"},{"taxonomy":"post_tag","embeddable":true,"href":"https:\/\/cidadenoar.com\/global\/wp-json\/wp\/v2\/tags?post=2170"}],"curies":[{"name":"wp","href":"https:\/\/api.w.org\/{rel}","templated":true}]}}