{"id":2197,"date":"2025-03-21T20:56:00","date_gmt":"2025-03-21T23:56:00","guid":{"rendered":"https:\/\/cidadenoar.com\/?p=2197"},"modified":"2025-07-26T17:42:52","modified_gmt":"2025-07-26T20:42:52","slug":"fort-atacadista-enaltece-a-cultura-manezinha-no-aniversario-de-florianopolis","status":"publish","type":"post","link":"https:\/\/cidadenoar.com\/global\/cultura-lazer\/fort-atacadista-enaltece-a-cultura-manezinha-no-aniversario-de-florianopolis\/","title":{"rendered":"Fort Atacadista enaltece a cultura manezinha no anivers\u00e1rio de Florian\u00f3polis"},"content":{"rendered":"\n<p>Neste domingo, 23 de mar\u00e7o, Florian\u00f3polis comemora 352 anos e o Fort Atacadista preparou uma programa\u00e7\u00e3o especial para celebrar esse dia: o Projeto Cultura Man\u00e9, com uma s\u00e9rie de atra\u00e7\u00f5es gratuitas para toda a fam\u00edlia, ser\u00e1 realizado na Igreja de Pedra do bairro Rio Tavares, ao lado da nova unidade do Fort, das 14h \u00e0s 19 horas, destacando a hist\u00f3ria e cultura da capital catarinense.&nbsp;<\/p>\n\n\n\n<p>O evento \u00e9 patrocinado pela rede, fortalecendo e mantendo vivos os costumes da Ilha que marcaram a identidade local. Assim como a comunidade e suas tradi\u00e7\u00f5es acolheram o Grupo Pereira, agora a parceria se fortalece ainda mais, refletindo um compromisso m\u00fatuo.<\/p>\n\n\n\n<figure class=\"wp-block-image size-large\"><img fetchpriority=\"high\" decoding=\"async\" width=\"1024\" height=\"662\" src=\"https:\/\/cidadenoar.com\/wp-content\/uploads\/sites\/22\/2025\/03\/Cultura-Mane-_-1-1024x662.jpeg\" alt=\"\" class=\"wp-image-2198\" title=\"\" srcset=\"https:\/\/cidadenoar.com\/global\/wp-content\/uploads\/sites\/22\/2025\/03\/Cultura-Mane-_-1-1024x662.jpeg 1024w, https:\/\/cidadenoar.com\/global\/wp-content\/uploads\/sites\/22\/2025\/03\/Cultura-Mane-_-1-300x194.jpeg 300w, https:\/\/cidadenoar.com\/global\/wp-content\/uploads\/sites\/22\/2025\/03\/Cultura-Mane-_-1-768x497.jpeg 768w, https:\/\/cidadenoar.com\/global\/wp-content\/uploads\/sites\/22\/2025\/03\/Cultura-Mane-_-1.jpeg 1079w\" sizes=\"(max-width: 1024px) 100vw, 1024px\" \/><figcaption class=\"wp-element-caption\">Evento gratuito no Rio Tavares ter\u00e1 atividades para toda a fam\u00edlia no anivers\u00e1rio de Florian\u00f3polis \u2013 Foto: Divulga\u00e7\u00e3o<\/figcaption><\/figure>\n\n\n\n<p>Lucas Pereira Santiago, diretor do Fort Atacadista, comenta sobre esse compromisso: &#8220;Nosso v\u00ednculo com Florian\u00f3polis vai al\u00e9m dos neg\u00f3cios. A cidade \u00e9 parte da nossa hist\u00f3ria, e apoiar a cultura local e suas tradi\u00e7\u00f5es \u00e9 uma forma de retribuirmos tudo o que a regi\u00e3o nos deu. Estamos orgulhosos de fazer parte dessa comemora\u00e7\u00e3o e do projeto Cultura Man\u00e9, que ajuda a manter viva a ess\u00eancia da Ilha.\u201d<\/p>\n\n\n\n<p>O dia ser\u00e1 repleto de atividades para todas as idades, come\u00e7ando \u00e0s 14h com aula de renda e pesca, al\u00e9m de recrea\u00e7\u00e3o esportiva e brinquedos infl\u00e1veis. \u00c0s 15h, a divers\u00e3o continua com pintura corporal, caricaturas, recrea\u00e7\u00e3o infantil e uma oficina de artesanato. \u00c0s 16h, a programa\u00e7\u00e3o do Cultura Man\u00e9 contar\u00e1 com uma aula de yoga infantil e conta\u00e7\u00e3o de hist\u00f3ria. \u00c0s 17h, \u00e9 hora de se divertir com o tradicional boi de mam\u00e3o, e, para encerrar o dia com chave de ouro, um show imperd\u00edvel \u00e0s 18h.<\/p>\n\n\n\n<p><strong>Servi\u00e7o:<\/strong>&nbsp;Local; Igreja de Pedra, na geral do Rio Tavares, endere\u00e7o: Doutor Ant\u00f4nio Luiz Moura Gonzaga, 1525.<\/p>\n\n\n\n<p>Evento 100% gratuito.<\/p>\n\n\n<div class=\"wp-block-image\">\n<figure class=\"aligncenter size-large is-resized\"><img decoding=\"async\" width=\"822\" height=\"1024\" src=\"https:\/\/cidadenoar.com\/wp-content\/uploads\/sites\/22\/2025\/03\/Projeto-Cultura-Mane-822x1024.jpeg\" alt=\"\" class=\"wp-image-2200\" style=\"width:auto;height:350px\" title=\"\" srcset=\"https:\/\/cidadenoar.com\/global\/wp-content\/uploads\/sites\/22\/2025\/03\/Projeto-Cultura-Mane-822x1024.jpeg 822w, https:\/\/cidadenoar.com\/global\/wp-content\/uploads\/sites\/22\/2025\/03\/Projeto-Cultura-Mane-241x300.jpeg 241w, https:\/\/cidadenoar.com\/global\/wp-content\/uploads\/sites\/22\/2025\/03\/Projeto-Cultura-Mane-768x956.jpeg 768w, https:\/\/cidadenoar.com\/global\/wp-content\/uploads\/sites\/22\/2025\/03\/Projeto-Cultura-Mane-1233x1536.jpeg 1233w, https:\/\/cidadenoar.com\/global\/wp-content\/uploads\/sites\/22\/2025\/03\/Projeto-Cultura-Mane.jpeg 1284w\" sizes=\"(max-width: 822px) 100vw, 822px\" \/><\/figure>\n<\/div>\n\n\n<p><\/p>\n","protected":false},"excerpt":{"rendered":"<p>Projeto Cultura Man\u00e9, patrocinado pela rede atacadista, ser\u00e1 neste domingo, dia 23 de mar\u00e7o<\/p>\n","protected":false},"author":23,"featured_media":2199,"comment_status":"open","ping_status":"open","sticky":false,"template":"","format":"standard","meta":{"footnotes":""},"categories":[360],"tags":[117,27,75],"class_list":["post-2197","post","type-post","status-publish","format-standard","has-post-thumbnail","hentry","category-cultura-lazer","tag-cultura","tag-diversao","tag-florianopolis"],"_links":{"self":[{"href":"https:\/\/cidadenoar.com\/global\/wp-json\/wp\/v2\/posts\/2197","targetHints":{"allow":["GET"]}}],"collection":[{"href":"https:\/\/cidadenoar.com\/global\/wp-json\/wp\/v2\/posts"}],"about":[{"href":"https:\/\/cidadenoar.com\/global\/wp-json\/wp\/v2\/types\/post"}],"author":[{"embeddable":true,"href":"https:\/\/cidadenoar.com\/global\/wp-json\/wp\/v2\/users\/23"}],"replies":[{"embeddable":true,"href":"https:\/\/cidadenoar.com\/global\/wp-json\/wp\/v2\/comments?post=2197"}],"version-history":[{"count":0,"href":"https:\/\/cidadenoar.com\/global\/wp-json\/wp\/v2\/posts\/2197\/revisions"}],"wp:featuredmedia":[{"embeddable":true,"href":"https:\/\/cidadenoar.com\/global\/wp-json\/wp\/v2\/media\/2199"}],"wp:attachment":[{"href":"https:\/\/cidadenoar.com\/global\/wp-json\/wp\/v2\/media?parent=2197"}],"wp:term":[{"taxonomy":"category","embeddable":true,"href":"https:\/\/cidadenoar.com\/global\/wp-json\/wp\/v2\/categories?post=2197"},{"taxonomy":"post_tag","embeddable":true,"href":"https:\/\/cidadenoar.com\/global\/wp-json\/wp\/v2\/tags?post=2197"}],"curies":[{"name":"wp","href":"https:\/\/api.w.org\/{rel}","templated":true}]}}