{"id":2233,"date":"2025-03-30T08:00:00","date_gmt":"2025-03-30T11:00:00","guid":{"rendered":"https:\/\/cidadenoar.com\/?p=2233"},"modified":"2025-07-26T17:56:57","modified_gmt":"2025-07-26T20:56:57","slug":"bella-hub-conquista-mercado-internacional-com-evento-inedito-no-uruguai","status":"publish","type":"post","link":"https:\/\/cidadenoar.com\/global\/cultura-lazer\/bella-hub-conquista-mercado-internacional-com-evento-inedito-no-uruguai\/","title":{"rendered":"Bella Hub conquista mercado internacional com evento in\u00e9dito no Uruguai"},"content":{"rendered":"\n<h4 class=\"wp-block-heading\"><em>O Bella Fashion Tour, organizado pela Bella Hub de Talentos, realiza edi\u00e7\u00e3o in\u00e9dita em Rivera, no Uruguai, na fronteira com Santana do Livramento (RS); inscri\u00e7\u00f5es limitadas est\u00e3o abertas para jovens artistas de cidades ga\u00fachas vizinhas \u00e0 regi\u00e3o fronteiri\u00e7a<\/em><\/h4>\n\n\n\n<p>A\u00a0<a href=\"https:\/\/oficialbellahub.com.br\/\" target=\"_blank\" rel=\"noreferrer noopener\">Bella Hub<\/a>, pioneira no Brasil como hub de talentos conectando jovens ao mercado da moda e do entretenimento, com sede no Rio Grande do Sul e atua\u00e7\u00e3o em diversos estados nacionais, passa por mais um momento disruptivo em sua trajet\u00f3ria com a confirma\u00e7\u00e3o de um importante marco para a empresa. Prestes a completar 18 anos no mercado, com\u00a0<strong>mais de 17 mil talentos revelados<\/strong>\u00a0e uma s\u00e9rie de eventos inovadores para o segmento, a empresa realiza, pela primeira vez, uma edi\u00e7\u00e3o internacional.\u00a0<\/p>\n\n\n\n<p>O Bella Fashion Tour &#8211; que no \u00faltimo m\u00eas teve uma&nbsp;<a href=\"https:\/\/www.terra.com.br\/noticias\/bella-fashion-tour-brasil-realiza-edicao-piloto-em-bh,585493e4eb6cf48ce26fb332acf90f70onlnhnk5.html\" target=\"_blank\" rel=\"noreferrer noopener\">edi\u00e7\u00e3o de sucesso em Belo Horizonte<\/a>&nbsp;(MG), chega \u00e0 cidade de Rivera, no Uruguai, que faz fronteira com a cidade ga\u00facha de Santana do Livramento, no pr\u00f3ximo m\u00eas de junho, com a promessa de ser um marco n\u00e3o apenas para a Bella Hub, mas para o setor de moda e entretenimento da regi\u00e3o conhecida como \u201cFronteira da Paz\u201d. A data ser\u00e1 anunciada em breve.<\/p>\n\n\n\n<p>O evento, que ocorrer\u00e1 parte no imponente Hotel Casino &amp; Resort e no Teatro Municipal de Rivera, faz parte da programa\u00e7\u00e3o do Bella Fashion Tour, um formato itinerante lan\u00e7ado em 2025 com um car\u00e1ter mais intimista em compara\u00e7\u00e3o \u00e0 sua tradicional vers\u00e3o, que j\u00e1 reuniu centenas de jovens talentos no Brasil. Na edi\u00e7\u00e3o realizada em Belo Horizonte em fevereiro, um sucesso retumbante: mais de 150 talentos selecionados criteriosamente pelo time Bella Hub e diversos contratos assinados por ag\u00eancias participantes. Antes do evento internacional em junho, o Bella Fashion Tour tamb\u00e9m chega \u00e0 capital do Mato Grosso, Cuiab\u00e1, j\u00e1 no m\u00eas de abril.<\/p>\n\n\n<div class=\"wp-block-image\">\n<figure class=\"aligncenter size-large is-resized\"><img decoding=\"async\" src=\"https:\/\/visornoticias.com.br\/wp-content\/uploads\/2025\/03\/Hub-de-talentos-com-foco-na-capacitacao-e-apresentacao-de-jovens-para-o-mercado-da-moda-e-do-entretenimento-promove-primeira-edicao-internacional-713x1024.jpeg\" alt=\"\" class=\"wp-image-239204\" style=\"width:auto;height:450px\" title=\"\"><figcaption class=\"wp-element-caption\">Hub de talentos com foco na capacita\u00e7\u00e3o e apresenta\u00e7\u00e3o de jovens para o mercado da moda e do entretenimento promove primeira edi\u00e7\u00e3o internacional &#8211; Foto: Divulga\u00e7\u00e3o \/ Bella Hub<\/figcaption><\/figure>\n<\/div>\n\n\n<p><strong>Nova fase, atravessando fronteiras<\/strong><\/p>\n\n\n\n<p>Agora, o evento atravessa fronteiras, com a realiza\u00e7\u00e3o em Rivera, uma cidade estrat\u00e9gica na fronteira entre Brasil e Uruguai, oferecendo aos jovens talentos da regi\u00e3o uma plataforma de visibilidade nacional e internacional. A Bella Hub, que sempre inovou com seus eventos grandiosos e \u201cfora da caixa\u201d \u2013 como o primeiro desfile de moda no formato&nbsp;<em>drive-in<\/em>&nbsp;realizado durante a pandemia \u2013, promete mais uma edi\u00e7\u00e3o repleta de inova\u00e7\u00e3o e atra\u00e7\u00f5es exclusivas, reunindo profissionais renomados do mercado, entre eles o diretor da ag\u00eancia 40 Graus, S\u00e9rgio Mattos, respons\u00e1vel por revelar nomes de peso da ind\u00fastria como Gisele B\u00fcndchen e Cau\u00e3 Reymond &#8211; s\u00f3 para citar alguns. Al\u00e9m, \u00e9 claro, de convidados especiais, como influenciadores e imprensa, e um grande time de profissionais que integram o time de capacita\u00e7\u00e3o da Bella Hub.<\/p>\n\n\n\n<p>Para o empres\u00e1rio ga\u00facho, mentor de carreiras e&nbsp;<a href=\"https:\/\/www.amazon.com.br\/Permitido-Sonhar-Dartagnan-Sant-Anna\/dp\/6585518535\" target=\"_blank\" rel=\"noreferrer noopener\">escritor<\/a>&nbsp;Dartagnan Sant Anna, fundador da Bella Hub de Talentos, esse \u00e9 apenas o in\u00edcio de um projeto ainda maior. \u201cNossa miss\u00e3o sempre foi conectar talentos ao mercado e, agora, com a internacionaliza\u00e7\u00e3o do nosso evento e da marca Bella Hub, estamos dando um passo importante para colocar nossos talentos no cen\u00e1rio global. O Bella Fashion Tour \u00e9 a nossa maneira de apresentar o Brasil e a Am\u00e9rica Latina para o mundo da moda e do entretenimento, e essa expans\u00e3o para Rivera \u00e9 um marco muito importante para a nossa trajet\u00f3ria, que nos orgulhamos de sempre ter sido marcada pela inova\u00e7\u00e3o e pelas entregas impactantes em todas as regi\u00f5es que j\u00e1 passamos\u201d, comenta.<\/p>\n\n\n\n<figure class=\"wp-block-image size-large\"><img decoding=\"async\" src=\"https:\/\/visornoticias.com.br\/wp-content\/uploads\/2025\/03\/Bella-Hub-conquista-mercado-internacional-com-evento-inedito-no-Uruguai-3-1024x683.jpeg\" alt=\"\" class=\"wp-image-239205\" title=\"\"><figcaption class=\"wp-element-caption\">O empres\u00e1rio ga\u00facho Dartganan Sant Anna, fundador da Bella Hub de Talentos e autor do livro &#8216;\u00c9 Permitido Sonhar&#8217; &#8211; Foto: Divulga\u00e7\u00e3o \/ Bella Hub<\/figcaption><\/figure>\n\n\n\n<p><strong>Bella Hub Academy<\/strong><\/p>\n\n\n\n<p>O diferencial da Bella Hub n\u00e3o est\u00e1 apenas na organiza\u00e7\u00e3o de grandes eventos, mas tamb\u00e9m no cuidado com o desenvolvimento dos talentos. A&nbsp;<a href=\"https:\/\/oficialbellahub.com.br\/#bhacademy\" target=\"_blank\" rel=\"noreferrer noopener\">Bella Hub Academy<\/a>, com certifica\u00e7\u00e3o reconhecida pelo MEC, \u00e9 uma plataforma de capacita\u00e7\u00e3o do hub que tem sido um marco na capacita\u00e7\u00e3o de jovens para o mercado da moda e do entretenimento. Atrav\u00e9s de aulas de moda e passarela, dan\u00e7a e express\u00e3o corporal, gest\u00e3o emocional e redes sociais, entre outras \u00e1reas importantes para a desenvoltura e a criatividade, ministradas por profissionais de renome, a Bella Hub oferece aos seus alunos uma forma\u00e7\u00e3o alinhada com as demandas do mercado global &#8211; com uma metodologia inspirada em institui\u00e7\u00f5es como Oxford e Harvard.<\/p>\n\n\n\n<p>A primeira edi\u00e7\u00e3o internacional do Bella Fashion Tour tamb\u00e9m abre portas para o desenvolvimento de novos profissionais da moda e do entretenimento em uma escala global. \u201cSer\u00e1 uma oportunidade \u00fanica para esses jovens talentos, principalmente dos 7 aos 17 anos, estarem frente a frente com grandes&nbsp;<em>players&nbsp;<\/em>de ag\u00eancias consolidadas no mercado. Outro diferencial, que nos confere credibilidade, zelo pelos jovens selecionados e transpar\u00eancia, \u00e9 trazer os pais para fazerem parte do evento conosco, assim toda a fam\u00edlia acaba extraindo importantes li\u00e7\u00f5es que servir\u00e3o para o futuro da carreira vitoriosa de seus filhos\u201d, destaca Dartagnan.<\/p>\n\n\n\n<p>O pr\u00f3prio CEO da Bella Hub ministra para os talentos, junto com seus pais, uma aula de direcionamento de carreira e um treinamento com base em tr\u00eas (foco, disciplina e const\u00e2ncia), desenvolvido e patenteado por Dartagnan Sant Anna.<\/p>\n\n\n\n<figure class=\"wp-block-image size-large\"><img decoding=\"async\" src=\"https:\/\/visornoticias.com.br\/wp-content\/uploads\/2025\/03\/Bella-Hub-conquista-mercado-internacional-com-evento-inedito-no-Uruguai-2-1024x683.jpeg\" alt=\"\" class=\"wp-image-239206\" title=\"\"><figcaption class=\"wp-element-caption\">O surfista e influenciador Pedro Scooby participou do Bella Experience, evento realizado pela Bella Hub de Talentos na Grande Florian\u00f3polis, em 2014 &#8211; Foto: Divulga\u00e7\u00e3o \/ Bella Hub <\/figcaption><\/figure>\n\n\n\n<p><strong>Antes do Uruguai, evento chega a Mato Grosso<\/strong><\/p>\n\n\n\n<p>Com as inscri\u00e7\u00f5es j\u00e1 esgotadas e grande expectativa do p\u00fablico Mato-Grossense, o Bella Fashion Tour tem uma parada estrat\u00e9gica em outra capital brasileira antes da sua edi\u00e7\u00e3o internacional: nos dias 26 e 27 de abril, a Bella Hub desembarca em Cuiab\u00e1. \u00c9 a primeira vez que o p\u00fablico do Mato Grosso poder\u00e1 apresentar seus jovens talentos, nas mais diversas vertentes art\u00edsticas, para um seleto e exigente grupo de diretores e agentes de importantes ag\u00eancias nacionais.<\/p>\n\n\n\n<p>\u201cAssim como foi em fevereiro em Belo Horizonte, com inscri\u00e7\u00f5es encerradas em um curto per\u00edodo, em Cuiab\u00e1 tamb\u00e9m j\u00e1 estamos com o grupo de talentos devidamente formado e j\u00e1 sendo capacitado para a grande apresenta\u00e7\u00e3o que ocorrer\u00e1 no final de abril. \u00c9 muito satisfat\u00f3rio para n\u00f3s, que formatamos um Hub totalmente diferente do que h\u00e1 no mercado, entregado uma s\u00e9rie de solu\u00e7\u00f5es para os talentos e tamb\u00e9m para seus pais, ver os resultados a cada nova edi\u00e7\u00e3o que realizamos\u201d, completa Dartagnan.<\/p>\n\n\n\n<p>O empres\u00e1rio refor\u00e7a que a Bella Hub de Talentos n\u00e3o \u00e9 uma produtora e nem ag\u00eancia de modelos, e sim um Hub completo &#8211; e \u00fanico &#8211; que conecta os talentos a grandes oportunidades no mundo da moda e do entretenimento atrav\u00e9s de parcerias consolidadas com agentes que s\u00e3o refer\u00eancia nestes mercados.<\/p>\n\n\n\n<p><strong>Sele\u00e7\u00e3o dos talentos&nbsp;<\/strong><\/p>\n\n\n\n<p>A equipe da Bella Hub j\u00e1 est\u00e1 em Santana do Livramento, cidade ga\u00facha na fronteira com o Uruguai, bem como em outras cidades do RS como Dom Pedrito, Quara\u00ed e Ros\u00e1rio do Sul, para selecionar novos talentos que far\u00e3o parte dessa edi\u00e7\u00e3o internacional em Rivera. A sele\u00e7\u00e3o, que ocorre no cora\u00e7\u00e3o de uma regi\u00e3o estrat\u00e9gica, refor\u00e7a o&nbsp;<strong>compromisso da Bella Hub em democratizar as oportunidades, alcan\u00e7ando jovens que muitas vezes n\u00e3o t\u00eam acesso \u00e0s realiza\u00e7\u00f5es concentradas nas grandes capitais<\/strong>.<\/p>\n\n\n\n<p>Jovens talentos interessados em participar do processo seletivo em Santana do Livramento podem se inscrever atrav\u00e9s do site oficial do hub (<a href=\"https:\/\/oficialbellahub.com.br\/\" target=\"_blank\" rel=\"noreferrer noopener\">oficialbellahub.com.br<\/a>). Lembrando que as vagas s\u00e3o limitadas e cada talento passa por um criterioso processo de sele\u00e7\u00e3o. Para mais informa\u00e7\u00f5es acesse o perfil do Instagram&nbsp;<a href=\"https:\/\/www.instagram.com\/bellafashiontour.brasil\/\" target=\"_blank\" rel=\"noreferrer noopener\">@bellafashiontour.brasil<\/a>&nbsp;e tamb\u00e9m o oficial do Hub:&nbsp;<a href=\"https:\/\/instagram.com\/bellahubdetalentos\" target=\"_blank\" rel=\"noreferrer noopener\">@bellahubdetalentos<\/a>.<\/p>\n","protected":false},"excerpt":{"rendered":"<p>O Bella Fashion Tour, organizado pela Bella Hub de Talentos, realiza edi\u00e7\u00e3o in\u00e9dita em Rivera, no Uruguai, na fronteira com Santana do Livramento (RS); inscri\u00e7\u00f5es limitadas est\u00e3o abertas para jovens artistas de cidades ga\u00fachas vizinhas \u00e0 regi\u00e3o fronteiri\u00e7a<\/p>\n","protected":false},"author":23,"featured_media":2234,"comment_status":"open","ping_status":"open","sticky":false,"template":"","format":"standard","meta":{"footnotes":""},"categories":[360],"tags":[],"class_list":["post-2233","post","type-post","status-publish","format-standard","has-post-thumbnail","hentry","category-cultura-lazer"],"_links":{"self":[{"href":"https:\/\/cidadenoar.com\/global\/wp-json\/wp\/v2\/posts\/2233","targetHints":{"allow":["GET"]}}],"collection":[{"href":"https:\/\/cidadenoar.com\/global\/wp-json\/wp\/v2\/posts"}],"about":[{"href":"https:\/\/cidadenoar.com\/global\/wp-json\/wp\/v2\/types\/post"}],"author":[{"embeddable":true,"href":"https:\/\/cidadenoar.com\/global\/wp-json\/wp\/v2\/users\/23"}],"replies":[{"embeddable":true,"href":"https:\/\/cidadenoar.com\/global\/wp-json\/wp\/v2\/comments?post=2233"}],"version-history":[{"count":0,"href":"https:\/\/cidadenoar.com\/global\/wp-json\/wp\/v2\/posts\/2233\/revisions"}],"wp:featuredmedia":[{"embeddable":true,"href":"https:\/\/cidadenoar.com\/global\/wp-json\/wp\/v2\/media\/2234"}],"wp:attachment":[{"href":"https:\/\/cidadenoar.com\/global\/wp-json\/wp\/v2\/media?parent=2233"}],"wp:term":[{"taxonomy":"category","embeddable":true,"href":"https:\/\/cidadenoar.com\/global\/wp-json\/wp\/v2\/categories?post=2233"},{"taxonomy":"post_tag","embeddable":true,"href":"https:\/\/cidadenoar.com\/global\/wp-json\/wp\/v2\/tags?post=2233"}],"curies":[{"name":"wp","href":"https:\/\/api.w.org\/{rel}","templated":true}]}}