{"id":2310,"date":"2025-04-08T20:48:41","date_gmt":"2025-04-08T23:48:41","guid":{"rendered":"https:\/\/cidadenoar.com\/?p=2310"},"modified":"2025-07-26T17:42:49","modified_gmt":"2025-07-26T20:42:49","slug":"juliano-zanotelli-abre-exposicao-de-artes-inedita-depois-de-11-anos-em-florianopolis","status":"publish","type":"post","link":"https:\/\/cidadenoar.com\/global\/cultura-lazer\/juliano-zanotelli-abre-exposicao-de-artes-inedita-depois-de-11-anos-em-florianopolis\/","title":{"rendered":"Juliano Zanotelli abre exposi\u00e7\u00e3o de artes in\u00e9dita, depois de 11 anos, em Florian\u00f3polis"},"content":{"rendered":"\n<p>O artista visual e jornalista Juliano Zanotelli apresenta, depois de 11 anos, uma exposi\u00e7\u00e3o in\u00e9dita no Luz Instala\u00e7\u00e3o Bar, em Florian\u00f3polis.&nbsp; A abertura da mostra &#8220;Play na Luz\u201d, ser\u00e1 nesta quarta-feira, 9 de abril, a partir das 19h. A entrada \u00e9 gratuita.<\/p>\n\n\n\n<p>Premiado no III SNAP &#8211; Sal\u00e3o de Novos Artistas em Chapec\u00f3, em 2008, e classificado em segundo lugar na primeira edi\u00e7\u00e3o do Pr\u00eamio Alian\u00e7a Francesa de Arte Contempor\u00e2nea, em 2014, em Florian\u00f3polis, Juliano j\u00e1 realizou exposi\u00e7\u00f5es em Florian\u00f3polis, Chapec\u00f3, Jaragu\u00e1 do Sul, Blumenau, Joinville, Rio de Janeiro, entre outras cidades. Destaque para a coletiva \u201cUm Espelho no Acervo\u201d, com curadoria de Fernando Lindote, mostra que reuniu 10 artistas catarinenses no Museu de Artes de Santa Catarina (MASC), em 2009.<\/p>\n\n\n\n<p>A curadoria da nova exposi\u00e7\u00e3o \u00e9 de Maristela M\u00fcller, artista e s\u00f3cia do bar na capital catarinense, junto do artista Rodrigo L\u00e9vel. \u201cQueria ter feito essa exposi\u00e7\u00e3o em 2024, mas, n\u00e3o rolou. E durante um papo com a Mari e o L\u00e9vel no come\u00e7o do ano surgiu o convite. Confesso que na hora fiquei pensativo, mas a provoca\u00e7\u00e3o feita por eles, que s\u00e3o dois artistas que admiro muito, fez com que meu lado artista visual voltasse \u00e0 tona, e c\u00e1 estou\u201d, destaca Juliano.<\/p>\n\n\n\n<p>A mostra faz uma brincadeira com a palavra Play, do ingl\u00eas jogar, e com o Play de Playmobil, boneco usado pelo artista desde 2007, na cria\u00e7\u00e3o das obras. \u201cEsse boneco marcou a minha e a inf\u00e2ncia de muita gente. Quando decidi entrar no mundo das artes, lembro que a Fabiana Wielewicki e o Fernando Lindote, foram os primeiros a conhecer de perto as minhas fotografias. Sem d\u00favidas, muito do que apresentei nesses quase 20 anos, tem inspira\u00e7\u00e3o e orienta\u00e7\u00e3o deles\u201d, compartilha o artista.<\/p>\n\n\n\n<figure class=\"wp-block-image size-large is-resized\"><img fetchpriority=\"high\" decoding=\"async\" width=\"819\" height=\"1024\" src=\"https:\/\/cidadenoar.com\/wp-content\/uploads\/sites\/22\/2025\/04\/convite-feed-Play-na-Luz-819x1024.jpg\" alt=\"\" class=\"wp-image-2312\" style=\"width:424px;height:auto\" title=\"\" srcset=\"https:\/\/cidadenoar.com\/global\/wp-content\/uploads\/sites\/22\/2025\/04\/convite-feed-Play-na-Luz-819x1024.jpg 819w, https:\/\/cidadenoar.com\/global\/wp-content\/uploads\/sites\/22\/2025\/04\/convite-feed-Play-na-Luz-240x300.jpg 240w, https:\/\/cidadenoar.com\/global\/wp-content\/uploads\/sites\/22\/2025\/04\/convite-feed-Play-na-Luz-768x960.jpg 768w, https:\/\/cidadenoar.com\/global\/wp-content\/uploads\/sites\/22\/2025\/04\/convite-feed-Play-na-Luz.jpg 1080w\" sizes=\"(max-width: 819px) 100vw, 819px\" \/><\/figure>\n\n\n\n<p><strong>*Mem\u00f3rias de inf\u00e2ncia*<\/strong><\/p>\n\n\n\n<p>Os brinquedos que viram imagens e se tornam pe\u00e7as de jogos s\u00e3o caracter\u00edsticas presentes nos trabalhos do artista. \u201cEm 2008 apresentei a exposi\u00e7\u00e3o Mem\u00f3rias|Sair\u00f3mem em Chapec\u00f3 e em 2009 na Funda\u00e7\u00e3o Cultural BADESC, em Florian\u00f3polis. Foi a\u00ed que comecei a utilizar fotografias para estampar jogos de tabuleiro e agora ganham uma nova \u2018luz\u2019 nessa exposi\u00e7\u00e3o\u201d, compartilha Juliano.<\/p>\n\n\n\n<p>Em \u201cPlay na Luz\u201d, os visitantes v\u00e3o poder brincar e interagir com as obras. Ser\u00e3o apresentados jogos da mem\u00f3ria, jogo da velha, liga-liga, quebra-cabe\u00e7a confeccionados em madeira e estampados com fotografias de bonecos de Playmobil. Serviram de modelos para os registros os bonecos da cole\u00e7\u00e3o do artista, que est\u00e3o presentes desde a inf\u00e2ncia, bem como presentes recebidos ao longo do ano por amigos e alguns que ele recebeu diretamente da f\u00e1brica do brinquedo na Alemanha. A mostra vai ter ainda um bate-bate e um bilboqu\u00ea estilizado para que o p\u00fablico possa testar suas habilidades.<\/p>\n\n\n\n<p>O Luz Instala\u00e7\u00e3o Bar fica na Rua Ant\u00f4nio (Nico) Luz, 211, no Centro de Florian\u00f3polis\/SC e a visita\u00e7\u00e3o poder\u00e1 ser feita at\u00e9 16 de maio de 2025, de quarta a s\u00e1bado, das 18h \u00e0 meia-noite.<\/p>\n\n\n\n<p><strong>Servi\u00e7o: &#8220;Play na Luz\u201d, de Juliano Zanotelli<\/strong><\/p>\n\n\n\n<p>Abertura: 9 de abril \u2013 quarta-feira, \u00e0s 19h<\/p>\n\n\n\n<p>Local: Luz Instala\u00e7\u00e3o Bar (Rua Ant\u00f4nio (Nico) Luz, 211, Centro &#8211; Florian\u00f3polis\/SC)<\/p>\n\n\n\n<p>Visita\u00e7\u00e3o: at\u00e9 16 de maio \u2013 de quarta a s\u00e1bado, das 18h \u00e0s meia-noite<\/p>\n\n\n\n<p>Entrada gratuita&nbsp;<\/p>\n","protected":false},"excerpt":{"rendered":"<p>\u201cPlay na Luz\u201d abre na quarta-feira, dia 9 de abril, no Luz Instala\u00e7\u00e3o Bar, no Centro da capital catarinense<\/p>\n","protected":false},"author":23,"featured_media":2311,"comment_status":"open","ping_status":"open","sticky":false,"template":"","format":"standard","meta":{"footnotes":""},"categories":[360],"tags":[148,149],"class_list":["post-2310","post","type-post","status-publish","format-standard","has-post-thumbnail","hentry","category-cultura-lazer","tag-arte","tag-juliano-zanotelli"],"_links":{"self":[{"href":"https:\/\/cidadenoar.com\/global\/wp-json\/wp\/v2\/posts\/2310","targetHints":{"allow":["GET"]}}],"collection":[{"href":"https:\/\/cidadenoar.com\/global\/wp-json\/wp\/v2\/posts"}],"about":[{"href":"https:\/\/cidadenoar.com\/global\/wp-json\/wp\/v2\/types\/post"}],"author":[{"embeddable":true,"href":"https:\/\/cidadenoar.com\/global\/wp-json\/wp\/v2\/users\/23"}],"replies":[{"embeddable":true,"href":"https:\/\/cidadenoar.com\/global\/wp-json\/wp\/v2\/comments?post=2310"}],"version-history":[{"count":0,"href":"https:\/\/cidadenoar.com\/global\/wp-json\/wp\/v2\/posts\/2310\/revisions"}],"wp:featuredmedia":[{"embeddable":true,"href":"https:\/\/cidadenoar.com\/global\/wp-json\/wp\/v2\/media\/2311"}],"wp:attachment":[{"href":"https:\/\/cidadenoar.com\/global\/wp-json\/wp\/v2\/media?parent=2310"}],"wp:term":[{"taxonomy":"category","embeddable":true,"href":"https:\/\/cidadenoar.com\/global\/wp-json\/wp\/v2\/categories?post=2310"},{"taxonomy":"post_tag","embeddable":true,"href":"https:\/\/cidadenoar.com\/global\/wp-json\/wp\/v2\/tags?post=2310"}],"curies":[{"name":"wp","href":"https:\/\/api.w.org\/{rel}","templated":true}]}}