{"id":2329,"date":"2025-04-09T16:18:39","date_gmt":"2025-04-09T19:18:39","guid":{"rendered":"https:\/\/cidadenoar.com\/?p=2329"},"modified":"2025-07-26T17:42:48","modified_gmt":"2025-07-26T20:42:48","slug":"surreal-festival-sublime-ira-reunir-lendas-e-novos-talentos-da-musica-eletronica-em-camboriu","status":"publish","type":"post","link":"https:\/\/cidadenoar.com\/global\/cultura-lazer\/surreal-festival-sublime-ira-reunir-lendas-e-novos-talentos-da-musica-eletronica-em-camboriu\/","title":{"rendered":"Surreal Festival: Sublime ir\u00e1 reunir lendas e novos talentos da m\u00fasica eletr\u00f4nica em Cambori\u00fa"},"content":{"rendered":"\n<p>No dia 19 de abril, s\u00e1bado, o <strong>Surreal Festival: Sublime<\/strong> promete ser uma das noites mais inesquec\u00edveis do calend\u00e1rio do <strong>Surreal Park<\/strong>, o maior clube do mundo, localizado em Cambori\u00fa (SC). O superclub ser\u00e1 palco de uma experi\u00eancia sonora e visual que, de acordo com a organiza\u00e7\u00e3o, promete marcar a hist\u00f3ria da m\u00fasica eletr\u00f4nica no Brasil.<\/p>\n\n\n\n<p>O evento ter\u00e1 como um dos headliners ningu\u00e9m menos que <strong>Armand Van Helden<\/strong>, uma lenda da m\u00fasica eletr\u00f4nica mundial. O DJ e produtor norte-americano \u00e9 respons\u00e1vel pelo hit <strong>\u201cU Don\u2019t Know Me\u201d<\/strong>, uma das faixas mais emblem\u00e1ticas da hist\u00f3ria do house. Sua energia e habilidade de conectar o p\u00fablico com sua m\u00fasica s\u00e3o incompar\u00e1veis.&nbsp;<\/p>\n\n\n\n<p>Outra atra\u00e7\u00e3o do festival, o franc\u00eas <strong>S\u00e9bastien L\u00e9ger<\/strong>, \u00e9 uma das maiores refer\u00eancias no mundo do techno progressivo. Conhecido por suas produ\u00e7\u00f5es que mesclam groove e melodia de forma \u00fanica, L\u00e9ger &#8211; segundo seus seguidores &#8211; \u00e9 capaz de criar sets que fazem o p\u00fablico flutuar em um estado de transe.<\/p>\n\n\n\n<p><strong>Renato Ratier<\/strong>, principal nome por tr\u00e1s do Surreal Park, tamb\u00e9m marcar\u00e1 presen\u00e7a no line-up. J\u00e1 <strong>MoBlack<\/strong> traz o melhor do afro house, g\u00eanero que ganhou destaque mundial nos \u00faltimos anos. Com seu ic\u00f4nico hit <strong>\u201cYamore\u201d<\/strong>, que mistura ritmos africanos com o house moderno, o DJ e produtor italiano vai fazer o p\u00fablico dan\u00e7ar at\u00e9 o amanhecer. Al\u00e9m disso, o selo MoBlack Records, criado por ele, \u00e9 uma das maiores refer\u00eancias no g\u00eanero, trazendo novos talentos e sonoridades inovadoras para a cena global.<\/p>\n\n\n\n<p><strong>Novos talentos<\/strong><\/p>\n\n\n\n<p>A nova gera\u00e7\u00e3o da m\u00fasica eletr\u00f4nica tamb\u00e9m estar\u00e1 bem representada. <strong>Facundo Mohrr<\/strong>, o argentino que vem conquistando as pistas com seu progressive house \u00fanico, e <strong>Bora Uzer<\/strong>, o turco especialista em criar viagens sonoras profundas e imersivas, s\u00e3o duas das grandes promessas que prometem emocionar os f\u00e3s com suas performances.<\/p>\n\n\n\n<p>O Surreal Festival ser\u00e1 realizado em quatro pistas do superclub (Nomad, Bells, Raw Room e Church), oferecendo uma experi\u00eancia diversificada e imersiva para todos os gostos, explorando as m\u00faltiplas facetas da m\u00fasica eletr\u00f4nica.Os ingressos j\u00e1 est\u00e3o \u00e0 venda e podem ser adquiridos pela <a href=\"https:\/\/www.ingresse.com\/19-abril-festival-surreal-sublime\/\" target=\"_blank\" rel=\"noopener\">plataforma Ingresse<\/a>.<\/p>\n","protected":false},"excerpt":{"rendered":"<p>Cambori\u00fa recebe Armand Van Helden, S\u00e9bastien L\u00e9ger, MoBlack e outros grandes nomes da m\u00fasica eletr\u00f4nica<\/p>\n","protected":false},"author":23,"featured_media":2332,"comment_status":"open","ping_status":"open","sticky":false,"template":"","format":"standard","meta":{"footnotes":""},"categories":[360],"tags":[153,154,155,152,150,151],"class_list":["post-2329","post","type-post","status-publish","format-standard","has-post-thumbnail","hentry","category-cultura-lazer","tag-camboriu","tag-djs","tag-renato-ratier","tag-sc","tag-surreal","tag-surrealpark"],"_links":{"self":[{"href":"https:\/\/cidadenoar.com\/global\/wp-json\/wp\/v2\/posts\/2329","targetHints":{"allow":["GET"]}}],"collection":[{"href":"https:\/\/cidadenoar.com\/global\/wp-json\/wp\/v2\/posts"}],"about":[{"href":"https:\/\/cidadenoar.com\/global\/wp-json\/wp\/v2\/types\/post"}],"author":[{"embeddable":true,"href":"https:\/\/cidadenoar.com\/global\/wp-json\/wp\/v2\/users\/23"}],"replies":[{"embeddable":true,"href":"https:\/\/cidadenoar.com\/global\/wp-json\/wp\/v2\/comments?post=2329"}],"version-history":[{"count":0,"href":"https:\/\/cidadenoar.com\/global\/wp-json\/wp\/v2\/posts\/2329\/revisions"}],"wp:featuredmedia":[{"embeddable":true,"href":"https:\/\/cidadenoar.com\/global\/wp-json\/wp\/v2\/media\/2332"}],"wp:attachment":[{"href":"https:\/\/cidadenoar.com\/global\/wp-json\/wp\/v2\/media?parent=2329"}],"wp:term":[{"taxonomy":"category","embeddable":true,"href":"https:\/\/cidadenoar.com\/global\/wp-json\/wp\/v2\/categories?post=2329"},{"taxonomy":"post_tag","embeddable":true,"href":"https:\/\/cidadenoar.com\/global\/wp-json\/wp\/v2\/tags?post=2329"}],"curies":[{"name":"wp","href":"https:\/\/api.w.org\/{rel}","templated":true}]}}