{"id":2336,"date":"2025-04-09T16:52:58","date_gmt":"2025-04-09T19:52:58","guid":{"rendered":"https:\/\/cidadenoar.com\/?p=2336"},"modified":"2025-04-09T16:53:01","modified_gmt":"2025-04-09T19:53:01","slug":"nadine-vandresen-e-homenageada-no-evento-mulheres-que-inspiram","status":"publish","type":"post","link":"https:\/\/cidadenoar.com\/global\/saude-bem%e2%80%91estar\/nadine-vandresen-e-homenageada-no-evento-mulheres-que-inspiram\/","title":{"rendered":"Nadine Vandresen \u00e9 homenageada no evento Mulheres que Inspiram"},"content":{"rendered":"\n<p>Na \u00faltima quarta-feira, 2, o evento Mulheres que Inspiram, realizado na DVA Mercedes-Benz, em Blumenau, teve suas inscri\u00e7\u00f5es esgotadas, reunindo cerca de 200 mulheres. Entre as convidadas especiais, esteve a dermatologista Nadine Vandresen, CEO do Grupo NV, que compartilhou sua trajet\u00f3ria e insights sobre sa\u00fade, gen\u00e9tica e longevidade \u2013 pilares fundamentais da abordagem hol\u00edstica de sua cl\u00ednica. Com uma vis\u00e3o integrada, que vai al\u00e9m da est\u00e9tica superficial, Nadine destacou como esses fatores impactam diretamente o bem-estar e a autoestima, refor\u00e7ando a import\u00e2ncia do cuidado de dentro para fora.<\/p>\n\n\n\n<p>Durante sua palestra, a m\u00e9dica dermatologista enfatizou a necessidade de um tratamento global e cont\u00ednuo, respeitando a gen\u00e9tica e as particularidades de cada paciente. Essa filosofia \u00e9 a base do trabalho desenvolvido na cl\u00ednica NV, que re\u00fane uma equipe altamente qualificada, incluindo a ginecologista Caroline Leal, especializada em sa\u00fade da mulher e reposi\u00e7\u00e3o hormonal, dermatologista Lara Ruschel, m\u00e9dica integrativa funcional Daniela Alves Salvador, nutricionista Ana Paula Elias e Lucas Morastoni, m\u00e9dico especialista em transplante. Juntos, esses profissionais oferecem uma abordagem integrada para longevidade e rejuvenescimento.<\/p>\n\n\n\n<p>Recentemente, Nadine recebeu um convite para representar o Brasil no AMWC 2025, em M\u00f4naco, um dos congressos mais prestigiados da medicina est\u00e9tica mundial. Em mar\u00e7o durante o evento, apresentou suas t\u00e9cnicas exclusivas para o rejuvenescimento do ter\u00e7o superior da face e anunciou um protocolo in\u00e9dito para o tratamento do lipedema, uma condi\u00e7\u00e3o inflamat\u00f3ria cr\u00f4nica que afeta muitas mulheres. Esse reconhecimento internacional refor\u00e7a seu papel como uma das maiores refer\u00eancias em est\u00e9tica no Brasil, especialmente no sul do pa\u00eds, onde sua cl\u00ednica se destaca como l\u00edder no segmento.<\/p>\n\n\n\n<p>O Mulheres que Inspiram tamb\u00e9m prestou homenagem \u00e0s mulheres que tiveram suas hist\u00f3rias destacadas ao longo da campanha do projeto, reconhecendo suas contribui\u00e7\u00f5es \u00e0 sociedade. Al\u00e9m de Nadine, o evento contou com a presen\u00e7a de personalidades como Mait\u00ea Lang, fundadora da Nugali, e Susymeri Ogliari, diretora da Toalhas Atl\u00e2ntica. Durante sua participa\u00e7\u00e3o, Nadine refor\u00e7ou a import\u00e2ncia de dar voz \u00e0s mulheres, incentivando-as a explorar seu potencial m\u00e1ximo e conquistar seus objetivos. Sua presen\u00e7a e a troca de experi\u00eancias com outras l\u00edderes demonstram seu papel n\u00e3o apenas como refer\u00eancia na medicina est\u00e9tica, mas tamb\u00e9m como agente de transforma\u00e7\u00e3o no cen\u00e1rio empresarial brasileiro.<\/p>\n\n\n\n<p>\u201cOntem vivi um momento muito especial no evento Mulheres que Inspiram. Ao lado de convidadas brilhantes, compartilhamos nossas hist\u00f3rias, desafios e conquistas como empres\u00e1rias e m\u00e3es na atualidade. Falei sobre sa\u00fade, gen\u00e9tica e longevidade para um grupo seleto de mulheres incr\u00edveis, em uma troca rica e inspiradora. E, para minha surpresa, ainda fui homenageada \u2013 um reconhecimento que me deixou profundamente honrada\u201d, destaca a m\u00e9dica dermatologista.<\/p>\n\n\n\n<p>Esse reconhecimento consolida ainda mais o legado de Nadine Vandresen como uma profissional refer\u00eancia na \u00e1rea, destacando-se n\u00e3o apenas em tratamentos est\u00e9ticos de ponta, mas tamb\u00e9m em uma abordagem integral e humanizada, com foco na sa\u00fade e no bem-estar feminino.<\/p>\n","protected":false},"excerpt":{"rendered":"<p>CEO do Grupo NV compartilha insights sobre sa\u00fade, gen\u00e9tica e longevidade, destacando sua contribui\u00e7\u00e3o \u00e0 medicina est\u00e9tica e ao empreendedorismo feminino<\/p>\n","protected":false},"author":23,"featured_media":2337,"comment_status":"open","ping_status":"open","sticky":false,"template":"","format":"standard","meta":{"footnotes":""},"categories":[19],"tags":[],"class_list":["post-2336","post","type-post","status-publish","format-standard","has-post-thumbnail","hentry","category-saude-bemestar"],"_links":{"self":[{"href":"https:\/\/cidadenoar.com\/global\/wp-json\/wp\/v2\/posts\/2336","targetHints":{"allow":["GET"]}}],"collection":[{"href":"https:\/\/cidadenoar.com\/global\/wp-json\/wp\/v2\/posts"}],"about":[{"href":"https:\/\/cidadenoar.com\/global\/wp-json\/wp\/v2\/types\/post"}],"author":[{"embeddable":true,"href":"https:\/\/cidadenoar.com\/global\/wp-json\/wp\/v2\/users\/23"}],"replies":[{"embeddable":true,"href":"https:\/\/cidadenoar.com\/global\/wp-json\/wp\/v2\/comments?post=2336"}],"version-history":[{"count":0,"href":"https:\/\/cidadenoar.com\/global\/wp-json\/wp\/v2\/posts\/2336\/revisions"}],"wp:featuredmedia":[{"embeddable":true,"href":"https:\/\/cidadenoar.com\/global\/wp-json\/wp\/v2\/media\/2337"}],"wp:attachment":[{"href":"https:\/\/cidadenoar.com\/global\/wp-json\/wp\/v2\/media?parent=2336"}],"wp:term":[{"taxonomy":"category","embeddable":true,"href":"https:\/\/cidadenoar.com\/global\/wp-json\/wp\/v2\/categories?post=2336"},{"taxonomy":"post_tag","embeddable":true,"href":"https:\/\/cidadenoar.com\/global\/wp-json\/wp\/v2\/tags?post=2336"}],"curies":[{"name":"wp","href":"https:\/\/api.w.org\/{rel}","templated":true}]}}