{"id":2349,"date":"2025-04-10T16:53:05","date_gmt":"2025-04-10T19:53:05","guid":{"rendered":"https:\/\/cidadenoar.com\/?p=2349"},"modified":"2025-04-10T16:57:35","modified_gmt":"2025-04-10T19:57:35","slug":"fort-atacadista-se-prepara-para-a-pascoa-2025-com-lojas-decoradas-e-facilidades-para-os-clientes","status":"publish","type":"post","link":"https:\/\/cidadenoar.com\/global\/opiniao\/fort-atacadista-se-prepara-para-a-pascoa-2025-com-lojas-decoradas-e-facilidades-para-os-clientes\/","title":{"rendered":"Fort Atacadista se prepara para a P\u00e1scoa 2025 com lojas decoradas e facilidades para os clientes"},"content":{"rendered":"\n<p>A P\u00e1scoa j\u00e1 chegou ao <a href=\"https:\/\/www.fortatacadista.com.br\/\" target=\"_blank\" rel=\"noopener\">Fort Atacadista<\/a>, rede de atacarejo do Grupo Pereira, s\u00e9timo maior grupo supermercadista do Brasil e l\u00edder no segmento em Santa Catarina. As lojas da rede j\u00e1 est\u00e3o totalmente decoradas para a celebra\u00e7\u00e3o e repletas de op\u00e7\u00f5es para os consumidores que desejam garantir os chocolates e demais produtos t\u00edpicos da data com praticidade e economia. Somente em SC, j\u00e1 s\u00e3o 40 unidades do Fort espalhadas por todo o estado.<\/p>\n\n\n\n<p>Nas g\u00f4ndolas, os clientes encontram uma ampla variedade de chocolates para todos os gostos, desde os tradicionais ovos ao leite, meio amargo e branco at\u00e9 barras para produ\u00e7\u00e3o caseira, caixas de bombons e doces sortidos. Al\u00e9m dos chocolates, o Fort Atacadista tamb\u00e9m oferece uma sele\u00e7\u00e3o especial de produtos para complementar as comemora\u00e7\u00f5es, como pescados, azeites, espumantes e vinhos, ideais para harmonizar com os pratos t\u00edpicos da P\u00e1scoa ou presentear amigos e familiares.<\/p>\n\n\n\n<p>Entre os destaques da linha de produtos, o Fort Atacadista disponibiliza chocolates e ovos de P\u00e1scoa importados, como os da marca italiana Monte Allegro, al\u00e9m de uma variedade de vinhos e azeites para aqueles que buscam sofistica\u00e7\u00e3o e qualidade nas celebra\u00e7\u00f5es.<\/p>\n\n\n\n<p>\u201cA P\u00e1scoa \u00e9 uma data muito especial para os consumidores e para n\u00f3s do varejo, e, mais uma vez, o nosso compromisso \u00e9 garantir que nossos clientes possam celebrar essa \u00e9poca com qualidade, com um sortimento expressivo de itens para agradar a todos os gostos e pre\u00e7os acess\u00edveis. Contamos com uma ampla sele\u00e7\u00e3o de marcas, entre nacionais e importadas, algumas inclusive de importa\u00e7\u00e3o pr\u00f3pria do Fort, al\u00e9m de uma carta robusta de vinhos, azeites e pescados para complementar as refei\u00e7\u00f5es tradicionais das comemora\u00e7\u00f5es. E as condi\u00e7\u00f5es facilitadas de pagamento atrav\u00e9s do cart\u00e3o pr\u00f3prio do Grupo Pereira, o Vuon Card, sem d\u00favida fazem a diferen\u00e7a\u201d, destaca Gustavo Cust\u00f3dio, gerente de marketing do Fort Atacadista.&nbsp;<\/p>\n\n\n\n<p><strong>Pagamento facilitado<\/strong><\/p>\n\n\n\n<p>Para tornar as compras ainda mais acess\u00edveis, h\u00e1 uma s\u00e9rie de pre\u00e7os ainda mais baixos exclusivos para compras no Vuon Card. \u00c9 o \u201cterceiro pre\u00e7o\u201d, como a rede costuma divulgar, afinal para uma parte significativa dos itens h\u00e1 um pre\u00e7o para compra no varejo, um pre\u00e7o para compra no atacado e um terceiro pre\u00e7o (ainda mais barato) para quem efetuar as compras no Vuon.<\/p>\n\n\n\n<p>At\u00e9 a P\u00e1scoa, os itens alusivos \u00e0 celebra\u00e7\u00e3o podem ser parcelados em at\u00e9 10 vezes sem juros no <a href=\"https:\/\/www.vuon.com.br\/\" target=\"_blank\" rel=\"noopener\">Vuon Card<\/a>. A condi\u00e7\u00e3o especial vale tanto para consumidores do lar quanto para comerciantes, com parcela m\u00ednima de R$15,00.&nbsp;<\/p>\n","protected":false},"excerpt":{"rendered":"<p>Rede conta com diversas op\u00e7\u00f5es, como chocolates, vinhos, espumantes e pescados a pre\u00e7os acess\u00edveis e parcelamento em at\u00e9 10 vezes sem juros no Vuon Card<\/p>\n","protected":false},"author":23,"featured_media":2350,"comment_status":"open","ping_status":"open","sticky":false,"template":"","format":"standard","meta":{"footnotes":""},"categories":[10],"tags":[112,162,164],"class_list":["post-2349","post","type-post","status-publish","format-standard","has-post-thumbnail","hentry","category-opiniao","tag-fort-atacadista","tag-pascoa","tag-promocao"],"_links":{"self":[{"href":"https:\/\/cidadenoar.com\/global\/wp-json\/wp\/v2\/posts\/2349","targetHints":{"allow":["GET"]}}],"collection":[{"href":"https:\/\/cidadenoar.com\/global\/wp-json\/wp\/v2\/posts"}],"about":[{"href":"https:\/\/cidadenoar.com\/global\/wp-json\/wp\/v2\/types\/post"}],"author":[{"embeddable":true,"href":"https:\/\/cidadenoar.com\/global\/wp-json\/wp\/v2\/users\/23"}],"replies":[{"embeddable":true,"href":"https:\/\/cidadenoar.com\/global\/wp-json\/wp\/v2\/comments?post=2349"}],"version-history":[{"count":0,"href":"https:\/\/cidadenoar.com\/global\/wp-json\/wp\/v2\/posts\/2349\/revisions"}],"wp:featuredmedia":[{"embeddable":true,"href":"https:\/\/cidadenoar.com\/global\/wp-json\/wp\/v2\/media\/2350"}],"wp:attachment":[{"href":"https:\/\/cidadenoar.com\/global\/wp-json\/wp\/v2\/media?parent=2349"}],"wp:term":[{"taxonomy":"category","embeddable":true,"href":"https:\/\/cidadenoar.com\/global\/wp-json\/wp\/v2\/categories?post=2349"},{"taxonomy":"post_tag","embeddable":true,"href":"https:\/\/cidadenoar.com\/global\/wp-json\/wp\/v2\/tags?post=2349"}],"curies":[{"name":"wp","href":"https:\/\/api.w.org\/{rel}","templated":true}]}}